{"id":1091,"date":"2018-03-26T19:13:30","date_gmt":"2018-03-26T16:13:30","guid":{"rendered":"https:\/\/www.kieliluotsi.fi\/lokikirja\/?p=1091"},"modified":"2018-04-04T10:01:39","modified_gmt":"2018-04-04T07:01:39","slug":"paasiainen-paastaa-mutta-mista","status":"publish","type":"post","link":"https:\/\/www.kieliluotsi.fi\/lokikirja\/paasiainen-paastaa-mutta-mista\/","title":{"rendered":"P\u00e4\u00e4si\u00e4inen p\u00e4\u00e4st\u00e4\u00e4 \u2013 mutta mist\u00e4?"},"content":{"rendered":"<p>P\u00e4\u00e4si\u00e4inen on kristillisess\u00e4 maailmassa t\u00e4rke\u00e4 juhla-aika. Silloin muistellaan Jeesuksen el\u00e4m\u00e4n viimeisimpi\u00e4 tapahtumia. Mutta mist\u00e4 p\u00e4\u00e4si\u00e4inen oikeastaan p\u00e4\u00e4st\u00e4\u00e4? Voivatko sit\u00e4 juhlia muutkin kuin kristityt?<\/p>\n<p><!--more--><\/p>\n<h2>Agricolan keksim\u00e4 sana<\/h2>\n<p><a href=\"https:\/\/www.kieliluotsi.fi\/lokikirja\/media\/2018\/03\/mammi-ja-pasha.jpg\"><img decoding=\"async\" loading=\"lazy\" class=\"aligncenter size-full wp-image-1092\" src=\"https:\/\/www.kieliluotsi.fi\/lokikirja\/media\/2018\/03\/mammi-ja-pasha.jpg\" alt=\"M\u00e4mmi ja pasha\" width=\"1500\" height=\"1163\" srcset=\"https:\/\/www.kieliluotsi.fi\/lokikirja\/media\/2018\/03\/mammi-ja-pasha.jpg 1500w, https:\/\/www.kieliluotsi.fi\/lokikirja\/media\/2018\/03\/mammi-ja-pasha-300x233.jpg 300w, https:\/\/www.kieliluotsi.fi\/lokikirja\/media\/2018\/03\/mammi-ja-pasha-768x595.jpg 768w, https:\/\/www.kieliluotsi.fi\/lokikirja\/media\/2018\/03\/mammi-ja-pasha-1024x794.jpg 1024w, https:\/\/www.kieliluotsi.fi\/lokikirja\/media\/2018\/03\/mammi-ja-pasha-624x484.jpg 624w\" sizes=\"(max-width: 1500px) 100vw, 1500px\" \/><\/a>Mikael Agricola k\u00e4ytti p\u00e4\u00e4si\u00e4inen-sanaa (joka siihen aikaan kirjoitettiin muodossa p\u00e4sieinen) viitatessaan paastonajan loppumiseen. P\u00e4\u00e4si\u00e4isjuhlaahan edelt\u00e4\u00e4 perinteisesti muutaman viikon paasto.<\/p>\n<p>P\u00e4\u00e4si\u00e4isen\u00e4 siis sananmukaisesti p\u00e4\u00e4st\u00e4\u00e4n paastosta ja saadaan taas sy\u00f6d\u00e4, usein jopa herkutella esimerkiksi perinteisill\u00e4 p\u00e4\u00e4si\u00e4isherkuilla m\u00e4mmill\u00e4 ja pashalla.<\/p>\n<p>Agricolan ajatus sanasta on siis melko konkreettinen. Se riemuitsee paastosta p\u00e4\u00e4semisest\u00e4.<\/p>\n<h2>Muitakin tulkintoja<\/h2>\n<p><a href=\"https:\/\/www.kieliluotsi.fi\/lokikirja\/media\/2018\/03\/risti.jpg\"><img decoding=\"async\" loading=\"lazy\" class=\"aligncenter size-full wp-image-1094\" src=\"https:\/\/www.kieliluotsi.fi\/lokikirja\/media\/2018\/03\/risti.jpg\" alt=\"Risti\" width=\"1500\" height=\"1193\" srcset=\"https:\/\/www.kieliluotsi.fi\/lokikirja\/media\/2018\/03\/risti.jpg 1500w, https:\/\/www.kieliluotsi.fi\/lokikirja\/media\/2018\/03\/risti-300x239.jpg 300w, https:\/\/www.kieliluotsi.fi\/lokikirja\/media\/2018\/03\/risti-768x611.jpg 768w, https:\/\/www.kieliluotsi.fi\/lokikirja\/media\/2018\/03\/risti-1024x814.jpg 1024w, https:\/\/www.kieliluotsi.fi\/lokikirja\/media\/2018\/03\/risti-624x496.jpg 624w\" sizes=\"(max-width: 1500px) 100vw, 1500px\" \/><\/a>P\u00e4\u00e4si\u00e4isen nimen voi ajatella tulevan my\u00f6s muista yhteyksist\u00e4, jolloin tulkinta saattaa olla abstraktimpikin.<\/p>\n<p>Yksi, melko todenn\u00e4k\u00f6inen tulkintavaihtoehto liittyy Jeesuksen k\u00e4rsimyshistoriaan. Siin\u00e4 tapauksessa p\u00e4\u00e4si\u00e4isen voi ajatella merkitsev\u00e4n sit\u00e4, ett\u00e4 ihmiskunta p\u00e4\u00e4si synneist\u00e4\u00e4n Jeesuksen kuoleman t\u00e4hden.<\/p>\n<p>My\u00f6s juutalaisten historia voi vaikuttaa asiaan: heh\u00e4n viettiv\u00e4t aikoinaan samaan vuodenaikaan suurta juhlaa Egyptin orjuudesta p\u00e4\u00e4semisens\u00e4 kunniaksi.<\/p>\n<p>P\u00e4\u00e4si\u00e4isell\u00e4 voi olla t\u00e4\u00e4ll\u00e4 Pohjolassa my\u00f6s pakanallisempi merkitys: p\u00e4\u00e4si\u00e4inen ajoittuu kev\u00e4\u00e4seen, jolloin voidaan ajatella p\u00e4\u00e4semist\u00e4 talvesta, sen kylmyydest\u00e4 ja pimeydest\u00e4.<\/p>\n<h2>P\u00e4\u00e4si\u00e4inen p\u00e4\u00e4st\u00e4\u00e4 jostakin mutta my\u00f6s johonkin<\/h2>\n<p><a href=\"https:\/\/www.kieliluotsi.fi\/lokikirja\/media\/2018\/03\/paasiaismunat.jpg\"><img decoding=\"async\" loading=\"lazy\" class=\"aligncenter size-full wp-image-1095\" src=\"https:\/\/www.kieliluotsi.fi\/lokikirja\/media\/2018\/03\/paasiaismunat.jpg\" alt=\"P\u00e4\u00e4si\u00e4ismunat\" width=\"1500\" height=\"1125\" srcset=\"https:\/\/www.kieliluotsi.fi\/lokikirja\/media\/2018\/03\/paasiaismunat.jpg 1500w, https:\/\/www.kieliluotsi.fi\/lokikirja\/media\/2018\/03\/paasiaismunat-300x225.jpg 300w, https:\/\/www.kieliluotsi.fi\/lokikirja\/media\/2018\/03\/paasiaismunat-768x576.jpg 768w, https:\/\/www.kieliluotsi.fi\/lokikirja\/media\/2018\/03\/paasiaismunat-1024x768.jpg 1024w, https:\/\/www.kieliluotsi.fi\/lokikirja\/media\/2018\/03\/paasiaismunat-624x468.jpg 624w\" sizes=\"(max-width: 1500px) 100vw, 1500px\" \/><\/a>P\u00e4\u00e4si\u00e4inen voi p\u00e4\u00e4st\u00e4\u00e4 paljosta muustakin. Se j\u00e4\u00e4 jokaisen omaan harkintaan el\u00e4m\u00e4ntilanteesta riippuen.<\/p>\n<p>Joku voi alkuvuoden tiukan dieettins\u00e4 ansiosta p\u00e4\u00e4st\u00e4 liikakiloistaan p\u00e4\u00e4si\u00e4iseen menness\u00e4, joku toinen voi p\u00e4\u00e4st\u00e4 kokonaan irti tupakasta ja kolmas voi vaikkapa saada asuntolainansa maksettua ja niin p\u00e4\u00e4st\u00e4 veloistaan.<\/p>\n<p>Mutta p\u00e4\u00e4si\u00e4isen voi ajatella my\u00f6s p\u00e4\u00e4st\u00e4v\u00e4n johonkin. Parin vapaap\u00e4iv\u00e4n ansiosta l\u00e4hes kaikki p\u00e4\u00e4sev\u00e4t pienelle p\u00e4\u00e4si\u00e4islomalle. Jo Agricolakin iloitsi siit\u00e4, ett\u00e4 p\u00e4\u00e4si\u00e4isen\u00e4 p\u00e4\u00e4see my\u00f6s herkuttelemaan paaston loppumisen kunniaksi. Ja rantakuntoon p\u00e4\u00e4seminen voi tietysti my\u00f6s olla juhlan aihe.<\/p>\n<p>Oikeastaan on siis jokaisen omassa harkinnassa, mit\u00e4 haluaa p\u00e4\u00e4si\u00e4isen\u00e4 juhlia. Mist\u00e4 tai mihin sin\u00e4 olet t\u00e4n\u00e4 p\u00e4\u00e4si\u00e4isen\u00e4 p\u00e4\u00e4ssyt?<\/p>\n<p>Olipa vastaus mik\u00e4 tahansa, Kieliluotsi toivottaa kaikille oikein hyv\u00e4\u00e4 ja rentouttavaa p\u00e4\u00e4si\u00e4ist\u00e4!<\/p>\n<div id=\"attachment_1093\" style=\"width: 1210px\" class=\"wp-caption aligncenter\"><a href=\"https:\/\/www.kieliluotsi.fi\/lokikirja\/media\/2018\/03\/paasiaiskori.jpg\"><img aria-describedby=\"caption-attachment-1093\" decoding=\"async\" loading=\"lazy\" class=\"wp-image-1093 size-full\" src=\"https:\/\/www.kieliluotsi.fi\/lokikirja\/media\/2018\/03\/paasiaiskori.jpg\" alt=\"P\u00e4\u00e4si\u00e4iskori\" width=\"1200\" height=\"900\" srcset=\"https:\/\/www.kieliluotsi.fi\/lokikirja\/media\/2018\/03\/paasiaiskori.jpg 1200w, https:\/\/www.kieliluotsi.fi\/lokikirja\/media\/2018\/03\/paasiaiskori-300x225.jpg 300w, https:\/\/www.kieliluotsi.fi\/lokikirja\/media\/2018\/03\/paasiaiskori-768x576.jpg 768w, https:\/\/www.kieliluotsi.fi\/lokikirja\/media\/2018\/03\/paasiaiskori-1024x768.jpg 1024w, https:\/\/www.kieliluotsi.fi\/lokikirja\/media\/2018\/03\/paasiaiskori-624x468.jpg 624w\" sizes=\"(max-width: 1200px) 100vw, 1200px\" \/><\/a><p id=\"caption-attachment-1093\" class=\"wp-caption-text\">Rentouttavaa p\u00e4\u00e4si\u00e4isen aikaa!<\/p><\/div>\n","protected":false},"excerpt":{"rendered":"<p>P\u00e4\u00e4si\u00e4inen on kristillisess\u00e4 maailmassa t\u00e4rke\u00e4 juhla-aika. Silloin muistellaan Jeesuksen el\u00e4m\u00e4n viimeisimpi\u00e4 tapahtumia. Mutta mist\u00e4 p\u00e4\u00e4si\u00e4inen oikeastaan p\u00e4\u00e4st\u00e4\u00e4? Voivatko sit\u00e4 juhlia muutkin kuin kristityt?<\/p>\n","protected":false},"author":3,"featured_media":1096,"comment_status":"open","ping_status":"open","sticky":false,"template":"","format":"standard","meta":[],"categories":[1],"tags":[9,59,162],"yoast_head":"<!-- This site is optimized with the Yoast SEO plugin v20.13 - https:\/\/yoast.com\/wordpress\/plugins\/seo\/ -->\n<title>P\u00e4\u00e4si\u00e4inen p\u00e4\u00e4st\u00e4\u00e4 \u2013 mutta mist\u00e4? \u2013 Kieliluotsin lokikirja<\/title>\n<meta name=\"description\" content=\"P\u00e4\u00e4si\u00e4inen on kristillisess\u00e4 maailmassa t\u00e4rke\u00e4 juhla-aika. Silloin muistellaan Jeesuksen el\u00e4m\u00e4n viimeisimpi\u00e4 tapahtumia. Mutta mist\u00e4 p\u00e4\u00e4si\u00e4inen oikeastaan p\u00e4\u00e4st\u00e4\u00e4? Voivatko sit\u00e4 juhlia muutkin kuin kristityt?\" \/>\n<meta name=\"robots\" content=\"index, follow, max-snippet:-1, max-image-preview:large, max-video-preview:-1\" \/>\n<link rel=\"canonical\" href=\"https:\/\/www.kieliluotsi.fi\/lokikirja\/paasiainen-paastaa-mutta-mista\/\" \/>\n<meta property=\"og:locale\" content=\"fi_FI\" \/>\n<meta property=\"og:type\" content=\"article\" \/>\n<meta property=\"og:title\" content=\"P\u00e4\u00e4si\u00e4inen p\u00e4\u00e4st\u00e4\u00e4 \u2013 mutta mist\u00e4? \u2013 Kieliluotsin lokikirja\" \/>\n<meta property=\"og:description\" content=\"P\u00e4\u00e4si\u00e4inen on kristillisess\u00e4 maailmassa t\u00e4rke\u00e4 juhla-aika. Silloin muistellaan Jeesuksen el\u00e4m\u00e4n viimeisimpi\u00e4 tapahtumia. Mutta mist\u00e4 p\u00e4\u00e4si\u00e4inen oikeastaan p\u00e4\u00e4st\u00e4\u00e4? Voivatko sit\u00e4 juhlia muutkin kuin kristityt?\" \/>\n<meta property=\"og:url\" content=\"https:\/\/www.kieliluotsi.fi\/lokikirja\/paasiainen-paastaa-mutta-mista\/\" \/>\n<meta property=\"og:site_name\" content=\"Kieliluotsin lokikirja\" \/>\n<meta property=\"article:published_time\" content=\"2018-03-26T16:13:30+00:00\" \/>\n<meta property=\"article:modified_time\" content=\"2018-04-04T07:01:39+00:00\" \/>\n<meta property=\"og:image\" content=\"https:\/\/www.kieliluotsi.fi\/lokikirja\/media\/2018\/03\/paasiaiskori-artikkelikuva.jpg\" \/>\n\t<meta property=\"og:image:width\" content=\"1000\" \/>\n\t<meta property=\"og:image:height\" content=\"877\" \/>\n\t<meta property=\"og:image:type\" content=\"image\/jpeg\" \/>\n<meta name=\"author\" content=\"Jutta Posti\" \/>\n<meta name=\"twitter:label1\" content=\"Kirjoittanut\" \/>\n\t<meta name=\"twitter:data1\" content=\"Jutta Posti\" \/>\n\t<meta name=\"twitter:label2\" content=\"Arvioitu lukuaika\" \/>\n\t<meta name=\"twitter:data2\" content=\"2 minuuttia\" \/>\n<script type=\"application\/ld+json\" class=\"yoast-schema-graph\">{\"@context\":\"https:\/\/schema.org\",\"@graph\":[{\"@type\":\"WebPage\",\"@id\":\"https:\/\/www.kieliluotsi.fi\/lokikirja\/paasiainen-paastaa-mutta-mista\/\",\"url\":\"https:\/\/www.kieliluotsi.fi\/lokikirja\/paasiainen-paastaa-mutta-mista\/\",\"name\":\"P\u00e4\u00e4si\u00e4inen p\u00e4\u00e4st\u00e4\u00e4 \u2013 mutta mist\u00e4? \u2013 Kieliluotsin lokikirja\",\"isPartOf\":{\"@id\":\"https:\/\/www.kieliluotsi.fi\/lokikirja\/#website\"},\"datePublished\":\"2018-03-26T16:13:30+00:00\",\"dateModified\":\"2018-04-04T07:01:39+00:00\",\"author\":{\"@id\":\"https:\/\/www.kieliluotsi.fi\/lokikirja\/#\/schema\/person\/be983f8146cb3edad975db1e1f487dc3\"},\"description\":\"P\u00e4\u00e4si\u00e4inen on kristillisess\u00e4 maailmassa t\u00e4rke\u00e4 juhla-aika. Silloin muistellaan Jeesuksen el\u00e4m\u00e4n viimeisimpi\u00e4 tapahtumia. Mutta mist\u00e4 p\u00e4\u00e4si\u00e4inen oikeastaan p\u00e4\u00e4st\u00e4\u00e4? Voivatko sit\u00e4 juhlia muutkin kuin kristityt?\",\"breadcrumb\":{\"@id\":\"https:\/\/www.kieliluotsi.fi\/lokikirja\/paasiainen-paastaa-mutta-mista\/#breadcrumb\"},\"inLanguage\":\"fi\",\"potentialAction\":[{\"@type\":\"ReadAction\",\"target\":[\"https:\/\/www.kieliluotsi.fi\/lokikirja\/paasiainen-paastaa-mutta-mista\/\"]}]},{\"@type\":\"BreadcrumbList\",\"@id\":\"https:\/\/www.kieliluotsi.fi\/lokikirja\/paasiainen-paastaa-mutta-mista\/#breadcrumb\",\"itemListElement\":[{\"@type\":\"ListItem\",\"position\":1,\"name\":\"Etusivu\",\"item\":\"https:\/\/www.kieliluotsi.fi\/lokikirja\/\"},{\"@type\":\"ListItem\",\"position\":2,\"name\":\"P\u00e4\u00e4si\u00e4inen p\u00e4\u00e4st\u00e4\u00e4 \u2013 mutta mist\u00e4?\"}]},{\"@type\":\"WebSite\",\"@id\":\"https:\/\/www.kieliluotsi.fi\/lokikirja\/#website\",\"url\":\"https:\/\/www.kieliluotsi.fi\/lokikirja\/\",\"name\":\"Kieliluotsin lokikirja\",\"description\":\"havaintoja kielest\u00e4 ja sen ilmi\u00f6ist\u00e4\",\"potentialAction\":[{\"@type\":\"SearchAction\",\"target\":{\"@type\":\"EntryPoint\",\"urlTemplate\":\"https:\/\/www.kieliluotsi.fi\/lokikirja\/?s={search_term_string}\"},\"query-input\":\"required name=search_term_string\"}],\"inLanguage\":\"fi\"},{\"@type\":\"Person\",\"@id\":\"https:\/\/www.kieliluotsi.fi\/lokikirja\/#\/schema\/person\/be983f8146cb3edad975db1e1f487dc3\",\"name\":\"Jutta Posti\",\"image\":{\"@type\":\"ImageObject\",\"inLanguage\":\"fi\",\"@id\":\"https:\/\/www.kieliluotsi.fi\/lokikirja\/#\/schema\/person\/image\/\",\"url\":\"https:\/\/www.kieliluotsi.fi\/lokikirja\/media\/2017\/11\/Jutta-Posti_avatar_1511473595-96x96.jpg\",\"contentUrl\":\"https:\/\/www.kieliluotsi.fi\/lokikirja\/media\/2017\/11\/Jutta-Posti_avatar_1511473595-96x96.jpg\",\"caption\":\"Jutta Posti\"},\"description\":\"Jutta Posti (FM) on haminalainen humanisti ja kielifriikki. H\u00e4n on kielipalveluja tarjoavan Kieliluotsin perustaja ja kieliasiantuntija.\",\"sameAs\":[\"https:\/\/www.kieliluotsi.fi\"],\"url\":\"https:\/\/www.kieliluotsi.fi\/lokikirja\/author\/jutta_jarvansalo\/\"}]}<\/script>\n<!-- \/ Yoast SEO plugin. -->","yoast_head_json":{"title":"P\u00e4\u00e4si\u00e4inen p\u00e4\u00e4st\u00e4\u00e4 \u2013 mutta mist\u00e4? \u2013 Kieliluotsin lokikirja","description":"P\u00e4\u00e4si\u00e4inen on kristillisess\u00e4 maailmassa t\u00e4rke\u00e4 juhla-aika. Silloin muistellaan Jeesuksen el\u00e4m\u00e4n viimeisimpi\u00e4 tapahtumia. Mutta mist\u00e4 p\u00e4\u00e4si\u00e4inen oikeastaan p\u00e4\u00e4st\u00e4\u00e4? Voivatko sit\u00e4 juhlia muutkin kuin kristityt?","robots":{"index":"index","follow":"follow","max-snippet":"max-snippet:-1","max-image-preview":"max-image-preview:large","max-video-preview":"max-video-preview:-1"},"canonical":"https:\/\/www.kieliluotsi.fi\/lokikirja\/paasiainen-paastaa-mutta-mista\/","og_locale":"fi_FI","og_type":"article","og_title":"P\u00e4\u00e4si\u00e4inen p\u00e4\u00e4st\u00e4\u00e4 \u2013 mutta mist\u00e4? \u2013 Kieliluotsin lokikirja","og_description":"P\u00e4\u00e4si\u00e4inen on kristillisess\u00e4 maailmassa t\u00e4rke\u00e4 juhla-aika. Silloin muistellaan Jeesuksen el\u00e4m\u00e4n viimeisimpi\u00e4 tapahtumia. Mutta mist\u00e4 p\u00e4\u00e4si\u00e4inen oikeastaan p\u00e4\u00e4st\u00e4\u00e4? Voivatko sit\u00e4 juhlia muutkin kuin kristityt?","og_url":"https:\/\/www.kieliluotsi.fi\/lokikirja\/paasiainen-paastaa-mutta-mista\/","og_site_name":"Kieliluotsin lokikirja","article_published_time":"2018-03-26T16:13:30+00:00","article_modified_time":"2018-04-04T07:01:39+00:00","og_image":[{"width":1000,"height":877,"url":"https:\/\/www.kieliluotsi.fi\/lokikirja\/media\/2018\/03\/paasiaiskori-artikkelikuva.jpg","type":"image\/jpeg"}],"author":"Jutta Posti","twitter_misc":{"Kirjoittanut":"Jutta Posti","Arvioitu lukuaika":"2 minuuttia"},"schema":{"@context":"https:\/\/schema.org","@graph":[{"@type":"WebPage","@id":"https:\/\/www.kieliluotsi.fi\/lokikirja\/paasiainen-paastaa-mutta-mista\/","url":"https:\/\/www.kieliluotsi.fi\/lokikirja\/paasiainen-paastaa-mutta-mista\/","name":"P\u00e4\u00e4si\u00e4inen p\u00e4\u00e4st\u00e4\u00e4 \u2013 mutta mist\u00e4? \u2013 Kieliluotsin lokikirja","isPartOf":{"@id":"https:\/\/www.kieliluotsi.fi\/lokikirja\/#website"},"datePublished":"2018-03-26T16:13:30+00:00","dateModified":"2018-04-04T07:01:39+00:00","author":{"@id":"https:\/\/www.kieliluotsi.fi\/lokikirja\/#\/schema\/person\/be983f8146cb3edad975db1e1f487dc3"},"description":"P\u00e4\u00e4si\u00e4inen on kristillisess\u00e4 maailmassa t\u00e4rke\u00e4 juhla-aika. Silloin muistellaan Jeesuksen el\u00e4m\u00e4n viimeisimpi\u00e4 tapahtumia. Mutta mist\u00e4 p\u00e4\u00e4si\u00e4inen oikeastaan p\u00e4\u00e4st\u00e4\u00e4? Voivatko sit\u00e4 juhlia muutkin kuin kristityt?","breadcrumb":{"@id":"https:\/\/www.kieliluotsi.fi\/lokikirja\/paasiainen-paastaa-mutta-mista\/#breadcrumb"},"inLanguage":"fi","potentialAction":[{"@type":"ReadAction","target":["https:\/\/www.kieliluotsi.fi\/lokikirja\/paasiainen-paastaa-mutta-mista\/"]}]},{"@type":"BreadcrumbList","@id":"https:\/\/www.kieliluotsi.fi\/lokikirja\/paasiainen-paastaa-mutta-mista\/#breadcrumb","itemListElement":[{"@type":"ListItem","position":1,"name":"Etusivu","item":"https:\/\/www.kieliluotsi.fi\/lokikirja\/"},{"@type":"ListItem","position":2,"name":"P\u00e4\u00e4si\u00e4inen p\u00e4\u00e4st\u00e4\u00e4 \u2013 mutta mist\u00e4?"}]},{"@type":"WebSite","@id":"https:\/\/www.kieliluotsi.fi\/lokikirja\/#website","url":"https:\/\/www.kieliluotsi.fi\/lokikirja\/","name":"Kieliluotsin lokikirja","description":"havaintoja kielest\u00e4 ja sen ilmi\u00f6ist\u00e4","potentialAction":[{"@type":"SearchAction","target":{"@type":"EntryPoint","urlTemplate":"https:\/\/www.kieliluotsi.fi\/lokikirja\/?s={search_term_string}"},"query-input":"required name=search_term_string"}],"inLanguage":"fi"},{"@type":"Person","@id":"https:\/\/www.kieliluotsi.fi\/lokikirja\/#\/schema\/person\/be983f8146cb3edad975db1e1f487dc3","name":"Jutta Posti","image":{"@type":"ImageObject","inLanguage":"fi","@id":"https:\/\/www.kieliluotsi.fi\/lokikirja\/#\/schema\/person\/image\/","url":"https:\/\/www.kieliluotsi.fi\/lokikirja\/media\/2017\/11\/Jutta-Posti_avatar_1511473595-96x96.jpg","contentUrl":"https:\/\/www.kieliluotsi.fi\/lokikirja\/media\/2017\/11\/Jutta-Posti_avatar_1511473595-96x96.jpg","caption":"Jutta Posti"},"description":"Jutta Posti (FM) on haminalainen humanisti ja kielifriikki. H\u00e4n on kielipalveluja tarjoavan Kieliluotsin perustaja ja kieliasiantuntija.","sameAs":["https:\/\/www.kieliluotsi.fi"],"url":"https:\/\/www.kieliluotsi.fi\/lokikirja\/author\/jutta_jarvansalo\/"}]}},"_links":{"self":[{"href":"https:\/\/www.kieliluotsi.fi\/lokikirja\/wp-json\/wp\/v2\/posts\/1091"}],"collection":[{"href":"https:\/\/www.kieliluotsi.fi\/lokikirja\/wp-json\/wp\/v2\/posts"}],"about":[{"href":"https:\/\/www.kieliluotsi.fi\/lokikirja\/wp-json\/wp\/v2\/types\/post"}],"author":[{"embeddable":true,"href":"https:\/\/www.kieliluotsi.fi\/lokikirja\/wp-json\/wp\/v2\/users\/3"}],"replies":[{"embeddable":true,"href":"https:\/\/www.kieliluotsi.fi\/lokikirja\/wp-json\/wp\/v2\/comments?post=1091"}],"version-history":[{"count":2,"href":"https:\/\/www.kieliluotsi.fi\/lokikirja\/wp-json\/wp\/v2\/posts\/1091\/revisions"}],"predecessor-version":[{"id":1099,"href":"https:\/\/www.kieliluotsi.fi\/lokikirja\/wp-json\/wp\/v2\/posts\/1091\/revisions\/1099"}],"wp:featuredmedia":[{"embeddable":true,"href":"https:\/\/www.kieliluotsi.fi\/lokikirja\/wp-json\/wp\/v2\/media\/1096"}],"wp:attachment":[{"href":"https:\/\/www.kieliluotsi.fi\/lokikirja\/wp-json\/wp\/v2\/media?parent=1091"}],"wp:term":[{"taxonomy":"category","embeddable":true,"href":"https:\/\/www.kieliluotsi.fi\/lokikirja\/wp-json\/wp\/v2\/categories?post=1091"},{"taxonomy":"post_tag","embeddable":true,"href":"https:\/\/www.kieliluotsi.fi\/lokikirja\/wp-json\/wp\/v2\/tags?post=1091"}],"curies":[{"name":"wp","href":"https:\/\/api.w.org\/{rel}","templated":true}]}}