{"id":1122,"date":"2018-04-26T13:32:30","date_gmt":"2018-04-26T10:32:30","guid":{"rendered":"https:\/\/www.kieliluotsi.fi\/lokikirja\/?p=1122"},"modified":"2018-04-26T13:33:12","modified_gmt":"2018-04-26T10:33:12","slug":"nimi-on-iso-juttu","status":"publish","type":"post","link":"https:\/\/www.kieliluotsi.fi\/lokikirja\/nimi-on-iso-juttu\/","title":{"rendered":"Nimi on iso juttu"},"content":{"rendered":"<p>Kun maailmaan syntyy uusi ihminen, h\u00e4nelle annetaan melko pian nimi. Nimi \u2013 varsinkin etunimi \u2013 on t\u00e4rke\u00e4 osa ihmisen identiteetti\u00e4. Millainen nimi olisi objektiivisesti ajateltuna paras ja mill\u00e4 perusteella?<\/p>\n<p><!--more--><\/p>\n<h2>Tavujen m\u00e4\u00e4r\u00e4 ratkaisee<\/h2>\n<p><a href=\"https:\/\/www.kieliluotsi.fi\/lokikirja\/media\/2018\/04\/lempinimet.jpg\"><img decoding=\"async\" loading=\"lazy\" class=\"aligncenter size-full wp-image-1125\" src=\"https:\/\/www.kieliluotsi.fi\/lokikirja\/media\/2018\/04\/lempinimet.jpg\" alt=\"Lempinimet\" width=\"1200\" height=\"820\" srcset=\"https:\/\/www.kieliluotsi.fi\/lokikirja\/media\/2018\/04\/lempinimet.jpg 1200w, https:\/\/www.kieliluotsi.fi\/lokikirja\/media\/2018\/04\/lempinimet-300x205.jpg 300w, https:\/\/www.kieliluotsi.fi\/lokikirja\/media\/2018\/04\/lempinimet-768x525.jpg 768w, https:\/\/www.kieliluotsi.fi\/lokikirja\/media\/2018\/04\/lempinimet-1024x700.jpg 1024w, https:\/\/www.kieliluotsi.fi\/lokikirja\/media\/2018\/04\/lempinimet-624x426.jpg 624w\" sizes=\"(max-width: 1200px) 100vw, 1200px\" \/><\/a>Kun lapselle annetaan nimi, perusoletus on se, ett\u00e4 nime\u00e4 my\u00f6s k\u00e4ytet\u00e4\u00e4n. Nimi\u00e4 tutkittaessa on kuitenkin huomattu, ett\u00e4 monet niist\u00e4 v\u00e4\u00e4ntyv\u00e4t lempinimiksi kuin itsest\u00e4\u00e4n.<\/p>\n<p>Yleens\u00e4 sellaisen kohtalon kokevat kolme- tai useampitavuiset nimet. Tuskin kovin montaa Tapania kutsutaan Tapaniksi arkiel\u00e4m\u00e4ss\u00e4; Tapsa tai jokin muu v\u00e4\u00e4nn\u00f6s on tavallisempi. Sama ilmi\u00f6 koskee kuitenkin my\u00f6s yksitavuisia nimi\u00e4: moni Tom on Tomppa. Jos haluaa lapselleen nimen, jonka v\u00e4\u00e4ntely on ep\u00e4todenn\u00e4k\u00f6ist\u00e4, kannattaakin valita kaksitavuinen nimi.<\/p>\n<p>Ja tosiaan: tavujen m\u00e4\u00e4r\u00e4 on se ratkaiseva tekij\u00e4, ei nimen kirjainten m\u00e4\u00e4r\u00e4! Vaikka Anu-nimess\u00e4 on vain kolme kirjainta ja Martta-nimess\u00e4 tuplasti enemm\u00e4n, molemmat nimet ovat silti kaksitavuisia ja siten ainakin periaatteessa yht\u00e4 lailla turvassa v\u00e4\u00e4ntelylt\u00e4.<\/p>\n<h2>Vaikeita \u00e4\u00e4nteit\u00e4 ja diftongeja v\u00e4ltet\u00e4\u00e4n<\/h2>\n<p>Kaksitavuiset nimetk\u00e4\u00e4n eiv\u00e4t silti t\u00e4ysin varjellu v\u00e4\u00e4nn\u00f6ksilt\u00e4. Aika harva Petri on Petri vain; Pete lienee yleisin Petrin lempinimi. Miksi niin? Ilmi\u00f6 johtunee \u00e4rr\u00e4st\u00e4; Pete on helpompi \u00e4\u00e4nt\u00e4\u00e4 kuin Petri. Sama koskee diftongeja: Toivo ei ole niin napakka nimi kuin sen v\u00e4\u00e4nn\u00f6s Topi.<\/p>\n<p>Usein v\u00e4\u00e4nn\u00f6ksist\u00e4 tulee ajan my\u00f6t\u00e4 uusia nimi\u00e4. Muutama kymmenen vuotta sitten Rami oli vain v\u00e4\u00e4nn\u00f6s Raimosta; nykyisin niit\u00e4 pidet\u00e4\u00e4n erillisin\u00e4 nimin\u00e4. Nimien suosio vaihtelee vuosittain, ja joka vuosi julkaistaan lista edellisen vuoden suosituimmista nimist\u00e4.<\/p>\n<p>V\u00e4est\u00f6rekisterikeskus julkaisikin jokin aika sitten listan vuoden 2017 suosituimmista nimist\u00e4. Viime vuoden 10 suosituimmasta tyt\u00f6n etunimest\u00e4 9 on kaksitavuisia. Poikien etunimiss\u00e4 vastaava luku on 8. Lis\u00e4ksi suurimmassa osassa nimist\u00e4 on v\u00e4ltetty vaikeita \u00e4\u00e4nteit\u00e4 ja diftongeja. Ihmiset siis tuntuvat haluavan lapsilleen k\u00e4yt\u00e4nn\u00f6llisi\u00e4 nimi\u00e4!<a href=\"https:\/\/www.kieliluotsi.fi\/lokikirja\/media\/2018\/04\/top-10-etunimet-2017.png\"><img decoding=\"async\" loading=\"lazy\" class=\"aligncenter size-full wp-image-1123\" src=\"https:\/\/www.kieliluotsi.fi\/lokikirja\/media\/2018\/04\/top-10-etunimet-2017.png\" alt=\"Top 10 -etunimet 2017\" width=\"1200\" height=\"666\" srcset=\"https:\/\/www.kieliluotsi.fi\/lokikirja\/media\/2018\/04\/top-10-etunimet-2017.png 1200w, https:\/\/www.kieliluotsi.fi\/lokikirja\/media\/2018\/04\/top-10-etunimet-2017-300x167.png 300w, https:\/\/www.kieliluotsi.fi\/lokikirja\/media\/2018\/04\/top-10-etunimet-2017-768x426.png 768w, https:\/\/www.kieliluotsi.fi\/lokikirja\/media\/2018\/04\/top-10-etunimet-2017-1024x568.png 1024w, https:\/\/www.kieliluotsi.fi\/lokikirja\/media\/2018\/04\/top-10-etunimet-2017-624x346.png 624w\" sizes=\"(max-width: 1200px) 100vw, 1200px\" \/><\/a><\/p>\n<h2>Onko nimell\u00e4 v\u00e4li\u00e4?<\/h2>\n<p>Pit\u00e4\u00e4k\u00f6 nimen sitten v\u00e4ltt\u00e4m\u00e4tt\u00e4 olla k\u00e4yt\u00e4nn\u00f6llinen? Ovatko lempinimet paha asia? Ei v\u00e4ltt\u00e4m\u00e4tt\u00e4. Nimen hyvyys on t\u00e4ysin kiinni ihmisest\u00e4. Jotkut pit\u00e4v\u00e4t nimien v\u00e4\u00e4ntelyst\u00e4 ja saattavat kutsua lastaan monellakin eri nimell\u00e4. Toisten mielest\u00e4 taas nimi on kiveen hakattu; kun se on kerran p\u00e4\u00e4tetty, muita vaihtoehtoja ei ole.<\/p>\n<p>Vaikka nimi on t\u00e4rke\u00e4 osa identiteetti\u00e4, sen hyvyyden perusteluja on yht\u00e4 monta kuin ihmisi\u00e4kin. Joka tapauksessa jokainen varmasti valitsee lapselleen sen omasta mielest\u00e4\u00e4n parhaan nimen, oli se sitten muiden mielest\u00e4 millainen tahansa!<\/p>\n<div id=\"attachment_1126\" style=\"width: 1210px\" class=\"wp-caption aligncenter\"><a href=\"https:\/\/www.kieliluotsi.fi\/lokikirja\/media\/2018\/04\/nimikirja.jpg\"><img aria-describedby=\"caption-attachment-1126\" decoding=\"async\" loading=\"lazy\" class=\"size-full wp-image-1126\" src=\"https:\/\/www.kieliluotsi.fi\/lokikirja\/media\/2018\/04\/nimikirja.jpg\" alt=\"Nimikirja\" width=\"1200\" height=\"845\" srcset=\"https:\/\/www.kieliluotsi.fi\/lokikirja\/media\/2018\/04\/nimikirja.jpg 1200w, https:\/\/www.kieliluotsi.fi\/lokikirja\/media\/2018\/04\/nimikirja-300x211.jpg 300w, https:\/\/www.kieliluotsi.fi\/lokikirja\/media\/2018\/04\/nimikirja-768x541.jpg 768w, https:\/\/www.kieliluotsi.fi\/lokikirja\/media\/2018\/04\/nimikirja-1024x721.jpg 1024w, https:\/\/www.kieliluotsi.fi\/lokikirja\/media\/2018\/04\/nimikirja-624x439.jpg 624w\" sizes=\"(max-width: 1200px) 100vw, 1200px\" \/><\/a><p id=\"caption-attachment-1126\" class=\"wp-caption-text\">My\u00f6s nimikirjoista voi olla apua sopivan nimen valitsemisessa.<\/p><\/div>\n","protected":false},"excerpt":{"rendered":"<p>Kun maailmaan syntyy uusi ihminen, h\u00e4nelle annetaan melko pian nimi. Nimi \u2013 varsinkin etunimi \u2013 on t\u00e4rke\u00e4 osa ihmisen identiteetti\u00e4. Millainen nimi olisi objektiivisesti ajateltuna paras ja mill\u00e4 perusteella?<\/p>\n","protected":false},"author":3,"featured_media":1127,"comment_status":"open","ping_status":"open","sticky":false,"template":"","format":"standard","meta":[],"categories":[1],"tags":[35,128,127,54],"yoast_head":"<!-- This site is optimized with the Yoast SEO plugin v20.13 - https:\/\/yoast.com\/wordpress\/plugins\/seo\/ -->\n<title>Nimi on iso juttu \u2013 Kieliluotsin lokikirja<\/title>\n<meta name=\"description\" content=\"Nimi \u2013 varsinkin etunimi \u2013 on t\u00e4rke\u00e4 osa ihmisen identiteetti\u00e4. Millainen nimi olisi objektiivisesti ajateltuna paras ja mill\u00e4 perusteella?\" \/>\n<meta name=\"robots\" content=\"index, follow, max-snippet:-1, max-image-preview:large, max-video-preview:-1\" \/>\n<link rel=\"canonical\" href=\"https:\/\/www.kieliluotsi.fi\/lokikirja\/nimi-on-iso-juttu\/\" \/>\n<meta property=\"og:locale\" content=\"fi_FI\" \/>\n<meta property=\"og:type\" content=\"article\" \/>\n<meta property=\"og:title\" content=\"Nimi on iso juttu \u2013 Kieliluotsin lokikirja\" \/>\n<meta property=\"og:description\" content=\"Nimi \u2013 varsinkin etunimi \u2013 on t\u00e4rke\u00e4 osa ihmisen identiteetti\u00e4. Millainen nimi olisi objektiivisesti ajateltuna paras ja mill\u00e4 perusteella?\" \/>\n<meta property=\"og:url\" content=\"https:\/\/www.kieliluotsi.fi\/lokikirja\/nimi-on-iso-juttu\/\" \/>\n<meta property=\"og:site_name\" content=\"Kieliluotsin lokikirja\" \/>\n<meta property=\"article:published_time\" content=\"2018-04-26T10:32:30+00:00\" \/>\n<meta property=\"article:modified_time\" content=\"2018-04-26T10:33:12+00:00\" \/>\n<meta property=\"og:image\" content=\"https:\/\/www.kieliluotsi.fi\/lokikirja\/media\/2018\/04\/nimikirja-artikkelikuva.jpg\" \/>\n\t<meta property=\"og:image:width\" content=\"1000\" \/>\n\t<meta property=\"og:image:height\" content=\"1000\" \/>\n\t<meta property=\"og:image:type\" content=\"image\/jpeg\" \/>\n<meta name=\"author\" content=\"Jutta Posti\" \/>\n<meta name=\"twitter:label1\" content=\"Kirjoittanut\" \/>\n\t<meta name=\"twitter:data1\" content=\"Jutta Posti\" \/>\n\t<meta name=\"twitter:label2\" content=\"Arvioitu lukuaika\" \/>\n\t<meta name=\"twitter:data2\" content=\"2 minuuttia\" \/>\n<script type=\"application\/ld+json\" class=\"yoast-schema-graph\">{\"@context\":\"https:\/\/schema.org\",\"@graph\":[{\"@type\":\"WebPage\",\"@id\":\"https:\/\/www.kieliluotsi.fi\/lokikirja\/nimi-on-iso-juttu\/\",\"url\":\"https:\/\/www.kieliluotsi.fi\/lokikirja\/nimi-on-iso-juttu\/\",\"name\":\"Nimi on iso juttu \u2013 Kieliluotsin lokikirja\",\"isPartOf\":{\"@id\":\"https:\/\/www.kieliluotsi.fi\/lokikirja\/#website\"},\"datePublished\":\"2018-04-26T10:32:30+00:00\",\"dateModified\":\"2018-04-26T10:33:12+00:00\",\"author\":{\"@id\":\"https:\/\/www.kieliluotsi.fi\/lokikirja\/#\/schema\/person\/be983f8146cb3edad975db1e1f487dc3\"},\"description\":\"Nimi \u2013 varsinkin etunimi \u2013 on t\u00e4rke\u00e4 osa ihmisen identiteetti\u00e4. Millainen nimi olisi objektiivisesti ajateltuna paras ja mill\u00e4 perusteella?\",\"breadcrumb\":{\"@id\":\"https:\/\/www.kieliluotsi.fi\/lokikirja\/nimi-on-iso-juttu\/#breadcrumb\"},\"inLanguage\":\"fi\",\"potentialAction\":[{\"@type\":\"ReadAction\",\"target\":[\"https:\/\/www.kieliluotsi.fi\/lokikirja\/nimi-on-iso-juttu\/\"]}]},{\"@type\":\"BreadcrumbList\",\"@id\":\"https:\/\/www.kieliluotsi.fi\/lokikirja\/nimi-on-iso-juttu\/#breadcrumb\",\"itemListElement\":[{\"@type\":\"ListItem\",\"position\":1,\"name\":\"Etusivu\",\"item\":\"https:\/\/www.kieliluotsi.fi\/lokikirja\/\"},{\"@type\":\"ListItem\",\"position\":2,\"name\":\"Nimi on iso juttu\"}]},{\"@type\":\"WebSite\",\"@id\":\"https:\/\/www.kieliluotsi.fi\/lokikirja\/#website\",\"url\":\"https:\/\/www.kieliluotsi.fi\/lokikirja\/\",\"name\":\"Kieliluotsin lokikirja\",\"description\":\"havaintoja kielest\u00e4 ja sen ilmi\u00f6ist\u00e4\",\"potentialAction\":[{\"@type\":\"SearchAction\",\"target\":{\"@type\":\"EntryPoint\",\"urlTemplate\":\"https:\/\/www.kieliluotsi.fi\/lokikirja\/?s={search_term_string}\"},\"query-input\":\"required name=search_term_string\"}],\"inLanguage\":\"fi\"},{\"@type\":\"Person\",\"@id\":\"https:\/\/www.kieliluotsi.fi\/lokikirja\/#\/schema\/person\/be983f8146cb3edad975db1e1f487dc3\",\"name\":\"Jutta Posti\",\"image\":{\"@type\":\"ImageObject\",\"inLanguage\":\"fi\",\"@id\":\"https:\/\/www.kieliluotsi.fi\/lokikirja\/#\/schema\/person\/image\/\",\"url\":\"https:\/\/www.kieliluotsi.fi\/lokikirja\/media\/2017\/11\/Jutta-Posti_avatar_1511473595-96x96.jpg\",\"contentUrl\":\"https:\/\/www.kieliluotsi.fi\/lokikirja\/media\/2017\/11\/Jutta-Posti_avatar_1511473595-96x96.jpg\",\"caption\":\"Jutta Posti\"},\"description\":\"Jutta Posti (FM) on haminalainen humanisti ja kielifriikki. H\u00e4n on kielipalveluja tarjoavan Kieliluotsin perustaja ja kieliasiantuntija.\",\"sameAs\":[\"https:\/\/www.kieliluotsi.fi\"],\"url\":\"https:\/\/www.kieliluotsi.fi\/lokikirja\/author\/jutta_jarvansalo\/\"}]}<\/script>\n<!-- \/ Yoast SEO plugin. -->","yoast_head_json":{"title":"Nimi on iso juttu \u2013 Kieliluotsin lokikirja","description":"Nimi \u2013 varsinkin etunimi \u2013 on t\u00e4rke\u00e4 osa ihmisen identiteetti\u00e4. Millainen nimi olisi objektiivisesti ajateltuna paras ja mill\u00e4 perusteella?","robots":{"index":"index","follow":"follow","max-snippet":"max-snippet:-1","max-image-preview":"max-image-preview:large","max-video-preview":"max-video-preview:-1"},"canonical":"https:\/\/www.kieliluotsi.fi\/lokikirja\/nimi-on-iso-juttu\/","og_locale":"fi_FI","og_type":"article","og_title":"Nimi on iso juttu \u2013 Kieliluotsin lokikirja","og_description":"Nimi \u2013 varsinkin etunimi \u2013 on t\u00e4rke\u00e4 osa ihmisen identiteetti\u00e4. Millainen nimi olisi objektiivisesti ajateltuna paras ja mill\u00e4 perusteella?","og_url":"https:\/\/www.kieliluotsi.fi\/lokikirja\/nimi-on-iso-juttu\/","og_site_name":"Kieliluotsin lokikirja","article_published_time":"2018-04-26T10:32:30+00:00","article_modified_time":"2018-04-26T10:33:12+00:00","og_image":[{"width":1000,"height":1000,"url":"https:\/\/www.kieliluotsi.fi\/lokikirja\/media\/2018\/04\/nimikirja-artikkelikuva.jpg","type":"image\/jpeg"}],"author":"Jutta Posti","twitter_misc":{"Kirjoittanut":"Jutta Posti","Arvioitu lukuaika":"2 minuuttia"},"schema":{"@context":"https:\/\/schema.org","@graph":[{"@type":"WebPage","@id":"https:\/\/www.kieliluotsi.fi\/lokikirja\/nimi-on-iso-juttu\/","url":"https:\/\/www.kieliluotsi.fi\/lokikirja\/nimi-on-iso-juttu\/","name":"Nimi on iso juttu \u2013 Kieliluotsin lokikirja","isPartOf":{"@id":"https:\/\/www.kieliluotsi.fi\/lokikirja\/#website"},"datePublished":"2018-04-26T10:32:30+00:00","dateModified":"2018-04-26T10:33:12+00:00","author":{"@id":"https:\/\/www.kieliluotsi.fi\/lokikirja\/#\/schema\/person\/be983f8146cb3edad975db1e1f487dc3"},"description":"Nimi \u2013 varsinkin etunimi \u2013 on t\u00e4rke\u00e4 osa ihmisen identiteetti\u00e4. Millainen nimi olisi objektiivisesti ajateltuna paras ja mill\u00e4 perusteella?","breadcrumb":{"@id":"https:\/\/www.kieliluotsi.fi\/lokikirja\/nimi-on-iso-juttu\/#breadcrumb"},"inLanguage":"fi","potentialAction":[{"@type":"ReadAction","target":["https:\/\/www.kieliluotsi.fi\/lokikirja\/nimi-on-iso-juttu\/"]}]},{"@type":"BreadcrumbList","@id":"https:\/\/www.kieliluotsi.fi\/lokikirja\/nimi-on-iso-juttu\/#breadcrumb","itemListElement":[{"@type":"ListItem","position":1,"name":"Etusivu","item":"https:\/\/www.kieliluotsi.fi\/lokikirja\/"},{"@type":"ListItem","position":2,"name":"Nimi on iso juttu"}]},{"@type":"WebSite","@id":"https:\/\/www.kieliluotsi.fi\/lokikirja\/#website","url":"https:\/\/www.kieliluotsi.fi\/lokikirja\/","name":"Kieliluotsin lokikirja","description":"havaintoja kielest\u00e4 ja sen ilmi\u00f6ist\u00e4","potentialAction":[{"@type":"SearchAction","target":{"@type":"EntryPoint","urlTemplate":"https:\/\/www.kieliluotsi.fi\/lokikirja\/?s={search_term_string}"},"query-input":"required name=search_term_string"}],"inLanguage":"fi"},{"@type":"Person","@id":"https:\/\/www.kieliluotsi.fi\/lokikirja\/#\/schema\/person\/be983f8146cb3edad975db1e1f487dc3","name":"Jutta Posti","image":{"@type":"ImageObject","inLanguage":"fi","@id":"https:\/\/www.kieliluotsi.fi\/lokikirja\/#\/schema\/person\/image\/","url":"https:\/\/www.kieliluotsi.fi\/lokikirja\/media\/2017\/11\/Jutta-Posti_avatar_1511473595-96x96.jpg","contentUrl":"https:\/\/www.kieliluotsi.fi\/lokikirja\/media\/2017\/11\/Jutta-Posti_avatar_1511473595-96x96.jpg","caption":"Jutta Posti"},"description":"Jutta Posti (FM) on haminalainen humanisti ja kielifriikki. H\u00e4n on kielipalveluja tarjoavan Kieliluotsin perustaja ja kieliasiantuntija.","sameAs":["https:\/\/www.kieliluotsi.fi"],"url":"https:\/\/www.kieliluotsi.fi\/lokikirja\/author\/jutta_jarvansalo\/"}]}},"_links":{"self":[{"href":"https:\/\/www.kieliluotsi.fi\/lokikirja\/wp-json\/wp\/v2\/posts\/1122"}],"collection":[{"href":"https:\/\/www.kieliluotsi.fi\/lokikirja\/wp-json\/wp\/v2\/posts"}],"about":[{"href":"https:\/\/www.kieliluotsi.fi\/lokikirja\/wp-json\/wp\/v2\/types\/post"}],"author":[{"embeddable":true,"href":"https:\/\/www.kieliluotsi.fi\/lokikirja\/wp-json\/wp\/v2\/users\/3"}],"replies":[{"embeddable":true,"href":"https:\/\/www.kieliluotsi.fi\/lokikirja\/wp-json\/wp\/v2\/comments?post=1122"}],"version-history":[{"count":3,"href":"https:\/\/www.kieliluotsi.fi\/lokikirja\/wp-json\/wp\/v2\/posts\/1122\/revisions"}],"predecessor-version":[{"id":1129,"href":"https:\/\/www.kieliluotsi.fi\/lokikirja\/wp-json\/wp\/v2\/posts\/1122\/revisions\/1129"}],"wp:featuredmedia":[{"embeddable":true,"href":"https:\/\/www.kieliluotsi.fi\/lokikirja\/wp-json\/wp\/v2\/media\/1127"}],"wp:attachment":[{"href":"https:\/\/www.kieliluotsi.fi\/lokikirja\/wp-json\/wp\/v2\/media?parent=1122"}],"wp:term":[{"taxonomy":"category","embeddable":true,"href":"https:\/\/www.kieliluotsi.fi\/lokikirja\/wp-json\/wp\/v2\/categories?post=1122"},{"taxonomy":"post_tag","embeddable":true,"href":"https:\/\/www.kieliluotsi.fi\/lokikirja\/wp-json\/wp\/v2\/tags?post=1122"}],"curies":[{"name":"wp","href":"https:\/\/api.w.org\/{rel}","templated":true}]}}