{"id":132,"date":"2014-04-09T12:07:00","date_gmt":"2014-04-09T09:07:00","guid":{"rendered":"https:\/\/www.kieliluotsi.fi\/lokikirja\/?p=132"},"modified":"2017-11-24T17:38:03","modified_gmt":"2017-11-24T15:38:03","slug":"suomen-kieli-juhlii","status":"publish","type":"post","link":"https:\/\/www.kieliluotsi.fi\/lokikirja\/suomen-kieli-juhlii\/","title":{"rendered":"Suomen kieli juhlii"},"content":{"rendered":"<p>Suomen lippu liehuu t\u00e4n\u00e4\u00e4n 9.4. lipputangoissa, mutta luultavasti harva tiet\u00e4\u00e4, mink\u00e4 vuoksi. T\u00e4n\u00e4\u00e4n on kuitenkin aihetta juhlaan: on suomen kielen p\u00e4iv\u00e4! Suomen kielen p\u00e4iv\u00e4 tuli kalentereihin jo vuonna 1978, mutta siihen ei ole koskaan liittynyt mit\u00e4\u00e4n erityispiirteit\u00e4 liputtamisen lis\u00e4ksi. Suomen kielen p\u00e4iv\u00e4n\u00e4 ei pidet\u00e4 yleens\u00e4 mink\u00e4\u00e4nlaisia juhlia, eik\u00e4 silloin sy\u00f6d\u00e4 mit\u00e4\u00e4n erityisi\u00e4 leivoksia. Se on kuin mik\u00e4 tahansa muu p\u00e4iv\u00e4, vaikka aihetta juhlaan kyll\u00e4 olisi.<\/p>\n<p><!--more--><\/p>\n<h2>Mikael Agricola \u2013 suomen kielen is\u00e4<\/h2>\n<p>Mill\u00e4 perusteella suomen kielt\u00e4 juhlistetaan juuri huhtikuun 9. p\u00e4iv\u00e4n\u00e4? Siihenkin on selitys: 9.4. on tunnettu jo 1960-luvulta asti Agricolan p\u00e4iv\u00e4n\u00e4, ja Mikael Agricolaahan tituleerataan suomen kielen is\u00e4ksi. Yleens\u00e4 suurmiesten kunniaksi vietett\u00e4v\u00e4 p\u00e4iv\u00e4 on suurmiehen syntym\u00e4p\u00e4iv\u00e4, mutta valitettavasti Agricolan tarkkaa syntym\u00e4p\u00e4iv\u00e4\u00e4 ei tiedet\u00e4. Niinp\u00e4 Agricolaa juhlitaan h\u00e4nen kuolinp\u00e4iv\u00e4n\u00e4\u00e4n. Hauska sattuma on, ett\u00e4 9.4. sattuu olemaan my\u00f6s toisen suomalaisen kielimiehen, Elias L\u00f6nnrotin, syntym\u00e4p\u00e4iv\u00e4!<\/p>\n<h2>Testaa suomen kielen taitosi<\/h2>\n<p>Ilta-Sanomat on julkaissut suomen kielen p\u00e4iv\u00e4n kunniaksi hauskan <a title=\"suomen kielen testin\" href=\"http:\/\/www.iltasanomat.fi\/kotimaa\/art-1288674517047.html?pos=ok-nln\" target=\"_blank\" rel=\"noopener\">suomen kielen testin<\/a>. Siin\u00e4 voi kokeilla, mihin omat suomen kielen taidot riitt\u00e4v\u00e4t. Testin voi halutessaan tehd\u00e4 moneen kertaan, jolloin saa laajemman kuvan kielitaidostaan. Yksi testikerta sis\u00e4lt\u00e4\u00e4 vain 10 kysymyst\u00e4, mutta kysymykset vaihtelevat eri kerroilla. Testi on hauska ja nopea tapa juhlistaa suomen kielen p\u00e4iv\u00e4\u00e4 ja samalla tarkistaa oman kielitaitonsa taso!<\/p>\n<h2>T\u00e4n\u00e4\u00e4n juhlitaan!<\/h2>\n<p>Viel\u00e4 meill\u00e4 ei ole suomen kielen p\u00e4iv\u00e4n leivosta, mutta onneksi p\u00e4iv\u00e4\u00e4 voi juhlia muutenkin. T\u00e4n\u00e4\u00e4n voimme lukea vaikkapa sellaista suomenkielist\u00e4 kirjallisuutta, jossa kielen kauneus ja\/tai nokkeluus tulevat hyvin esille, esimerkiksi runoja. Voimme t\u00e4n\u00e4\u00e4n my\u00f6s kiinnitt\u00e4\u00e4 erityist\u00e4 huomiota kirjoittamaamme suomen kieleen ja tuplavarmistaa sen olevan kieliopin mukaista. Suomen kieli kyll\u00e4 ansaitsee juhlap\u00e4iv\u00e4ns\u00e4 kerran vuodessa!<\/p>\n<div id=\"attachment_133\" style=\"width: 610px\" class=\"wp-caption aligncenter\"><a href=\"https:\/\/www.kieliluotsi.fi\/lokikirja\/media\/2014\/04\/Suomen_lippu_liehuu_suomen_kielen_paivana.jpg\"><img aria-describedby=\"caption-attachment-133\" decoding=\"async\" loading=\"lazy\" class=\"wp-image-133 size-full\" src=\"https:\/\/www.kieliluotsi.fi\/lokikirja\/media\/2014\/04\/Suomen_lippu_liehuu_suomen_kielen_paivana.jpg\" alt=\"Suomen lippu liehuu suomen kielen p\u00e4iv\u00e4n\u00e4\" width=\"600\" height=\"450\" srcset=\"https:\/\/www.kieliluotsi.fi\/lokikirja\/media\/2014\/04\/Suomen_lippu_liehuu_suomen_kielen_paivana.jpg 600w, https:\/\/www.kieliluotsi.fi\/lokikirja\/media\/2014\/04\/Suomen_lippu_liehuu_suomen_kielen_paivana-300x225.jpg 300w\" sizes=\"(max-width: 600px) 100vw, 600px\" \/><\/a><p id=\"caption-attachment-133\" class=\"wp-caption-text\">Kieliluotsi toivottaa hyv\u00e4\u00e4 suomen kielen p\u00e4iv\u00e4\u00e4 kaikille!<\/p><\/div>\n","protected":false},"excerpt":{"rendered":"<p>Suomen lippu liehuu t\u00e4n\u00e4\u00e4n 9.4. lipputangoissa, mutta luultavasti harva tiet\u00e4\u00e4, mink\u00e4 vuoksi. T\u00e4n\u00e4\u00e4n on kuitenkin aihetta juhlaan: on suomen kielen p\u00e4iv\u00e4! Suomen kielen p\u00e4iv\u00e4 tuli kalentereihin jo vuonna 1978, mutta siihen ei ole koskaan liittynyt mit\u00e4\u00e4n erityispiirteit\u00e4 liputtamisen lis\u00e4ksi. Suomen kielen p\u00e4iv\u00e4n\u00e4 ei pidet\u00e4 yleens\u00e4 mink\u00e4\u00e4nlaisia juhlia, eik\u00e4 silloin sy\u00f6d\u00e4 mit\u00e4\u00e4n erityisi\u00e4 leivoksia. Se on [&hellip;]<\/p>\n","protected":false},"author":3,"featured_media":133,"comment_status":"open","ping_status":"open","sticky":false,"template":"","format":"standard","meta":[],"categories":[1],"tags":[58,56,57,54,55],"yoast_head":"<!-- This site is optimized with the Yoast SEO plugin v20.13 - https:\/\/yoast.com\/wordpress\/plugins\/seo\/ -->\n<title>Suomen kieli juhlii \u2013 Kieliluotsin lokikirja<\/title>\n<meta name=\"description\" content=\"T\u00e4n\u00e4\u00e4n vietet\u00e4\u00e4n kauniin \u00e4idinkielemme juhlap\u00e4iv\u00e4\u00e4. Miksi suomen kieli juhlii juuri t\u00e4n\u00e4\u00e4n? Miten me suomalaiset voisimme juhlistaa suomen kielen p\u00e4iv\u00e4\u00e4?\" \/>\n<meta name=\"robots\" content=\"index, follow, max-snippet:-1, max-image-preview:large, max-video-preview:-1\" \/>\n<link rel=\"canonical\" href=\"https:\/\/www.kieliluotsi.fi\/lokikirja\/suomen-kieli-juhlii\/\" \/>\n<meta property=\"og:locale\" content=\"fi_FI\" \/>\n<meta property=\"og:type\" content=\"article\" \/>\n<meta property=\"og:title\" content=\"Suomen kieli juhlii \u2013 Kieliluotsin lokikirja\" \/>\n<meta property=\"og:description\" content=\"T\u00e4n\u00e4\u00e4n vietet\u00e4\u00e4n kauniin \u00e4idinkielemme juhlap\u00e4iv\u00e4\u00e4. Miksi suomen kieli juhlii juuri t\u00e4n\u00e4\u00e4n? Miten me suomalaiset voisimme juhlistaa suomen kielen p\u00e4iv\u00e4\u00e4?\" \/>\n<meta property=\"og:url\" content=\"https:\/\/www.kieliluotsi.fi\/lokikirja\/suomen-kieli-juhlii\/\" \/>\n<meta property=\"og:site_name\" content=\"Kieliluotsin lokikirja\" \/>\n<meta property=\"article:published_time\" content=\"2014-04-09T09:07:00+00:00\" \/>\n<meta property=\"article:modified_time\" content=\"2017-11-24T15:38:03+00:00\" \/>\n<meta property=\"og:image\" content=\"https:\/\/www.kieliluotsi.fi\/lokikirja\/media\/2014\/04\/Suomen_lippu_liehuu_suomen_kielen_paivana.jpg\" \/>\n\t<meta property=\"og:image:width\" content=\"600\" \/>\n\t<meta property=\"og:image:height\" content=\"450\" \/>\n\t<meta property=\"og:image:type\" content=\"image\/jpeg\" \/>\n<meta name=\"author\" content=\"Jutta Posti\" \/>\n<meta name=\"twitter:label1\" content=\"Kirjoittanut\" \/>\n\t<meta name=\"twitter:data1\" content=\"Jutta Posti\" \/>\n\t<meta name=\"twitter:label2\" content=\"Arvioitu lukuaika\" \/>\n\t<meta name=\"twitter:data2\" content=\"2 minuuttia\" \/>\n<script type=\"application\/ld+json\" class=\"yoast-schema-graph\">{\"@context\":\"https:\/\/schema.org\",\"@graph\":[{\"@type\":\"WebPage\",\"@id\":\"https:\/\/www.kieliluotsi.fi\/lokikirja\/suomen-kieli-juhlii\/\",\"url\":\"https:\/\/www.kieliluotsi.fi\/lokikirja\/suomen-kieli-juhlii\/\",\"name\":\"Suomen kieli juhlii \u2013 Kieliluotsin lokikirja\",\"isPartOf\":{\"@id\":\"https:\/\/www.kieliluotsi.fi\/lokikirja\/#website\"},\"datePublished\":\"2014-04-09T09:07:00+00:00\",\"dateModified\":\"2017-11-24T15:38:03+00:00\",\"author\":{\"@id\":\"https:\/\/www.kieliluotsi.fi\/lokikirja\/#\/schema\/person\/be983f8146cb3edad975db1e1f487dc3\"},\"description\":\"T\u00e4n\u00e4\u00e4n vietet\u00e4\u00e4n kauniin \u00e4idinkielemme juhlap\u00e4iv\u00e4\u00e4. Miksi suomen kieli juhlii juuri t\u00e4n\u00e4\u00e4n? Miten me suomalaiset voisimme juhlistaa suomen kielen p\u00e4iv\u00e4\u00e4?\",\"breadcrumb\":{\"@id\":\"https:\/\/www.kieliluotsi.fi\/lokikirja\/suomen-kieli-juhlii\/#breadcrumb\"},\"inLanguage\":\"fi\",\"potentialAction\":[{\"@type\":\"ReadAction\",\"target\":[\"https:\/\/www.kieliluotsi.fi\/lokikirja\/suomen-kieli-juhlii\/\"]}]},{\"@type\":\"BreadcrumbList\",\"@id\":\"https:\/\/www.kieliluotsi.fi\/lokikirja\/suomen-kieli-juhlii\/#breadcrumb\",\"itemListElement\":[{\"@type\":\"ListItem\",\"position\":1,\"name\":\"Etusivu\",\"item\":\"https:\/\/www.kieliluotsi.fi\/lokikirja\/\"},{\"@type\":\"ListItem\",\"position\":2,\"name\":\"Suomen kieli juhlii\"}]},{\"@type\":\"WebSite\",\"@id\":\"https:\/\/www.kieliluotsi.fi\/lokikirja\/#website\",\"url\":\"https:\/\/www.kieliluotsi.fi\/lokikirja\/\",\"name\":\"Kieliluotsin lokikirja\",\"description\":\"havaintoja kielest\u00e4 ja sen ilmi\u00f6ist\u00e4\",\"potentialAction\":[{\"@type\":\"SearchAction\",\"target\":{\"@type\":\"EntryPoint\",\"urlTemplate\":\"https:\/\/www.kieliluotsi.fi\/lokikirja\/?s={search_term_string}\"},\"query-input\":\"required name=search_term_string\"}],\"inLanguage\":\"fi\"},{\"@type\":\"Person\",\"@id\":\"https:\/\/www.kieliluotsi.fi\/lokikirja\/#\/schema\/person\/be983f8146cb3edad975db1e1f487dc3\",\"name\":\"Jutta Posti\",\"image\":{\"@type\":\"ImageObject\",\"inLanguage\":\"fi\",\"@id\":\"https:\/\/www.kieliluotsi.fi\/lokikirja\/#\/schema\/person\/image\/\",\"url\":\"https:\/\/www.kieliluotsi.fi\/lokikirja\/media\/2017\/11\/Jutta-Posti_avatar_1511473595-96x96.jpg\",\"contentUrl\":\"https:\/\/www.kieliluotsi.fi\/lokikirja\/media\/2017\/11\/Jutta-Posti_avatar_1511473595-96x96.jpg\",\"caption\":\"Jutta Posti\"},\"description\":\"Jutta Posti (FM) on haminalainen humanisti ja kielifriikki. H\u00e4n on kielipalveluja tarjoavan Kieliluotsin perustaja ja kieliasiantuntija.\",\"sameAs\":[\"https:\/\/www.kieliluotsi.fi\"],\"url\":\"https:\/\/www.kieliluotsi.fi\/lokikirja\/author\/jutta_jarvansalo\/\"}]}<\/script>\n<!-- \/ Yoast SEO plugin. -->","yoast_head_json":{"title":"Suomen kieli juhlii \u2013 Kieliluotsin lokikirja","description":"T\u00e4n\u00e4\u00e4n vietet\u00e4\u00e4n kauniin \u00e4idinkielemme juhlap\u00e4iv\u00e4\u00e4. Miksi suomen kieli juhlii juuri t\u00e4n\u00e4\u00e4n? Miten me suomalaiset voisimme juhlistaa suomen kielen p\u00e4iv\u00e4\u00e4?","robots":{"index":"index","follow":"follow","max-snippet":"max-snippet:-1","max-image-preview":"max-image-preview:large","max-video-preview":"max-video-preview:-1"},"canonical":"https:\/\/www.kieliluotsi.fi\/lokikirja\/suomen-kieli-juhlii\/","og_locale":"fi_FI","og_type":"article","og_title":"Suomen kieli juhlii \u2013 Kieliluotsin lokikirja","og_description":"T\u00e4n\u00e4\u00e4n vietet\u00e4\u00e4n kauniin \u00e4idinkielemme juhlap\u00e4iv\u00e4\u00e4. Miksi suomen kieli juhlii juuri t\u00e4n\u00e4\u00e4n? Miten me suomalaiset voisimme juhlistaa suomen kielen p\u00e4iv\u00e4\u00e4?","og_url":"https:\/\/www.kieliluotsi.fi\/lokikirja\/suomen-kieli-juhlii\/","og_site_name":"Kieliluotsin lokikirja","article_published_time":"2014-04-09T09:07:00+00:00","article_modified_time":"2017-11-24T15:38:03+00:00","og_image":[{"width":600,"height":450,"url":"https:\/\/www.kieliluotsi.fi\/lokikirja\/media\/2014\/04\/Suomen_lippu_liehuu_suomen_kielen_paivana.jpg","type":"image\/jpeg"}],"author":"Jutta Posti","twitter_misc":{"Kirjoittanut":"Jutta Posti","Arvioitu lukuaika":"2 minuuttia"},"schema":{"@context":"https:\/\/schema.org","@graph":[{"@type":"WebPage","@id":"https:\/\/www.kieliluotsi.fi\/lokikirja\/suomen-kieli-juhlii\/","url":"https:\/\/www.kieliluotsi.fi\/lokikirja\/suomen-kieli-juhlii\/","name":"Suomen kieli juhlii \u2013 Kieliluotsin lokikirja","isPartOf":{"@id":"https:\/\/www.kieliluotsi.fi\/lokikirja\/#website"},"datePublished":"2014-04-09T09:07:00+00:00","dateModified":"2017-11-24T15:38:03+00:00","author":{"@id":"https:\/\/www.kieliluotsi.fi\/lokikirja\/#\/schema\/person\/be983f8146cb3edad975db1e1f487dc3"},"description":"T\u00e4n\u00e4\u00e4n vietet\u00e4\u00e4n kauniin \u00e4idinkielemme juhlap\u00e4iv\u00e4\u00e4. Miksi suomen kieli juhlii juuri t\u00e4n\u00e4\u00e4n? Miten me suomalaiset voisimme juhlistaa suomen kielen p\u00e4iv\u00e4\u00e4?","breadcrumb":{"@id":"https:\/\/www.kieliluotsi.fi\/lokikirja\/suomen-kieli-juhlii\/#breadcrumb"},"inLanguage":"fi","potentialAction":[{"@type":"ReadAction","target":["https:\/\/www.kieliluotsi.fi\/lokikirja\/suomen-kieli-juhlii\/"]}]},{"@type":"BreadcrumbList","@id":"https:\/\/www.kieliluotsi.fi\/lokikirja\/suomen-kieli-juhlii\/#breadcrumb","itemListElement":[{"@type":"ListItem","position":1,"name":"Etusivu","item":"https:\/\/www.kieliluotsi.fi\/lokikirja\/"},{"@type":"ListItem","position":2,"name":"Suomen kieli juhlii"}]},{"@type":"WebSite","@id":"https:\/\/www.kieliluotsi.fi\/lokikirja\/#website","url":"https:\/\/www.kieliluotsi.fi\/lokikirja\/","name":"Kieliluotsin lokikirja","description":"havaintoja kielest\u00e4 ja sen ilmi\u00f6ist\u00e4","potentialAction":[{"@type":"SearchAction","target":{"@type":"EntryPoint","urlTemplate":"https:\/\/www.kieliluotsi.fi\/lokikirja\/?s={search_term_string}"},"query-input":"required name=search_term_string"}],"inLanguage":"fi"},{"@type":"Person","@id":"https:\/\/www.kieliluotsi.fi\/lokikirja\/#\/schema\/person\/be983f8146cb3edad975db1e1f487dc3","name":"Jutta Posti","image":{"@type":"ImageObject","inLanguage":"fi","@id":"https:\/\/www.kieliluotsi.fi\/lokikirja\/#\/schema\/person\/image\/","url":"https:\/\/www.kieliluotsi.fi\/lokikirja\/media\/2017\/11\/Jutta-Posti_avatar_1511473595-96x96.jpg","contentUrl":"https:\/\/www.kieliluotsi.fi\/lokikirja\/media\/2017\/11\/Jutta-Posti_avatar_1511473595-96x96.jpg","caption":"Jutta Posti"},"description":"Jutta Posti (FM) on haminalainen humanisti ja kielifriikki. H\u00e4n on kielipalveluja tarjoavan Kieliluotsin perustaja ja kieliasiantuntija.","sameAs":["https:\/\/www.kieliluotsi.fi"],"url":"https:\/\/www.kieliluotsi.fi\/lokikirja\/author\/jutta_jarvansalo\/"}]}},"_links":{"self":[{"href":"https:\/\/www.kieliluotsi.fi\/lokikirja\/wp-json\/wp\/v2\/posts\/132"}],"collection":[{"href":"https:\/\/www.kieliluotsi.fi\/lokikirja\/wp-json\/wp\/v2\/posts"}],"about":[{"href":"https:\/\/www.kieliluotsi.fi\/lokikirja\/wp-json\/wp\/v2\/types\/post"}],"author":[{"embeddable":true,"href":"https:\/\/www.kieliluotsi.fi\/lokikirja\/wp-json\/wp\/v2\/users\/3"}],"replies":[{"embeddable":true,"href":"https:\/\/www.kieliluotsi.fi\/lokikirja\/wp-json\/wp\/v2\/comments?post=132"}],"version-history":[{"count":7,"href":"https:\/\/www.kieliluotsi.fi\/lokikirja\/wp-json\/wp\/v2\/posts\/132\/revisions"}],"predecessor-version":[{"id":715,"href":"https:\/\/www.kieliluotsi.fi\/lokikirja\/wp-json\/wp\/v2\/posts\/132\/revisions\/715"}],"wp:featuredmedia":[{"embeddable":true,"href":"https:\/\/www.kieliluotsi.fi\/lokikirja\/wp-json\/wp\/v2\/media\/133"}],"wp:attachment":[{"href":"https:\/\/www.kieliluotsi.fi\/lokikirja\/wp-json\/wp\/v2\/media?parent=132"}],"wp:term":[{"taxonomy":"category","embeddable":true,"href":"https:\/\/www.kieliluotsi.fi\/lokikirja\/wp-json\/wp\/v2\/categories?post=132"},{"taxonomy":"post_tag","embeddable":true,"href":"https:\/\/www.kieliluotsi.fi\/lokikirja\/wp-json\/wp\/v2\/tags?post=132"}],"curies":[{"name":"wp","href":"https:\/\/api.w.org\/{rel}","templated":true}]}}