{"id":1327,"date":"2019-12-20T09:00:31","date_gmt":"2019-12-20T07:00:31","guid":{"rendered":"https:\/\/www.kieliluotsi.fi\/lokikirja\/?p=1327"},"modified":"2020-04-25T19:55:14","modified_gmt":"2020-04-25T16:55:14","slug":"joulukuun-2019-kielivinkki","status":"publish","type":"post","link":"https:\/\/www.kieliluotsi.fi\/lokikirja\/joulukuun-2019-kielivinkki\/","title":{"rendered":"Joulukuun 2019 kielivinkki"},"content":{"rendered":"\n<p>\u201dJoulup\u00f6yd\u00e4ss\u00e4 on usein joko kinkkua tai kalkkunaa. Sielt\u00e4 l\u00f6ytyy usein my\u00f6s maksalaatikkoa, jossa joko on rusinoita tai ei ole.\u201d Joko\u2013tai-rakenteen k\u00e4ytt\u00e4miseen liittyy kaksi asiaa, joiden olen havainnut menev\u00e4n melko usein v\u00e4\u00e4rin.<\/p>\n\n\n\n<!--more-->\n\n\n\n<p>Ensinn\u00e4kin tai-sanan eteen ei kuulu pilkkua, vaikka sellaista melko usein n\u00e4keekin. S\u00e4\u00e4nt\u00f6 luulisi olevan helppo muistaa, sill\u00e4 siit\u00e4 ei juurikaan ole poikkeuksia.<\/p>\n\n\n\n<p>Toiseksi kannattaa kiinnitt\u00e4\u00e4 huomiota sanaj\u00e4rjestykseen. Joko- ja tai-sanojen oikeat paikat ovat juuri ennen vaihtoehtoja. Joskus teksteiss\u00e4 n\u00e4kyy, ett\u00e4 etenkin joko eksyy v\u00e4h\u00e4n liian kauas omasta paikastaan.<\/p>\n\n\n\n<p>On eri asia sanoa \u201dsen kirjan voit joko ostaa netist\u00e4 tai marketista\u201d kuin \u201dsen kirjan voit ostaa joko netist\u00e4 tai marketista\u201d. Ensimm\u00e4inen vaihtoehto vaatisi oikein ollakseen viel\u00e4 jonkin jatkeen, esimerkiksi n\u00e4in: \u201dSen kirjan voit joko ostaa netist\u00e4 tai marketista tai lainata kirjastosta.\u201d Joko\u2013tai on sellainen rakenne, ett\u00e4 se joko menee oikein tai sitten ei. Sen k\u00e4ytt\u00e4minen on kuitenkin periaatteessa helppoa. Voit joko opetella s\u00e4\u00e4nn\u00f6t ulkoa tai tarkistaa ne aina tekstin viimeistelyn yhteydess\u00e4!<\/p>\n","protected":false},"excerpt":{"rendered":"<p>\u201dJoulup\u00f6yd\u00e4ss\u00e4 on usein joko kinkkua tai kalkkunaa. Sielt\u00e4 l\u00f6ytyy usein my\u00f6s maksalaatikkoa, jossa joko on rusinoita tai ei ole.\u201d Joko\u2013tai-rakenteen k\u00e4ytt\u00e4miseen liittyy kaksi asiaa, joiden olen havainnut menev\u00e4n melko usein v\u00e4\u00e4rin.<\/p>\n","protected":false},"author":3,"featured_media":1297,"comment_status":"open","ping_status":"open","sticky":false,"template":"","format":"standard","meta":[],"categories":[255],"tags":[3,256,228],"yoast_head":"<!-- This site is optimized with the Yoast SEO plugin v20.13 - https:\/\/yoast.com\/wordpress\/plugins\/seo\/ -->\n<title>Joulukuun 2019 kielivinkki \u2013 Kieliluotsin lokikirja<\/title>\n<meta name=\"description\" content=\"Kieliluotsin joulukuun 2019 kielivinkiss\u00e4 kerrotaan joko\u2013tai-rakenteen k\u00e4ytt\u00e4misest\u00e4.\" \/>\n<meta name=\"robots\" content=\"index, follow, max-snippet:-1, max-image-preview:large, max-video-preview:-1\" \/>\n<link rel=\"canonical\" href=\"https:\/\/www.kieliluotsi.fi\/lokikirja\/joulukuun-2019-kielivinkki\/\" \/>\n<meta property=\"og:locale\" content=\"fi_FI\" \/>\n<meta property=\"og:type\" content=\"article\" \/>\n<meta property=\"og:title\" content=\"Joulukuun 2019 kielivinkki \u2013 Kieliluotsin lokikirja\" \/>\n<meta property=\"og:description\" content=\"Kieliluotsin joulukuun 2019 kielivinkiss\u00e4 kerrotaan joko\u2013tai-rakenteen k\u00e4ytt\u00e4misest\u00e4.\" \/>\n<meta property=\"og:url\" content=\"https:\/\/www.kieliluotsi.fi\/lokikirja\/joulukuun-2019-kielivinkki\/\" \/>\n<meta property=\"og:site_name\" content=\"Kieliluotsin lokikirja\" \/>\n<meta property=\"article:published_time\" content=\"2019-12-20T07:00:31+00:00\" \/>\n<meta property=\"article:modified_time\" content=\"2020-04-25T16:55:14+00:00\" \/>\n<meta property=\"og:image\" content=\"https:\/\/www.kieliluotsi.fi\/lokikirja\/media\/2020\/04\/kuukauden-kielivinkki-artikkelikuva.jpg\" \/>\n\t<meta property=\"og:image:width\" content=\"1001\" \/>\n\t<meta property=\"og:image:height\" content=\"1000\" \/>\n\t<meta property=\"og:image:type\" content=\"image\/jpeg\" \/>\n<meta name=\"author\" content=\"Jutta Posti\" \/>\n<meta name=\"twitter:label1\" content=\"Kirjoittanut\" \/>\n\t<meta name=\"twitter:data1\" content=\"Jutta Posti\" \/>\n\t<meta name=\"twitter:label2\" content=\"Arvioitu lukuaika\" \/>\n\t<meta name=\"twitter:data2\" content=\"1 minuutti\" \/>\n<script type=\"application\/ld+json\" class=\"yoast-schema-graph\">{\"@context\":\"https:\/\/schema.org\",\"@graph\":[{\"@type\":\"WebPage\",\"@id\":\"https:\/\/www.kieliluotsi.fi\/lokikirja\/joulukuun-2019-kielivinkki\/\",\"url\":\"https:\/\/www.kieliluotsi.fi\/lokikirja\/joulukuun-2019-kielivinkki\/\",\"name\":\"Joulukuun 2019 kielivinkki \u2013 Kieliluotsin lokikirja\",\"isPartOf\":{\"@id\":\"https:\/\/www.kieliluotsi.fi\/lokikirja\/#website\"},\"datePublished\":\"2019-12-20T07:00:31+00:00\",\"dateModified\":\"2020-04-25T16:55:14+00:00\",\"author\":{\"@id\":\"https:\/\/www.kieliluotsi.fi\/lokikirja\/#\/schema\/person\/be983f8146cb3edad975db1e1f487dc3\"},\"description\":\"Kieliluotsin joulukuun 2019 kielivinkiss\u00e4 kerrotaan joko\u2013tai-rakenteen k\u00e4ytt\u00e4misest\u00e4.\",\"breadcrumb\":{\"@id\":\"https:\/\/www.kieliluotsi.fi\/lokikirja\/joulukuun-2019-kielivinkki\/#breadcrumb\"},\"inLanguage\":\"fi\",\"potentialAction\":[{\"@type\":\"ReadAction\",\"target\":[\"https:\/\/www.kieliluotsi.fi\/lokikirja\/joulukuun-2019-kielivinkki\/\"]}]},{\"@type\":\"BreadcrumbList\",\"@id\":\"https:\/\/www.kieliluotsi.fi\/lokikirja\/joulukuun-2019-kielivinkki\/#breadcrumb\",\"itemListElement\":[{\"@type\":\"ListItem\",\"position\":1,\"name\":\"Etusivu\",\"item\":\"https:\/\/www.kieliluotsi.fi\/lokikirja\/\"},{\"@type\":\"ListItem\",\"position\":2,\"name\":\"Joulukuun 2019 kielivinkki\"}]},{\"@type\":\"WebSite\",\"@id\":\"https:\/\/www.kieliluotsi.fi\/lokikirja\/#website\",\"url\":\"https:\/\/www.kieliluotsi.fi\/lokikirja\/\",\"name\":\"Kieliluotsin lokikirja\",\"description\":\"havaintoja kielest\u00e4 ja sen ilmi\u00f6ist\u00e4\",\"potentialAction\":[{\"@type\":\"SearchAction\",\"target\":{\"@type\":\"EntryPoint\",\"urlTemplate\":\"https:\/\/www.kieliluotsi.fi\/lokikirja\/?s={search_term_string}\"},\"query-input\":\"required name=search_term_string\"}],\"inLanguage\":\"fi\"},{\"@type\":\"Person\",\"@id\":\"https:\/\/www.kieliluotsi.fi\/lokikirja\/#\/schema\/person\/be983f8146cb3edad975db1e1f487dc3\",\"name\":\"Jutta Posti\",\"image\":{\"@type\":\"ImageObject\",\"inLanguage\":\"fi\",\"@id\":\"https:\/\/www.kieliluotsi.fi\/lokikirja\/#\/schema\/person\/image\/\",\"url\":\"https:\/\/www.kieliluotsi.fi\/lokikirja\/media\/2017\/11\/Jutta-Posti_avatar_1511473595-96x96.jpg\",\"contentUrl\":\"https:\/\/www.kieliluotsi.fi\/lokikirja\/media\/2017\/11\/Jutta-Posti_avatar_1511473595-96x96.jpg\",\"caption\":\"Jutta Posti\"},\"description\":\"Jutta Posti (FM) on haminalainen humanisti ja kielifriikki. H\u00e4n on kielipalveluja tarjoavan Kieliluotsin perustaja ja kieliasiantuntija.\",\"sameAs\":[\"https:\/\/www.kieliluotsi.fi\"],\"url\":\"https:\/\/www.kieliluotsi.fi\/lokikirja\/author\/jutta_jarvansalo\/\"}]}<\/script>\n<!-- \/ Yoast SEO plugin. -->","yoast_head_json":{"title":"Joulukuun 2019 kielivinkki \u2013 Kieliluotsin lokikirja","description":"Kieliluotsin joulukuun 2019 kielivinkiss\u00e4 kerrotaan joko\u2013tai-rakenteen k\u00e4ytt\u00e4misest\u00e4.","robots":{"index":"index","follow":"follow","max-snippet":"max-snippet:-1","max-image-preview":"max-image-preview:large","max-video-preview":"max-video-preview:-1"},"canonical":"https:\/\/www.kieliluotsi.fi\/lokikirja\/joulukuun-2019-kielivinkki\/","og_locale":"fi_FI","og_type":"article","og_title":"Joulukuun 2019 kielivinkki \u2013 Kieliluotsin lokikirja","og_description":"Kieliluotsin joulukuun 2019 kielivinkiss\u00e4 kerrotaan joko\u2013tai-rakenteen k\u00e4ytt\u00e4misest\u00e4.","og_url":"https:\/\/www.kieliluotsi.fi\/lokikirja\/joulukuun-2019-kielivinkki\/","og_site_name":"Kieliluotsin lokikirja","article_published_time":"2019-12-20T07:00:31+00:00","article_modified_time":"2020-04-25T16:55:14+00:00","og_image":[{"width":1001,"height":1000,"url":"https:\/\/www.kieliluotsi.fi\/lokikirja\/media\/2020\/04\/kuukauden-kielivinkki-artikkelikuva.jpg","type":"image\/jpeg"}],"author":"Jutta Posti","twitter_misc":{"Kirjoittanut":"Jutta Posti","Arvioitu lukuaika":"1 minuutti"},"schema":{"@context":"https:\/\/schema.org","@graph":[{"@type":"WebPage","@id":"https:\/\/www.kieliluotsi.fi\/lokikirja\/joulukuun-2019-kielivinkki\/","url":"https:\/\/www.kieliluotsi.fi\/lokikirja\/joulukuun-2019-kielivinkki\/","name":"Joulukuun 2019 kielivinkki \u2013 Kieliluotsin lokikirja","isPartOf":{"@id":"https:\/\/www.kieliluotsi.fi\/lokikirja\/#website"},"datePublished":"2019-12-20T07:00:31+00:00","dateModified":"2020-04-25T16:55:14+00:00","author":{"@id":"https:\/\/www.kieliluotsi.fi\/lokikirja\/#\/schema\/person\/be983f8146cb3edad975db1e1f487dc3"},"description":"Kieliluotsin joulukuun 2019 kielivinkiss\u00e4 kerrotaan joko\u2013tai-rakenteen k\u00e4ytt\u00e4misest\u00e4.","breadcrumb":{"@id":"https:\/\/www.kieliluotsi.fi\/lokikirja\/joulukuun-2019-kielivinkki\/#breadcrumb"},"inLanguage":"fi","potentialAction":[{"@type":"ReadAction","target":["https:\/\/www.kieliluotsi.fi\/lokikirja\/joulukuun-2019-kielivinkki\/"]}]},{"@type":"BreadcrumbList","@id":"https:\/\/www.kieliluotsi.fi\/lokikirja\/joulukuun-2019-kielivinkki\/#breadcrumb","itemListElement":[{"@type":"ListItem","position":1,"name":"Etusivu","item":"https:\/\/www.kieliluotsi.fi\/lokikirja\/"},{"@type":"ListItem","position":2,"name":"Joulukuun 2019 kielivinkki"}]},{"@type":"WebSite","@id":"https:\/\/www.kieliluotsi.fi\/lokikirja\/#website","url":"https:\/\/www.kieliluotsi.fi\/lokikirja\/","name":"Kieliluotsin lokikirja","description":"havaintoja kielest\u00e4 ja sen ilmi\u00f6ist\u00e4","potentialAction":[{"@type":"SearchAction","target":{"@type":"EntryPoint","urlTemplate":"https:\/\/www.kieliluotsi.fi\/lokikirja\/?s={search_term_string}"},"query-input":"required name=search_term_string"}],"inLanguage":"fi"},{"@type":"Person","@id":"https:\/\/www.kieliluotsi.fi\/lokikirja\/#\/schema\/person\/be983f8146cb3edad975db1e1f487dc3","name":"Jutta Posti","image":{"@type":"ImageObject","inLanguage":"fi","@id":"https:\/\/www.kieliluotsi.fi\/lokikirja\/#\/schema\/person\/image\/","url":"https:\/\/www.kieliluotsi.fi\/lokikirja\/media\/2017\/11\/Jutta-Posti_avatar_1511473595-96x96.jpg","contentUrl":"https:\/\/www.kieliluotsi.fi\/lokikirja\/media\/2017\/11\/Jutta-Posti_avatar_1511473595-96x96.jpg","caption":"Jutta Posti"},"description":"Jutta Posti (FM) on haminalainen humanisti ja kielifriikki. H\u00e4n on kielipalveluja tarjoavan Kieliluotsin perustaja ja kieliasiantuntija.","sameAs":["https:\/\/www.kieliluotsi.fi"],"url":"https:\/\/www.kieliluotsi.fi\/lokikirja\/author\/jutta_jarvansalo\/"}]}},"_links":{"self":[{"href":"https:\/\/www.kieliluotsi.fi\/lokikirja\/wp-json\/wp\/v2\/posts\/1327"}],"collection":[{"href":"https:\/\/www.kieliluotsi.fi\/lokikirja\/wp-json\/wp\/v2\/posts"}],"about":[{"href":"https:\/\/www.kieliluotsi.fi\/lokikirja\/wp-json\/wp\/v2\/types\/post"}],"author":[{"embeddable":true,"href":"https:\/\/www.kieliluotsi.fi\/lokikirja\/wp-json\/wp\/v2\/users\/3"}],"replies":[{"embeddable":true,"href":"https:\/\/www.kieliluotsi.fi\/lokikirja\/wp-json\/wp\/v2\/comments?post=1327"}],"version-history":[{"count":1,"href":"https:\/\/www.kieliluotsi.fi\/lokikirja\/wp-json\/wp\/v2\/posts\/1327\/revisions"}],"predecessor-version":[{"id":1328,"href":"https:\/\/www.kieliluotsi.fi\/lokikirja\/wp-json\/wp\/v2\/posts\/1327\/revisions\/1328"}],"wp:featuredmedia":[{"embeddable":true,"href":"https:\/\/www.kieliluotsi.fi\/lokikirja\/wp-json\/wp\/v2\/media\/1297"}],"wp:attachment":[{"href":"https:\/\/www.kieliluotsi.fi\/lokikirja\/wp-json\/wp\/v2\/media?parent=1327"}],"wp:term":[{"taxonomy":"category","embeddable":true,"href":"https:\/\/www.kieliluotsi.fi\/lokikirja\/wp-json\/wp\/v2\/categories?post=1327"},{"taxonomy":"post_tag","embeddable":true,"href":"https:\/\/www.kieliluotsi.fi\/lokikirja\/wp-json\/wp\/v2\/tags?post=1327"}],"curies":[{"name":"wp","href":"https:\/\/api.w.org\/{rel}","templated":true}]}}