{"id":1333,"date":"2018-03-20T09:00:58","date_gmt":"2018-03-20T07:00:58","guid":{"rendered":"https:\/\/www.kieliluotsi.fi\/lokikirja\/?p=1333"},"modified":"2020-04-25T20:14:11","modified_gmt":"2020-04-25T17:14:11","slug":"maaliskuun-2018-kielivinkki","status":"publish","type":"post","link":"https:\/\/www.kieliluotsi.fi\/lokikirja\/maaliskuun-2018-kielivinkki\/","title":{"rendered":"Maaliskuun 2018 kielivinkki"},"content":{"rendered":"\n<p>Kampaamo, korjaamo, ohjaamo, leipomo, huoltamo\u2026 Mutta kumpi on oikein, autopurkamo vai autopurkaamo? Monelle saattaa olla yll\u00e4tys, ett\u00e4 oikea vastaus on autopurkamo lyhyell\u00e4 aalla.<\/p>\n\n\n\n<!--more-->\n\n\n\n<p>Milloin siis suorituspaikkaa kuvaavan sanan -mo-loppua edelt\u00e4v\u00e4 vokaali on pitk\u00e4 ja milloin lyhyt? S\u00e4\u00e4nt\u00f6 on yll\u00e4tt\u00e4v\u00e4n yksinkertainen: Jos verbin perusmuoto on -ta\/-t\u00e4-loppuinen, vokaali on pitk\u00e4 (kammata -&gt; kampaamo, korjata -&gt; korjaamo, ohjata -&gt; ohjaamo). Jos taas verbin perusmuoto on tyyppi\u00e4 leipoa, huoltaa, purkaa, k\u00e4ytet\u00e4\u00e4n lyhytt\u00e4 vokaalia (leipomo, huoltamo, purkamo).<\/p>\n\n\n\n<p>Miksi purkamon a sitten ven\u00e4ht\u00e4\u00e4 pitk\u00e4ksi niin monilla? P\u00e4\u00e4syit\u00e4 on kaksi. Ensinn\u00e4kin joissakin murteissa yleiskielisen purkaa-verbimuodon sijaan k\u00e4ytet\u00e4\u00e4n muotoa purata, jolloin sana kuuluisi tuohon pitk\u00e4vokaaliseen kategoriaan. Toiseksi purkamo rinnastetaan usein korjaamo-sanaan, joka on pitk\u00e4vokaalinen, sill\u00e4 sen perusmuoto on korjata. Silti purkamo kirjoitetaan edelleen vain yhdell\u00e4 aalla!<\/p>\n","protected":false},"excerpt":{"rendered":"<p>Kampaamo, korjaamo, ohjaamo, leipomo, huoltamo\u2026 Mutta kumpi on oikein, autopurkamo vai autopurkaamo? Monelle saattaa olla yll\u00e4tys, ett\u00e4 oikea vastaus on autopurkamo lyhyell\u00e4 aalla.<\/p>\n","protected":false},"author":3,"featured_media":1297,"comment_status":"open","ping_status":"open","sticky":false,"template":"","format":"standard","meta":[],"categories":[255],"tags":[256,12,162],"yoast_head":"<!-- This site is optimized with the Yoast SEO plugin v20.13 - https:\/\/yoast.com\/wordpress\/plugins\/seo\/ -->\n<title>Maaliskuun 2018 kielivinkki \u2013 Kieliluotsin lokikirja<\/title>\n<meta name=\"description\" content=\"Kieliluotsin maaliskuun 2018 kielivinkiss\u00e4 kerrotaan, miksi purkamo-sanassa on vain yksi a.\" \/>\n<meta name=\"robots\" content=\"index, follow, max-snippet:-1, max-image-preview:large, max-video-preview:-1\" \/>\n<link rel=\"canonical\" href=\"https:\/\/www.kieliluotsi.fi\/lokikirja\/maaliskuun-2018-kielivinkki\/\" \/>\n<meta property=\"og:locale\" content=\"fi_FI\" \/>\n<meta property=\"og:type\" content=\"article\" \/>\n<meta property=\"og:title\" content=\"Maaliskuun 2018 kielivinkki \u2013 Kieliluotsin lokikirja\" \/>\n<meta property=\"og:description\" content=\"Kieliluotsin maaliskuun 2018 kielivinkiss\u00e4 kerrotaan, miksi purkamo-sanassa on vain yksi a.\" \/>\n<meta property=\"og:url\" content=\"https:\/\/www.kieliluotsi.fi\/lokikirja\/maaliskuun-2018-kielivinkki\/\" \/>\n<meta property=\"og:site_name\" content=\"Kieliluotsin lokikirja\" \/>\n<meta property=\"article:published_time\" content=\"2018-03-20T07:00:58+00:00\" \/>\n<meta property=\"article:modified_time\" content=\"2020-04-25T17:14:11+00:00\" \/>\n<meta property=\"og:image\" content=\"https:\/\/www.kieliluotsi.fi\/lokikirja\/media\/2020\/04\/kuukauden-kielivinkki-artikkelikuva.jpg\" \/>\n\t<meta property=\"og:image:width\" content=\"1001\" \/>\n\t<meta property=\"og:image:height\" content=\"1000\" \/>\n\t<meta property=\"og:image:type\" content=\"image\/jpeg\" \/>\n<meta name=\"author\" content=\"Jutta Posti\" \/>\n<meta name=\"twitter:label1\" content=\"Kirjoittanut\" \/>\n\t<meta name=\"twitter:data1\" content=\"Jutta Posti\" \/>\n\t<meta name=\"twitter:label2\" content=\"Arvioitu lukuaika\" \/>\n\t<meta name=\"twitter:data2\" content=\"1 minuutti\" \/>\n<script type=\"application\/ld+json\" class=\"yoast-schema-graph\">{\"@context\":\"https:\/\/schema.org\",\"@graph\":[{\"@type\":\"WebPage\",\"@id\":\"https:\/\/www.kieliluotsi.fi\/lokikirja\/maaliskuun-2018-kielivinkki\/\",\"url\":\"https:\/\/www.kieliluotsi.fi\/lokikirja\/maaliskuun-2018-kielivinkki\/\",\"name\":\"Maaliskuun 2018 kielivinkki \u2013 Kieliluotsin lokikirja\",\"isPartOf\":{\"@id\":\"https:\/\/www.kieliluotsi.fi\/lokikirja\/#website\"},\"datePublished\":\"2018-03-20T07:00:58+00:00\",\"dateModified\":\"2020-04-25T17:14:11+00:00\",\"author\":{\"@id\":\"https:\/\/www.kieliluotsi.fi\/lokikirja\/#\/schema\/person\/be983f8146cb3edad975db1e1f487dc3\"},\"description\":\"Kieliluotsin maaliskuun 2018 kielivinkiss\u00e4 kerrotaan, miksi purkamo-sanassa on vain yksi a.\",\"breadcrumb\":{\"@id\":\"https:\/\/www.kieliluotsi.fi\/lokikirja\/maaliskuun-2018-kielivinkki\/#breadcrumb\"},\"inLanguage\":\"fi\",\"potentialAction\":[{\"@type\":\"ReadAction\",\"target\":[\"https:\/\/www.kieliluotsi.fi\/lokikirja\/maaliskuun-2018-kielivinkki\/\"]}]},{\"@type\":\"BreadcrumbList\",\"@id\":\"https:\/\/www.kieliluotsi.fi\/lokikirja\/maaliskuun-2018-kielivinkki\/#breadcrumb\",\"itemListElement\":[{\"@type\":\"ListItem\",\"position\":1,\"name\":\"Etusivu\",\"item\":\"https:\/\/www.kieliluotsi.fi\/lokikirja\/\"},{\"@type\":\"ListItem\",\"position\":2,\"name\":\"Maaliskuun 2018 kielivinkki\"}]},{\"@type\":\"WebSite\",\"@id\":\"https:\/\/www.kieliluotsi.fi\/lokikirja\/#website\",\"url\":\"https:\/\/www.kieliluotsi.fi\/lokikirja\/\",\"name\":\"Kieliluotsin lokikirja\",\"description\":\"havaintoja kielest\u00e4 ja sen ilmi\u00f6ist\u00e4\",\"potentialAction\":[{\"@type\":\"SearchAction\",\"target\":{\"@type\":\"EntryPoint\",\"urlTemplate\":\"https:\/\/www.kieliluotsi.fi\/lokikirja\/?s={search_term_string}\"},\"query-input\":\"required name=search_term_string\"}],\"inLanguage\":\"fi\"},{\"@type\":\"Person\",\"@id\":\"https:\/\/www.kieliluotsi.fi\/lokikirja\/#\/schema\/person\/be983f8146cb3edad975db1e1f487dc3\",\"name\":\"Jutta Posti\",\"image\":{\"@type\":\"ImageObject\",\"inLanguage\":\"fi\",\"@id\":\"https:\/\/www.kieliluotsi.fi\/lokikirja\/#\/schema\/person\/image\/\",\"url\":\"https:\/\/www.kieliluotsi.fi\/lokikirja\/media\/2017\/11\/Jutta-Posti_avatar_1511473595-96x96.jpg\",\"contentUrl\":\"https:\/\/www.kieliluotsi.fi\/lokikirja\/media\/2017\/11\/Jutta-Posti_avatar_1511473595-96x96.jpg\",\"caption\":\"Jutta Posti\"},\"description\":\"Jutta Posti (FM) on haminalainen humanisti ja kielifriikki. H\u00e4n on kielipalveluja tarjoavan Kieliluotsin perustaja ja kieliasiantuntija.\",\"sameAs\":[\"https:\/\/www.kieliluotsi.fi\"],\"url\":\"https:\/\/www.kieliluotsi.fi\/lokikirja\/author\/jutta_jarvansalo\/\"}]}<\/script>\n<!-- \/ Yoast SEO plugin. -->","yoast_head_json":{"title":"Maaliskuun 2018 kielivinkki \u2013 Kieliluotsin lokikirja","description":"Kieliluotsin maaliskuun 2018 kielivinkiss\u00e4 kerrotaan, miksi purkamo-sanassa on vain yksi a.","robots":{"index":"index","follow":"follow","max-snippet":"max-snippet:-1","max-image-preview":"max-image-preview:large","max-video-preview":"max-video-preview:-1"},"canonical":"https:\/\/www.kieliluotsi.fi\/lokikirja\/maaliskuun-2018-kielivinkki\/","og_locale":"fi_FI","og_type":"article","og_title":"Maaliskuun 2018 kielivinkki \u2013 Kieliluotsin lokikirja","og_description":"Kieliluotsin maaliskuun 2018 kielivinkiss\u00e4 kerrotaan, miksi purkamo-sanassa on vain yksi a.","og_url":"https:\/\/www.kieliluotsi.fi\/lokikirja\/maaliskuun-2018-kielivinkki\/","og_site_name":"Kieliluotsin lokikirja","article_published_time":"2018-03-20T07:00:58+00:00","article_modified_time":"2020-04-25T17:14:11+00:00","og_image":[{"width":1001,"height":1000,"url":"https:\/\/www.kieliluotsi.fi\/lokikirja\/media\/2020\/04\/kuukauden-kielivinkki-artikkelikuva.jpg","type":"image\/jpeg"}],"author":"Jutta Posti","twitter_misc":{"Kirjoittanut":"Jutta Posti","Arvioitu lukuaika":"1 minuutti"},"schema":{"@context":"https:\/\/schema.org","@graph":[{"@type":"WebPage","@id":"https:\/\/www.kieliluotsi.fi\/lokikirja\/maaliskuun-2018-kielivinkki\/","url":"https:\/\/www.kieliluotsi.fi\/lokikirja\/maaliskuun-2018-kielivinkki\/","name":"Maaliskuun 2018 kielivinkki \u2013 Kieliluotsin lokikirja","isPartOf":{"@id":"https:\/\/www.kieliluotsi.fi\/lokikirja\/#website"},"datePublished":"2018-03-20T07:00:58+00:00","dateModified":"2020-04-25T17:14:11+00:00","author":{"@id":"https:\/\/www.kieliluotsi.fi\/lokikirja\/#\/schema\/person\/be983f8146cb3edad975db1e1f487dc3"},"description":"Kieliluotsin maaliskuun 2018 kielivinkiss\u00e4 kerrotaan, miksi purkamo-sanassa on vain yksi a.","breadcrumb":{"@id":"https:\/\/www.kieliluotsi.fi\/lokikirja\/maaliskuun-2018-kielivinkki\/#breadcrumb"},"inLanguage":"fi","potentialAction":[{"@type":"ReadAction","target":["https:\/\/www.kieliluotsi.fi\/lokikirja\/maaliskuun-2018-kielivinkki\/"]}]},{"@type":"BreadcrumbList","@id":"https:\/\/www.kieliluotsi.fi\/lokikirja\/maaliskuun-2018-kielivinkki\/#breadcrumb","itemListElement":[{"@type":"ListItem","position":1,"name":"Etusivu","item":"https:\/\/www.kieliluotsi.fi\/lokikirja\/"},{"@type":"ListItem","position":2,"name":"Maaliskuun 2018 kielivinkki"}]},{"@type":"WebSite","@id":"https:\/\/www.kieliluotsi.fi\/lokikirja\/#website","url":"https:\/\/www.kieliluotsi.fi\/lokikirja\/","name":"Kieliluotsin lokikirja","description":"havaintoja kielest\u00e4 ja sen ilmi\u00f6ist\u00e4","potentialAction":[{"@type":"SearchAction","target":{"@type":"EntryPoint","urlTemplate":"https:\/\/www.kieliluotsi.fi\/lokikirja\/?s={search_term_string}"},"query-input":"required name=search_term_string"}],"inLanguage":"fi"},{"@type":"Person","@id":"https:\/\/www.kieliluotsi.fi\/lokikirja\/#\/schema\/person\/be983f8146cb3edad975db1e1f487dc3","name":"Jutta Posti","image":{"@type":"ImageObject","inLanguage":"fi","@id":"https:\/\/www.kieliluotsi.fi\/lokikirja\/#\/schema\/person\/image\/","url":"https:\/\/www.kieliluotsi.fi\/lokikirja\/media\/2017\/11\/Jutta-Posti_avatar_1511473595-96x96.jpg","contentUrl":"https:\/\/www.kieliluotsi.fi\/lokikirja\/media\/2017\/11\/Jutta-Posti_avatar_1511473595-96x96.jpg","caption":"Jutta Posti"},"description":"Jutta Posti (FM) on haminalainen humanisti ja kielifriikki. H\u00e4n on kielipalveluja tarjoavan Kieliluotsin perustaja ja kieliasiantuntija.","sameAs":["https:\/\/www.kieliluotsi.fi"],"url":"https:\/\/www.kieliluotsi.fi\/lokikirja\/author\/jutta_jarvansalo\/"}]}},"_links":{"self":[{"href":"https:\/\/www.kieliluotsi.fi\/lokikirja\/wp-json\/wp\/v2\/posts\/1333"}],"collection":[{"href":"https:\/\/www.kieliluotsi.fi\/lokikirja\/wp-json\/wp\/v2\/posts"}],"about":[{"href":"https:\/\/www.kieliluotsi.fi\/lokikirja\/wp-json\/wp\/v2\/types\/post"}],"author":[{"embeddable":true,"href":"https:\/\/www.kieliluotsi.fi\/lokikirja\/wp-json\/wp\/v2\/users\/3"}],"replies":[{"embeddable":true,"href":"https:\/\/www.kieliluotsi.fi\/lokikirja\/wp-json\/wp\/v2\/comments?post=1333"}],"version-history":[{"count":1,"href":"https:\/\/www.kieliluotsi.fi\/lokikirja\/wp-json\/wp\/v2\/posts\/1333\/revisions"}],"predecessor-version":[{"id":1334,"href":"https:\/\/www.kieliluotsi.fi\/lokikirja\/wp-json\/wp\/v2\/posts\/1333\/revisions\/1334"}],"wp:featuredmedia":[{"embeddable":true,"href":"https:\/\/www.kieliluotsi.fi\/lokikirja\/wp-json\/wp\/v2\/media\/1297"}],"wp:attachment":[{"href":"https:\/\/www.kieliluotsi.fi\/lokikirja\/wp-json\/wp\/v2\/media?parent=1333"}],"wp:term":[{"taxonomy":"category","embeddable":true,"href":"https:\/\/www.kieliluotsi.fi\/lokikirja\/wp-json\/wp\/v2\/categories?post=1333"},{"taxonomy":"post_tag","embeddable":true,"href":"https:\/\/www.kieliluotsi.fi\/lokikirja\/wp-json\/wp\/v2\/tags?post=1333"}],"curies":[{"name":"wp","href":"https:\/\/api.w.org\/{rel}","templated":true}]}}