{"id":1341,"date":"2018-06-20T09:00:49","date_gmt":"2018-06-20T06:00:49","guid":{"rendered":"https:\/\/www.kieliluotsi.fi\/lokikirja\/?p=1341"},"modified":"2020-04-25T20:27:46","modified_gmt":"2020-04-25T17:27:46","slug":"kesakuun-2018-kielivinkki","status":"publish","type":"post","link":"https:\/\/www.kieliluotsi.fi\/lokikirja\/kesakuun-2018-kielivinkki\/","title":{"rendered":"Kes\u00e4kuun 2018 kielivinkki"},"content":{"rendered":"\n<p>Hyv\u00e4\u00e4 kes\u00e4\u00e4! Rentouttavaa juhannusta! Mutta miten se nyt menik\u00e4\u00e4n; kirjoitetaanko juhannus isolla vai pienell\u00e4? Nyrkkis\u00e4\u00e4nt\u00f6 on selv\u00e4: kaikki juhlap\u00e4iv\u00e4t kirjoitetaan suomen kieless\u00e4 aina pienell\u00e4 alkukirjaimella.<\/p>\n\n\n\n<!--more-->\n\n\n\n<p>Onko sitten v\u00e4\u00e4rin kirjoittaa toivotukseen juhannus tai joulu isolla alkukirjaimella? Kieliopillisesti ajateltuna iso kirjain juhlap\u00e4iv\u00e4n alussa on aina v\u00e4\u00e4rin. Piste.<\/p>\n\n\n\n<p>Mutta kuten aina, poikkeus vahvistaa s\u00e4\u00e4nn\u00f6n. Jos ison kirjaimen k\u00e4ytt\u00e4minen on tyylikeino tai esimerkiksi joulukortin visuaalinen ilme sit\u00e4 vaatii, se onkin sallittua. Harkinta j\u00e4\u00e4 siis kirjoittajalle. Tuosta porsaanrei\u00e4st\u00e4 huolimatta kannattaa pit\u00e4\u00e4 nyrkkis\u00e4\u00e4nt\u00f6 mieless\u00e4 ja noudattaa suomen kielioppis\u00e4\u00e4nt\u00f6j\u00e4 my\u00f6s toivotuksissa. Oikein mukavaa juhannusta kaikille!<\/p>\n","protected":false},"excerpt":{"rendered":"<p>Hyv\u00e4\u00e4 kes\u00e4\u00e4! Rentouttavaa juhannusta! Mutta miten se nyt menik\u00e4\u00e4n; kirjoitetaanko juhannus isolla vai pienell\u00e4? Nyrkkis\u00e4\u00e4nt\u00f6 on selv\u00e4: kaikki juhlap\u00e4iv\u00e4t kirjoitetaan suomen kieless\u00e4 aina pienell\u00e4 alkukirjaimella.<\/p>\n","protected":false},"author":3,"featured_media":1297,"comment_status":"open","ping_status":"open","sticky":false,"template":"","format":"standard","meta":[],"categories":[255],"tags":[122,3,256,12],"yoast_head":"<!-- This site is optimized with the Yoast SEO plugin v20.13 - https:\/\/yoast.com\/wordpress\/plugins\/seo\/ -->\n<title>Kes\u00e4kuun 2018 kielivinkki \u2013 Kieliluotsin lokikirja<\/title>\n<meta name=\"description\" content=\"Kieliluotsin kes\u00e4kuun 2018 kielivinkiss\u00e4 muistutetaan, ett\u00e4 juhlap\u00e4ivien nimet kirjoitetaan suomessa pienell\u00e4 alkukirjaimella.\" \/>\n<meta name=\"robots\" content=\"index, follow, max-snippet:-1, max-image-preview:large, max-video-preview:-1\" \/>\n<link rel=\"canonical\" href=\"https:\/\/www.kieliluotsi.fi\/lokikirja\/kesakuun-2018-kielivinkki\/\" \/>\n<meta property=\"og:locale\" content=\"fi_FI\" \/>\n<meta property=\"og:type\" content=\"article\" \/>\n<meta property=\"og:title\" content=\"Kes\u00e4kuun 2018 kielivinkki \u2013 Kieliluotsin lokikirja\" \/>\n<meta property=\"og:description\" content=\"Kieliluotsin kes\u00e4kuun 2018 kielivinkiss\u00e4 muistutetaan, ett\u00e4 juhlap\u00e4ivien nimet kirjoitetaan suomessa pienell\u00e4 alkukirjaimella.\" \/>\n<meta property=\"og:url\" content=\"https:\/\/www.kieliluotsi.fi\/lokikirja\/kesakuun-2018-kielivinkki\/\" \/>\n<meta property=\"og:site_name\" content=\"Kieliluotsin lokikirja\" \/>\n<meta property=\"article:published_time\" content=\"2018-06-20T06:00:49+00:00\" \/>\n<meta property=\"article:modified_time\" content=\"2020-04-25T17:27:46+00:00\" \/>\n<meta property=\"og:image\" content=\"https:\/\/www.kieliluotsi.fi\/lokikirja\/media\/2020\/04\/kuukauden-kielivinkki-artikkelikuva.jpg\" \/>\n\t<meta property=\"og:image:width\" content=\"1001\" \/>\n\t<meta property=\"og:image:height\" content=\"1000\" \/>\n\t<meta property=\"og:image:type\" content=\"image\/jpeg\" \/>\n<meta name=\"author\" content=\"Jutta Posti\" \/>\n<meta name=\"twitter:label1\" content=\"Kirjoittanut\" \/>\n\t<meta name=\"twitter:data1\" content=\"Jutta Posti\" \/>\n\t<meta name=\"twitter:label2\" content=\"Arvioitu lukuaika\" \/>\n\t<meta name=\"twitter:data2\" content=\"1 minuutti\" \/>\n<script type=\"application\/ld+json\" class=\"yoast-schema-graph\">{\"@context\":\"https:\/\/schema.org\",\"@graph\":[{\"@type\":\"WebPage\",\"@id\":\"https:\/\/www.kieliluotsi.fi\/lokikirja\/kesakuun-2018-kielivinkki\/\",\"url\":\"https:\/\/www.kieliluotsi.fi\/lokikirja\/kesakuun-2018-kielivinkki\/\",\"name\":\"Kes\u00e4kuun 2018 kielivinkki \u2013 Kieliluotsin lokikirja\",\"isPartOf\":{\"@id\":\"https:\/\/www.kieliluotsi.fi\/lokikirja\/#website\"},\"datePublished\":\"2018-06-20T06:00:49+00:00\",\"dateModified\":\"2020-04-25T17:27:46+00:00\",\"author\":{\"@id\":\"https:\/\/www.kieliluotsi.fi\/lokikirja\/#\/schema\/person\/be983f8146cb3edad975db1e1f487dc3\"},\"description\":\"Kieliluotsin kes\u00e4kuun 2018 kielivinkiss\u00e4 muistutetaan, ett\u00e4 juhlap\u00e4ivien nimet kirjoitetaan suomessa pienell\u00e4 alkukirjaimella.\",\"breadcrumb\":{\"@id\":\"https:\/\/www.kieliluotsi.fi\/lokikirja\/kesakuun-2018-kielivinkki\/#breadcrumb\"},\"inLanguage\":\"fi\",\"potentialAction\":[{\"@type\":\"ReadAction\",\"target\":[\"https:\/\/www.kieliluotsi.fi\/lokikirja\/kesakuun-2018-kielivinkki\/\"]}]},{\"@type\":\"BreadcrumbList\",\"@id\":\"https:\/\/www.kieliluotsi.fi\/lokikirja\/kesakuun-2018-kielivinkki\/#breadcrumb\",\"itemListElement\":[{\"@type\":\"ListItem\",\"position\":1,\"name\":\"Etusivu\",\"item\":\"https:\/\/www.kieliluotsi.fi\/lokikirja\/\"},{\"@type\":\"ListItem\",\"position\":2,\"name\":\"Kes\u00e4kuun 2018 kielivinkki\"}]},{\"@type\":\"WebSite\",\"@id\":\"https:\/\/www.kieliluotsi.fi\/lokikirja\/#website\",\"url\":\"https:\/\/www.kieliluotsi.fi\/lokikirja\/\",\"name\":\"Kieliluotsin lokikirja\",\"description\":\"havaintoja kielest\u00e4 ja sen ilmi\u00f6ist\u00e4\",\"potentialAction\":[{\"@type\":\"SearchAction\",\"target\":{\"@type\":\"EntryPoint\",\"urlTemplate\":\"https:\/\/www.kieliluotsi.fi\/lokikirja\/?s={search_term_string}\"},\"query-input\":\"required name=search_term_string\"}],\"inLanguage\":\"fi\"},{\"@type\":\"Person\",\"@id\":\"https:\/\/www.kieliluotsi.fi\/lokikirja\/#\/schema\/person\/be983f8146cb3edad975db1e1f487dc3\",\"name\":\"Jutta Posti\",\"image\":{\"@type\":\"ImageObject\",\"inLanguage\":\"fi\",\"@id\":\"https:\/\/www.kieliluotsi.fi\/lokikirja\/#\/schema\/person\/image\/\",\"url\":\"https:\/\/www.kieliluotsi.fi\/lokikirja\/media\/2017\/11\/Jutta-Posti_avatar_1511473595-96x96.jpg\",\"contentUrl\":\"https:\/\/www.kieliluotsi.fi\/lokikirja\/media\/2017\/11\/Jutta-Posti_avatar_1511473595-96x96.jpg\",\"caption\":\"Jutta Posti\"},\"description\":\"Jutta Posti (FM) on haminalainen humanisti ja kielifriikki. H\u00e4n on kielipalveluja tarjoavan Kieliluotsin perustaja ja kieliasiantuntija.\",\"sameAs\":[\"https:\/\/www.kieliluotsi.fi\"],\"url\":\"https:\/\/www.kieliluotsi.fi\/lokikirja\/author\/jutta_jarvansalo\/\"}]}<\/script>\n<!-- \/ Yoast SEO plugin. -->","yoast_head_json":{"title":"Kes\u00e4kuun 2018 kielivinkki \u2013 Kieliluotsin lokikirja","description":"Kieliluotsin kes\u00e4kuun 2018 kielivinkiss\u00e4 muistutetaan, ett\u00e4 juhlap\u00e4ivien nimet kirjoitetaan suomessa pienell\u00e4 alkukirjaimella.","robots":{"index":"index","follow":"follow","max-snippet":"max-snippet:-1","max-image-preview":"max-image-preview:large","max-video-preview":"max-video-preview:-1"},"canonical":"https:\/\/www.kieliluotsi.fi\/lokikirja\/kesakuun-2018-kielivinkki\/","og_locale":"fi_FI","og_type":"article","og_title":"Kes\u00e4kuun 2018 kielivinkki \u2013 Kieliluotsin lokikirja","og_description":"Kieliluotsin kes\u00e4kuun 2018 kielivinkiss\u00e4 muistutetaan, ett\u00e4 juhlap\u00e4ivien nimet kirjoitetaan suomessa pienell\u00e4 alkukirjaimella.","og_url":"https:\/\/www.kieliluotsi.fi\/lokikirja\/kesakuun-2018-kielivinkki\/","og_site_name":"Kieliluotsin lokikirja","article_published_time":"2018-06-20T06:00:49+00:00","article_modified_time":"2020-04-25T17:27:46+00:00","og_image":[{"width":1001,"height":1000,"url":"https:\/\/www.kieliluotsi.fi\/lokikirja\/media\/2020\/04\/kuukauden-kielivinkki-artikkelikuva.jpg","type":"image\/jpeg"}],"author":"Jutta Posti","twitter_misc":{"Kirjoittanut":"Jutta Posti","Arvioitu lukuaika":"1 minuutti"},"schema":{"@context":"https:\/\/schema.org","@graph":[{"@type":"WebPage","@id":"https:\/\/www.kieliluotsi.fi\/lokikirja\/kesakuun-2018-kielivinkki\/","url":"https:\/\/www.kieliluotsi.fi\/lokikirja\/kesakuun-2018-kielivinkki\/","name":"Kes\u00e4kuun 2018 kielivinkki \u2013 Kieliluotsin lokikirja","isPartOf":{"@id":"https:\/\/www.kieliluotsi.fi\/lokikirja\/#website"},"datePublished":"2018-06-20T06:00:49+00:00","dateModified":"2020-04-25T17:27:46+00:00","author":{"@id":"https:\/\/www.kieliluotsi.fi\/lokikirja\/#\/schema\/person\/be983f8146cb3edad975db1e1f487dc3"},"description":"Kieliluotsin kes\u00e4kuun 2018 kielivinkiss\u00e4 muistutetaan, ett\u00e4 juhlap\u00e4ivien nimet kirjoitetaan suomessa pienell\u00e4 alkukirjaimella.","breadcrumb":{"@id":"https:\/\/www.kieliluotsi.fi\/lokikirja\/kesakuun-2018-kielivinkki\/#breadcrumb"},"inLanguage":"fi","potentialAction":[{"@type":"ReadAction","target":["https:\/\/www.kieliluotsi.fi\/lokikirja\/kesakuun-2018-kielivinkki\/"]}]},{"@type":"BreadcrumbList","@id":"https:\/\/www.kieliluotsi.fi\/lokikirja\/kesakuun-2018-kielivinkki\/#breadcrumb","itemListElement":[{"@type":"ListItem","position":1,"name":"Etusivu","item":"https:\/\/www.kieliluotsi.fi\/lokikirja\/"},{"@type":"ListItem","position":2,"name":"Kes\u00e4kuun 2018 kielivinkki"}]},{"@type":"WebSite","@id":"https:\/\/www.kieliluotsi.fi\/lokikirja\/#website","url":"https:\/\/www.kieliluotsi.fi\/lokikirja\/","name":"Kieliluotsin lokikirja","description":"havaintoja kielest\u00e4 ja sen ilmi\u00f6ist\u00e4","potentialAction":[{"@type":"SearchAction","target":{"@type":"EntryPoint","urlTemplate":"https:\/\/www.kieliluotsi.fi\/lokikirja\/?s={search_term_string}"},"query-input":"required name=search_term_string"}],"inLanguage":"fi"},{"@type":"Person","@id":"https:\/\/www.kieliluotsi.fi\/lokikirja\/#\/schema\/person\/be983f8146cb3edad975db1e1f487dc3","name":"Jutta Posti","image":{"@type":"ImageObject","inLanguage":"fi","@id":"https:\/\/www.kieliluotsi.fi\/lokikirja\/#\/schema\/person\/image\/","url":"https:\/\/www.kieliluotsi.fi\/lokikirja\/media\/2017\/11\/Jutta-Posti_avatar_1511473595-96x96.jpg","contentUrl":"https:\/\/www.kieliluotsi.fi\/lokikirja\/media\/2017\/11\/Jutta-Posti_avatar_1511473595-96x96.jpg","caption":"Jutta Posti"},"description":"Jutta Posti (FM) on haminalainen humanisti ja kielifriikki. H\u00e4n on kielipalveluja tarjoavan Kieliluotsin perustaja ja kieliasiantuntija.","sameAs":["https:\/\/www.kieliluotsi.fi"],"url":"https:\/\/www.kieliluotsi.fi\/lokikirja\/author\/jutta_jarvansalo\/"}]}},"_links":{"self":[{"href":"https:\/\/www.kieliluotsi.fi\/lokikirja\/wp-json\/wp\/v2\/posts\/1341"}],"collection":[{"href":"https:\/\/www.kieliluotsi.fi\/lokikirja\/wp-json\/wp\/v2\/posts"}],"about":[{"href":"https:\/\/www.kieliluotsi.fi\/lokikirja\/wp-json\/wp\/v2\/types\/post"}],"author":[{"embeddable":true,"href":"https:\/\/www.kieliluotsi.fi\/lokikirja\/wp-json\/wp\/v2\/users\/3"}],"replies":[{"embeddable":true,"href":"https:\/\/www.kieliluotsi.fi\/lokikirja\/wp-json\/wp\/v2\/comments?post=1341"}],"version-history":[{"count":1,"href":"https:\/\/www.kieliluotsi.fi\/lokikirja\/wp-json\/wp\/v2\/posts\/1341\/revisions"}],"predecessor-version":[{"id":1342,"href":"https:\/\/www.kieliluotsi.fi\/lokikirja\/wp-json\/wp\/v2\/posts\/1341\/revisions\/1342"}],"wp:featuredmedia":[{"embeddable":true,"href":"https:\/\/www.kieliluotsi.fi\/lokikirja\/wp-json\/wp\/v2\/media\/1297"}],"wp:attachment":[{"href":"https:\/\/www.kieliluotsi.fi\/lokikirja\/wp-json\/wp\/v2\/media?parent=1341"}],"wp:term":[{"taxonomy":"category","embeddable":true,"href":"https:\/\/www.kieliluotsi.fi\/lokikirja\/wp-json\/wp\/v2\/categories?post=1341"},{"taxonomy":"post_tag","embeddable":true,"href":"https:\/\/www.kieliluotsi.fi\/lokikirja\/wp-json\/wp\/v2\/tags?post=1341"}],"curies":[{"name":"wp","href":"https:\/\/api.w.org\/{rel}","templated":true}]}}