{"id":1345,"date":"2018-08-20T09:00:09","date_gmt":"2018-08-20T06:00:09","guid":{"rendered":"https:\/\/www.kieliluotsi.fi\/lokikirja\/?p=1345"},"modified":"2020-04-25T20:36:58","modified_gmt":"2020-04-25T17:36:58","slug":"elokuun-2018-kielivinkki","status":"publish","type":"post","link":"https:\/\/www.kieliluotsi.fi\/lokikirja\/elokuun-2018-kielivinkki\/","title":{"rendered":"Elokuun 2018 kielivinkki"},"content":{"rendered":"\n<p>Ty\u00f6paikkailmoituksissa pyydet\u00e4\u00e4n usein l\u00e4hett\u00e4m\u00e4\u00e4n ty\u00f6hakemus johonkin p\u00e4iv\u00e4m\u00e4\u00e4r\u00e4\u00e4n menness\u00e4. Onko hakemus my\u00f6h\u00e4ss\u00e4, jos sen l\u00e4hett\u00e4\u00e4 vasta kyseisen\u00e4 p\u00e4iv\u00e4n\u00e4?<\/p>\n\n\n\n<!--more-->\n\n\n\n<p>Karu totuus on, ett\u00e4 jos hakemusta pyydet\u00e4\u00e4n 5.9. menness\u00e4 ja se saapuu 5.9. klo 00.01, hakija on auttamatta my\u00f6h\u00e4ss\u00e4. Yll\u00e4tt\u00e4v\u00e4n moni ei kuitenkaan tule ajatelleeksi asiaa vaan katsoo vain p\u00e4iv\u00e4m\u00e4\u00e4r\u00e4st\u00e4, ett\u00e4 viel\u00e4 ehtii.<\/p>\n\n\n\n<p>Eri asia on, jos hakemusta pyydet\u00e4\u00e4n 5.9. klo 16.00 menness\u00e4. Silloin asia on t\u00e4ysin yksiselitteinen. Hakemus on my\u00f6h\u00e4ss\u00e4 vasta silloin, jos se saapuu 5.9. klo 16.00 tai sen j\u00e4lkeen. Niinp\u00e4 menness\u00e4-ilmaisun yhteydess\u00e4 olisikin aina hyv\u00e4 k\u00e4ytt\u00e4\u00e4 kellonaikaa.<\/p>\n\n\n\n<p>Vaihtoehtoisesti voi k\u00e4ytt\u00e4\u00e4 viimeist\u00e4\u00e4n-ilmaisua, joka on mukavan yksiselitteinen. Jos hakemuksen pit\u00e4\u00e4 olla perill\u00e4 viimeist\u00e4\u00e4n 5.9., se on ajoissa viel\u00e4 5.9. klo 23.59.<\/p>\n\n\n\n<p>Jos siis jotakin pit\u00e4\u00e4 tehd\u00e4 tai toimittaa 5.9. menness\u00e4, tee se viimeist\u00e4\u00e4n 4.9. klo 23.59!<\/p>\n","protected":false},"excerpt":{"rendered":"<p>Ty\u00f6paikkailmoituksissa pyydet\u00e4\u00e4n usein l\u00e4hett\u00e4m\u00e4\u00e4n ty\u00f6hakemus johonkin p\u00e4iv\u00e4m\u00e4\u00e4r\u00e4\u00e4n menness\u00e4. Onko hakemus my\u00f6h\u00e4ss\u00e4, jos sen l\u00e4hett\u00e4\u00e4 vasta kyseisen\u00e4 p\u00e4iv\u00e4n\u00e4?<\/p>\n","protected":false},"author":3,"featured_media":1297,"comment_status":"open","ping_status":"open","sticky":false,"template":"","format":"standard","meta":[],"categories":[255],"tags":[8,256,166],"yoast_head":"<!-- This site is optimized with the Yoast SEO plugin v20.13 - https:\/\/yoast.com\/wordpress\/plugins\/seo\/ -->\n<title>Elokuun 2018 kielivinkki \u2013 Kieliluotsin lokikirja<\/title>\n<meta name=\"description\" content=\"Kieliluotsin elokuun 2018 kielivinkiss\u00e4 muistutetaan, ett\u00e4 jos jotakin pit\u00e4\u00e4 tehd\u00e4 5.9. menness\u00e4, se tulee tehd\u00e4 viimeist\u00e4\u00e4n 4.9. klo 23.59.\" \/>\n<meta name=\"robots\" content=\"index, follow, max-snippet:-1, max-image-preview:large, max-video-preview:-1\" \/>\n<link rel=\"canonical\" href=\"https:\/\/www.kieliluotsi.fi\/lokikirja\/elokuun-2018-kielivinkki\/\" \/>\n<meta property=\"og:locale\" content=\"fi_FI\" \/>\n<meta property=\"og:type\" content=\"article\" \/>\n<meta property=\"og:title\" content=\"Elokuun 2018 kielivinkki \u2013 Kieliluotsin lokikirja\" \/>\n<meta property=\"og:description\" content=\"Kieliluotsin elokuun 2018 kielivinkiss\u00e4 muistutetaan, ett\u00e4 jos jotakin pit\u00e4\u00e4 tehd\u00e4 5.9. menness\u00e4, se tulee tehd\u00e4 viimeist\u00e4\u00e4n 4.9. klo 23.59.\" \/>\n<meta property=\"og:url\" content=\"https:\/\/www.kieliluotsi.fi\/lokikirja\/elokuun-2018-kielivinkki\/\" \/>\n<meta property=\"og:site_name\" content=\"Kieliluotsin lokikirja\" \/>\n<meta property=\"article:published_time\" content=\"2018-08-20T06:00:09+00:00\" \/>\n<meta property=\"article:modified_time\" content=\"2020-04-25T17:36:58+00:00\" \/>\n<meta property=\"og:image\" content=\"https:\/\/www.kieliluotsi.fi\/lokikirja\/media\/2020\/04\/kuukauden-kielivinkki-artikkelikuva.jpg\" \/>\n\t<meta property=\"og:image:width\" content=\"1001\" \/>\n\t<meta property=\"og:image:height\" content=\"1000\" \/>\n\t<meta property=\"og:image:type\" content=\"image\/jpeg\" \/>\n<meta name=\"author\" content=\"Jutta Posti\" \/>\n<meta name=\"twitter:label1\" content=\"Kirjoittanut\" \/>\n\t<meta name=\"twitter:data1\" content=\"Jutta Posti\" \/>\n\t<meta name=\"twitter:label2\" content=\"Arvioitu lukuaika\" \/>\n\t<meta name=\"twitter:data2\" content=\"1 minuutti\" \/>\n<script type=\"application\/ld+json\" class=\"yoast-schema-graph\">{\"@context\":\"https:\/\/schema.org\",\"@graph\":[{\"@type\":\"WebPage\",\"@id\":\"https:\/\/www.kieliluotsi.fi\/lokikirja\/elokuun-2018-kielivinkki\/\",\"url\":\"https:\/\/www.kieliluotsi.fi\/lokikirja\/elokuun-2018-kielivinkki\/\",\"name\":\"Elokuun 2018 kielivinkki \u2013 Kieliluotsin lokikirja\",\"isPartOf\":{\"@id\":\"https:\/\/www.kieliluotsi.fi\/lokikirja\/#website\"},\"datePublished\":\"2018-08-20T06:00:09+00:00\",\"dateModified\":\"2020-04-25T17:36:58+00:00\",\"author\":{\"@id\":\"https:\/\/www.kieliluotsi.fi\/lokikirja\/#\/schema\/person\/be983f8146cb3edad975db1e1f487dc3\"},\"description\":\"Kieliluotsin elokuun 2018 kielivinkiss\u00e4 muistutetaan, ett\u00e4 jos jotakin pit\u00e4\u00e4 tehd\u00e4 5.9. menness\u00e4, se tulee tehd\u00e4 viimeist\u00e4\u00e4n 4.9. klo 23.59.\",\"breadcrumb\":{\"@id\":\"https:\/\/www.kieliluotsi.fi\/lokikirja\/elokuun-2018-kielivinkki\/#breadcrumb\"},\"inLanguage\":\"fi\",\"potentialAction\":[{\"@type\":\"ReadAction\",\"target\":[\"https:\/\/www.kieliluotsi.fi\/lokikirja\/elokuun-2018-kielivinkki\/\"]}]},{\"@type\":\"BreadcrumbList\",\"@id\":\"https:\/\/www.kieliluotsi.fi\/lokikirja\/elokuun-2018-kielivinkki\/#breadcrumb\",\"itemListElement\":[{\"@type\":\"ListItem\",\"position\":1,\"name\":\"Etusivu\",\"item\":\"https:\/\/www.kieliluotsi.fi\/lokikirja\/\"},{\"@type\":\"ListItem\",\"position\":2,\"name\":\"Elokuun 2018 kielivinkki\"}]},{\"@type\":\"WebSite\",\"@id\":\"https:\/\/www.kieliluotsi.fi\/lokikirja\/#website\",\"url\":\"https:\/\/www.kieliluotsi.fi\/lokikirja\/\",\"name\":\"Kieliluotsin lokikirja\",\"description\":\"havaintoja kielest\u00e4 ja sen ilmi\u00f6ist\u00e4\",\"potentialAction\":[{\"@type\":\"SearchAction\",\"target\":{\"@type\":\"EntryPoint\",\"urlTemplate\":\"https:\/\/www.kieliluotsi.fi\/lokikirja\/?s={search_term_string}\"},\"query-input\":\"required name=search_term_string\"}],\"inLanguage\":\"fi\"},{\"@type\":\"Person\",\"@id\":\"https:\/\/www.kieliluotsi.fi\/lokikirja\/#\/schema\/person\/be983f8146cb3edad975db1e1f487dc3\",\"name\":\"Jutta Posti\",\"image\":{\"@type\":\"ImageObject\",\"inLanguage\":\"fi\",\"@id\":\"https:\/\/www.kieliluotsi.fi\/lokikirja\/#\/schema\/person\/image\/\",\"url\":\"https:\/\/www.kieliluotsi.fi\/lokikirja\/media\/2017\/11\/Jutta-Posti_avatar_1511473595-96x96.jpg\",\"contentUrl\":\"https:\/\/www.kieliluotsi.fi\/lokikirja\/media\/2017\/11\/Jutta-Posti_avatar_1511473595-96x96.jpg\",\"caption\":\"Jutta Posti\"},\"description\":\"Jutta Posti (FM) on haminalainen humanisti ja kielifriikki. H\u00e4n on kielipalveluja tarjoavan Kieliluotsin perustaja ja kieliasiantuntija.\",\"sameAs\":[\"https:\/\/www.kieliluotsi.fi\"],\"url\":\"https:\/\/www.kieliluotsi.fi\/lokikirja\/author\/jutta_jarvansalo\/\"}]}<\/script>\n<!-- \/ Yoast SEO plugin. -->","yoast_head_json":{"title":"Elokuun 2018 kielivinkki \u2013 Kieliluotsin lokikirja","description":"Kieliluotsin elokuun 2018 kielivinkiss\u00e4 muistutetaan, ett\u00e4 jos jotakin pit\u00e4\u00e4 tehd\u00e4 5.9. menness\u00e4, se tulee tehd\u00e4 viimeist\u00e4\u00e4n 4.9. klo 23.59.","robots":{"index":"index","follow":"follow","max-snippet":"max-snippet:-1","max-image-preview":"max-image-preview:large","max-video-preview":"max-video-preview:-1"},"canonical":"https:\/\/www.kieliluotsi.fi\/lokikirja\/elokuun-2018-kielivinkki\/","og_locale":"fi_FI","og_type":"article","og_title":"Elokuun 2018 kielivinkki \u2013 Kieliluotsin lokikirja","og_description":"Kieliluotsin elokuun 2018 kielivinkiss\u00e4 muistutetaan, ett\u00e4 jos jotakin pit\u00e4\u00e4 tehd\u00e4 5.9. menness\u00e4, se tulee tehd\u00e4 viimeist\u00e4\u00e4n 4.9. klo 23.59.","og_url":"https:\/\/www.kieliluotsi.fi\/lokikirja\/elokuun-2018-kielivinkki\/","og_site_name":"Kieliluotsin lokikirja","article_published_time":"2018-08-20T06:00:09+00:00","article_modified_time":"2020-04-25T17:36:58+00:00","og_image":[{"width":1001,"height":1000,"url":"https:\/\/www.kieliluotsi.fi\/lokikirja\/media\/2020\/04\/kuukauden-kielivinkki-artikkelikuva.jpg","type":"image\/jpeg"}],"author":"Jutta Posti","twitter_misc":{"Kirjoittanut":"Jutta Posti","Arvioitu lukuaika":"1 minuutti"},"schema":{"@context":"https:\/\/schema.org","@graph":[{"@type":"WebPage","@id":"https:\/\/www.kieliluotsi.fi\/lokikirja\/elokuun-2018-kielivinkki\/","url":"https:\/\/www.kieliluotsi.fi\/lokikirja\/elokuun-2018-kielivinkki\/","name":"Elokuun 2018 kielivinkki \u2013 Kieliluotsin lokikirja","isPartOf":{"@id":"https:\/\/www.kieliluotsi.fi\/lokikirja\/#website"},"datePublished":"2018-08-20T06:00:09+00:00","dateModified":"2020-04-25T17:36:58+00:00","author":{"@id":"https:\/\/www.kieliluotsi.fi\/lokikirja\/#\/schema\/person\/be983f8146cb3edad975db1e1f487dc3"},"description":"Kieliluotsin elokuun 2018 kielivinkiss\u00e4 muistutetaan, ett\u00e4 jos jotakin pit\u00e4\u00e4 tehd\u00e4 5.9. menness\u00e4, se tulee tehd\u00e4 viimeist\u00e4\u00e4n 4.9. klo 23.59.","breadcrumb":{"@id":"https:\/\/www.kieliluotsi.fi\/lokikirja\/elokuun-2018-kielivinkki\/#breadcrumb"},"inLanguage":"fi","potentialAction":[{"@type":"ReadAction","target":["https:\/\/www.kieliluotsi.fi\/lokikirja\/elokuun-2018-kielivinkki\/"]}]},{"@type":"BreadcrumbList","@id":"https:\/\/www.kieliluotsi.fi\/lokikirja\/elokuun-2018-kielivinkki\/#breadcrumb","itemListElement":[{"@type":"ListItem","position":1,"name":"Etusivu","item":"https:\/\/www.kieliluotsi.fi\/lokikirja\/"},{"@type":"ListItem","position":2,"name":"Elokuun 2018 kielivinkki"}]},{"@type":"WebSite","@id":"https:\/\/www.kieliluotsi.fi\/lokikirja\/#website","url":"https:\/\/www.kieliluotsi.fi\/lokikirja\/","name":"Kieliluotsin lokikirja","description":"havaintoja kielest\u00e4 ja sen ilmi\u00f6ist\u00e4","potentialAction":[{"@type":"SearchAction","target":{"@type":"EntryPoint","urlTemplate":"https:\/\/www.kieliluotsi.fi\/lokikirja\/?s={search_term_string}"},"query-input":"required name=search_term_string"}],"inLanguage":"fi"},{"@type":"Person","@id":"https:\/\/www.kieliluotsi.fi\/lokikirja\/#\/schema\/person\/be983f8146cb3edad975db1e1f487dc3","name":"Jutta Posti","image":{"@type":"ImageObject","inLanguage":"fi","@id":"https:\/\/www.kieliluotsi.fi\/lokikirja\/#\/schema\/person\/image\/","url":"https:\/\/www.kieliluotsi.fi\/lokikirja\/media\/2017\/11\/Jutta-Posti_avatar_1511473595-96x96.jpg","contentUrl":"https:\/\/www.kieliluotsi.fi\/lokikirja\/media\/2017\/11\/Jutta-Posti_avatar_1511473595-96x96.jpg","caption":"Jutta Posti"},"description":"Jutta Posti (FM) on haminalainen humanisti ja kielifriikki. H\u00e4n on kielipalveluja tarjoavan Kieliluotsin perustaja ja kieliasiantuntija.","sameAs":["https:\/\/www.kieliluotsi.fi"],"url":"https:\/\/www.kieliluotsi.fi\/lokikirja\/author\/jutta_jarvansalo\/"}]}},"_links":{"self":[{"href":"https:\/\/www.kieliluotsi.fi\/lokikirja\/wp-json\/wp\/v2\/posts\/1345"}],"collection":[{"href":"https:\/\/www.kieliluotsi.fi\/lokikirja\/wp-json\/wp\/v2\/posts"}],"about":[{"href":"https:\/\/www.kieliluotsi.fi\/lokikirja\/wp-json\/wp\/v2\/types\/post"}],"author":[{"embeddable":true,"href":"https:\/\/www.kieliluotsi.fi\/lokikirja\/wp-json\/wp\/v2\/users\/3"}],"replies":[{"embeddable":true,"href":"https:\/\/www.kieliluotsi.fi\/lokikirja\/wp-json\/wp\/v2\/comments?post=1345"}],"version-history":[{"count":1,"href":"https:\/\/www.kieliluotsi.fi\/lokikirja\/wp-json\/wp\/v2\/posts\/1345\/revisions"}],"predecessor-version":[{"id":1346,"href":"https:\/\/www.kieliluotsi.fi\/lokikirja\/wp-json\/wp\/v2\/posts\/1345\/revisions\/1346"}],"wp:featuredmedia":[{"embeddable":true,"href":"https:\/\/www.kieliluotsi.fi\/lokikirja\/wp-json\/wp\/v2\/media\/1297"}],"wp:attachment":[{"href":"https:\/\/www.kieliluotsi.fi\/lokikirja\/wp-json\/wp\/v2\/media?parent=1345"}],"wp:term":[{"taxonomy":"category","embeddable":true,"href":"https:\/\/www.kieliluotsi.fi\/lokikirja\/wp-json\/wp\/v2\/categories?post=1345"},{"taxonomy":"post_tag","embeddable":true,"href":"https:\/\/www.kieliluotsi.fi\/lokikirja\/wp-json\/wp\/v2\/tags?post=1345"}],"curies":[{"name":"wp","href":"https:\/\/api.w.org\/{rel}","templated":true}]}}