{"id":1376,"date":"2020-05-20T14:27:36","date_gmt":"2020-05-20T11:27:36","guid":{"rendered":"https:\/\/www.kieliluotsi.fi\/lokikirja\/?p=1376"},"modified":"2020-05-20T14:27:37","modified_gmt":"2020-05-20T11:27:37","slug":"toukokuun-2020-kielivinkki","status":"publish","type":"post","link":"https:\/\/www.kieliluotsi.fi\/lokikirja\/toukokuun-2020-kielivinkki\/","title":{"rendered":"Toukokuun 2020 kielivinkki"},"content":{"rendered":"\n<p>Olen yh\u00e4 useammin t\u00f6rm\u00e4nnyt lukemissani teksteiss\u00e4 siihen, ett\u00e4 kaikki-sana alkaa vallata my\u00f6s sille kuulumattomia alueita. Sit\u00e4 saatetaan nimitt\u00e4in k\u00e4ytt\u00e4\u00e4 hieman harhaanjohtavasti my\u00f6s silloin, kun puhutaan vain kahdesta.<\/p>\n\n\n\n<!--more-->\n\n\n\n<p>Suomessahan on kuitenkin kahdesta puhuttaessa hyvinkin k\u00e4ytt\u00f6kelpoisia sanoja, kuten \u201dkumpikin\u201d ja \u201dmolemmat\u201d. Niiden k\u00e4ytt\u00f6 my\u00f6s lis\u00e4\u00e4 virkkeen informatiivisuutta. Jos esimerkiksi \u201druokin kaikki kissani\u201d, kissojen lukum\u00e4\u00e4r\u00e4 ei tule selv\u00e4ksi, toisin kuin tapauksessa \u201druokin molemmat kissani\u201d.<\/p>\n\n\n\n<p>Ihmettelenkin, ett\u00e4 kaikki-sana on alkanut saada suomen kieless\u00e4 yh\u00e4 enemm\u00e4n jalansijaa. Suomen kahta ilmaisevat sanat ovat nimitt\u00e4in kumpikin\/molemmat niin k\u00e4tevi\u00e4 ja informatiivisia!<\/p>\n","protected":false},"excerpt":{"rendered":"<p>Olen yh\u00e4 useammin t\u00f6rm\u00e4nnyt lukemissani teksteiss\u00e4 siihen, ett\u00e4 kaikki-sana alkaa vallata my\u00f6s sille kuulumattomia alueita. Sit\u00e4 saatetaan nimitt\u00e4in k\u00e4ytt\u00e4\u00e4 hieman harhaanjohtavasti my\u00f6s silloin, kun puhutaan vain kahdesta.<\/p>\n","protected":false},"author":3,"featured_media":1297,"comment_status":"open","ping_status":"open","sticky":false,"template":"","format":"standard","meta":[],"categories":[255],"tags":[256,162],"yoast_head":"<!-- This site is optimized with the Yoast SEO plugin v20.13 - https:\/\/yoast.com\/wordpress\/plugins\/seo\/ -->\n<title>Toukokuun 2020 kielivinkki \u2013 Kieliluotsin lokikirja<\/title>\n<meta name=\"description\" content=\"Olen yh\u00e4 useammin t\u00f6rm\u00e4nnyt lukemissani teksteiss\u00e4 siihen, ett\u00e4 kaikki-sana alkaa vallata my\u00f6s sille kuulumattomia alueita.\" \/>\n<meta name=\"robots\" content=\"index, follow, max-snippet:-1, max-image-preview:large, max-video-preview:-1\" \/>\n<link rel=\"canonical\" href=\"https:\/\/www.kieliluotsi.fi\/lokikirja\/toukokuun-2020-kielivinkki\/\" \/>\n<meta property=\"og:locale\" content=\"fi_FI\" \/>\n<meta property=\"og:type\" content=\"article\" \/>\n<meta property=\"og:title\" content=\"Toukokuun 2020 kielivinkki \u2013 Kieliluotsin lokikirja\" \/>\n<meta property=\"og:description\" content=\"Olen yh\u00e4 useammin t\u00f6rm\u00e4nnyt lukemissani teksteiss\u00e4 siihen, ett\u00e4 kaikki-sana alkaa vallata my\u00f6s sille kuulumattomia alueita.\" \/>\n<meta property=\"og:url\" content=\"https:\/\/www.kieliluotsi.fi\/lokikirja\/toukokuun-2020-kielivinkki\/\" \/>\n<meta property=\"og:site_name\" content=\"Kieliluotsin lokikirja\" \/>\n<meta property=\"article:published_time\" content=\"2020-05-20T11:27:36+00:00\" \/>\n<meta property=\"article:modified_time\" content=\"2020-05-20T11:27:37+00:00\" \/>\n<meta property=\"og:image\" content=\"https:\/\/www.kieliluotsi.fi\/lokikirja\/media\/2020\/04\/kuukauden-kielivinkki-artikkelikuva.jpg\" \/>\n\t<meta property=\"og:image:width\" content=\"1001\" \/>\n\t<meta property=\"og:image:height\" content=\"1000\" \/>\n\t<meta property=\"og:image:type\" content=\"image\/jpeg\" \/>\n<meta name=\"author\" content=\"Jutta Posti\" \/>\n<meta name=\"twitter:label1\" content=\"Kirjoittanut\" \/>\n\t<meta name=\"twitter:data1\" content=\"Jutta Posti\" \/>\n<script type=\"application\/ld+json\" class=\"yoast-schema-graph\">{\"@context\":\"https:\/\/schema.org\",\"@graph\":[{\"@type\":\"WebPage\",\"@id\":\"https:\/\/www.kieliluotsi.fi\/lokikirja\/toukokuun-2020-kielivinkki\/\",\"url\":\"https:\/\/www.kieliluotsi.fi\/lokikirja\/toukokuun-2020-kielivinkki\/\",\"name\":\"Toukokuun 2020 kielivinkki \u2013 Kieliluotsin lokikirja\",\"isPartOf\":{\"@id\":\"https:\/\/www.kieliluotsi.fi\/lokikirja\/#website\"},\"datePublished\":\"2020-05-20T11:27:36+00:00\",\"dateModified\":\"2020-05-20T11:27:37+00:00\",\"author\":{\"@id\":\"https:\/\/www.kieliluotsi.fi\/lokikirja\/#\/schema\/person\/be983f8146cb3edad975db1e1f487dc3\"},\"description\":\"Olen yh\u00e4 useammin t\u00f6rm\u00e4nnyt lukemissani teksteiss\u00e4 siihen, ett\u00e4 kaikki-sana alkaa vallata my\u00f6s sille kuulumattomia alueita.\",\"breadcrumb\":{\"@id\":\"https:\/\/www.kieliluotsi.fi\/lokikirja\/toukokuun-2020-kielivinkki\/#breadcrumb\"},\"inLanguage\":\"fi\",\"potentialAction\":[{\"@type\":\"ReadAction\",\"target\":[\"https:\/\/www.kieliluotsi.fi\/lokikirja\/toukokuun-2020-kielivinkki\/\"]}]},{\"@type\":\"BreadcrumbList\",\"@id\":\"https:\/\/www.kieliluotsi.fi\/lokikirja\/toukokuun-2020-kielivinkki\/#breadcrumb\",\"itemListElement\":[{\"@type\":\"ListItem\",\"position\":1,\"name\":\"Etusivu\",\"item\":\"https:\/\/www.kieliluotsi.fi\/lokikirja\/\"},{\"@type\":\"ListItem\",\"position\":2,\"name\":\"Toukokuun 2020 kielivinkki\"}]},{\"@type\":\"WebSite\",\"@id\":\"https:\/\/www.kieliluotsi.fi\/lokikirja\/#website\",\"url\":\"https:\/\/www.kieliluotsi.fi\/lokikirja\/\",\"name\":\"Kieliluotsin lokikirja\",\"description\":\"havaintoja kielest\u00e4 ja sen ilmi\u00f6ist\u00e4\",\"potentialAction\":[{\"@type\":\"SearchAction\",\"target\":{\"@type\":\"EntryPoint\",\"urlTemplate\":\"https:\/\/www.kieliluotsi.fi\/lokikirja\/?s={search_term_string}\"},\"query-input\":\"required name=search_term_string\"}],\"inLanguage\":\"fi\"},{\"@type\":\"Person\",\"@id\":\"https:\/\/www.kieliluotsi.fi\/lokikirja\/#\/schema\/person\/be983f8146cb3edad975db1e1f487dc3\",\"name\":\"Jutta Posti\",\"image\":{\"@type\":\"ImageObject\",\"inLanguage\":\"fi\",\"@id\":\"https:\/\/www.kieliluotsi.fi\/lokikirja\/#\/schema\/person\/image\/\",\"url\":\"https:\/\/www.kieliluotsi.fi\/lokikirja\/media\/2017\/11\/Jutta-Posti_avatar_1511473595-96x96.jpg\",\"contentUrl\":\"https:\/\/www.kieliluotsi.fi\/lokikirja\/media\/2017\/11\/Jutta-Posti_avatar_1511473595-96x96.jpg\",\"caption\":\"Jutta Posti\"},\"description\":\"Jutta Posti (FM) on haminalainen humanisti ja kielifriikki. H\u00e4n on kielipalveluja tarjoavan Kieliluotsin perustaja ja kieliasiantuntija.\",\"sameAs\":[\"https:\/\/www.kieliluotsi.fi\"],\"url\":\"https:\/\/www.kieliluotsi.fi\/lokikirja\/author\/jutta_jarvansalo\/\"}]}<\/script>\n<!-- \/ Yoast SEO plugin. -->","yoast_head_json":{"title":"Toukokuun 2020 kielivinkki \u2013 Kieliluotsin lokikirja","description":"Olen yh\u00e4 useammin t\u00f6rm\u00e4nnyt lukemissani teksteiss\u00e4 siihen, ett\u00e4 kaikki-sana alkaa vallata my\u00f6s sille kuulumattomia alueita.","robots":{"index":"index","follow":"follow","max-snippet":"max-snippet:-1","max-image-preview":"max-image-preview:large","max-video-preview":"max-video-preview:-1"},"canonical":"https:\/\/www.kieliluotsi.fi\/lokikirja\/toukokuun-2020-kielivinkki\/","og_locale":"fi_FI","og_type":"article","og_title":"Toukokuun 2020 kielivinkki \u2013 Kieliluotsin lokikirja","og_description":"Olen yh\u00e4 useammin t\u00f6rm\u00e4nnyt lukemissani teksteiss\u00e4 siihen, ett\u00e4 kaikki-sana alkaa vallata my\u00f6s sille kuulumattomia alueita.","og_url":"https:\/\/www.kieliluotsi.fi\/lokikirja\/toukokuun-2020-kielivinkki\/","og_site_name":"Kieliluotsin lokikirja","article_published_time":"2020-05-20T11:27:36+00:00","article_modified_time":"2020-05-20T11:27:37+00:00","og_image":[{"width":1001,"height":1000,"url":"https:\/\/www.kieliluotsi.fi\/lokikirja\/media\/2020\/04\/kuukauden-kielivinkki-artikkelikuva.jpg","type":"image\/jpeg"}],"author":"Jutta Posti","twitter_misc":{"Kirjoittanut":"Jutta Posti"},"schema":{"@context":"https:\/\/schema.org","@graph":[{"@type":"WebPage","@id":"https:\/\/www.kieliluotsi.fi\/lokikirja\/toukokuun-2020-kielivinkki\/","url":"https:\/\/www.kieliluotsi.fi\/lokikirja\/toukokuun-2020-kielivinkki\/","name":"Toukokuun 2020 kielivinkki \u2013 Kieliluotsin lokikirja","isPartOf":{"@id":"https:\/\/www.kieliluotsi.fi\/lokikirja\/#website"},"datePublished":"2020-05-20T11:27:36+00:00","dateModified":"2020-05-20T11:27:37+00:00","author":{"@id":"https:\/\/www.kieliluotsi.fi\/lokikirja\/#\/schema\/person\/be983f8146cb3edad975db1e1f487dc3"},"description":"Olen yh\u00e4 useammin t\u00f6rm\u00e4nnyt lukemissani teksteiss\u00e4 siihen, ett\u00e4 kaikki-sana alkaa vallata my\u00f6s sille kuulumattomia alueita.","breadcrumb":{"@id":"https:\/\/www.kieliluotsi.fi\/lokikirja\/toukokuun-2020-kielivinkki\/#breadcrumb"},"inLanguage":"fi","potentialAction":[{"@type":"ReadAction","target":["https:\/\/www.kieliluotsi.fi\/lokikirja\/toukokuun-2020-kielivinkki\/"]}]},{"@type":"BreadcrumbList","@id":"https:\/\/www.kieliluotsi.fi\/lokikirja\/toukokuun-2020-kielivinkki\/#breadcrumb","itemListElement":[{"@type":"ListItem","position":1,"name":"Etusivu","item":"https:\/\/www.kieliluotsi.fi\/lokikirja\/"},{"@type":"ListItem","position":2,"name":"Toukokuun 2020 kielivinkki"}]},{"@type":"WebSite","@id":"https:\/\/www.kieliluotsi.fi\/lokikirja\/#website","url":"https:\/\/www.kieliluotsi.fi\/lokikirja\/","name":"Kieliluotsin lokikirja","description":"havaintoja kielest\u00e4 ja sen ilmi\u00f6ist\u00e4","potentialAction":[{"@type":"SearchAction","target":{"@type":"EntryPoint","urlTemplate":"https:\/\/www.kieliluotsi.fi\/lokikirja\/?s={search_term_string}"},"query-input":"required name=search_term_string"}],"inLanguage":"fi"},{"@type":"Person","@id":"https:\/\/www.kieliluotsi.fi\/lokikirja\/#\/schema\/person\/be983f8146cb3edad975db1e1f487dc3","name":"Jutta Posti","image":{"@type":"ImageObject","inLanguage":"fi","@id":"https:\/\/www.kieliluotsi.fi\/lokikirja\/#\/schema\/person\/image\/","url":"https:\/\/www.kieliluotsi.fi\/lokikirja\/media\/2017\/11\/Jutta-Posti_avatar_1511473595-96x96.jpg","contentUrl":"https:\/\/www.kieliluotsi.fi\/lokikirja\/media\/2017\/11\/Jutta-Posti_avatar_1511473595-96x96.jpg","caption":"Jutta Posti"},"description":"Jutta Posti (FM) on haminalainen humanisti ja kielifriikki. H\u00e4n on kielipalveluja tarjoavan Kieliluotsin perustaja ja kieliasiantuntija.","sameAs":["https:\/\/www.kieliluotsi.fi"],"url":"https:\/\/www.kieliluotsi.fi\/lokikirja\/author\/jutta_jarvansalo\/"}]}},"_links":{"self":[{"href":"https:\/\/www.kieliluotsi.fi\/lokikirja\/wp-json\/wp\/v2\/posts\/1376"}],"collection":[{"href":"https:\/\/www.kieliluotsi.fi\/lokikirja\/wp-json\/wp\/v2\/posts"}],"about":[{"href":"https:\/\/www.kieliluotsi.fi\/lokikirja\/wp-json\/wp\/v2\/types\/post"}],"author":[{"embeddable":true,"href":"https:\/\/www.kieliluotsi.fi\/lokikirja\/wp-json\/wp\/v2\/users\/3"}],"replies":[{"embeddable":true,"href":"https:\/\/www.kieliluotsi.fi\/lokikirja\/wp-json\/wp\/v2\/comments?post=1376"}],"version-history":[{"count":1,"href":"https:\/\/www.kieliluotsi.fi\/lokikirja\/wp-json\/wp\/v2\/posts\/1376\/revisions"}],"predecessor-version":[{"id":1377,"href":"https:\/\/www.kieliluotsi.fi\/lokikirja\/wp-json\/wp\/v2\/posts\/1376\/revisions\/1377"}],"wp:featuredmedia":[{"embeddable":true,"href":"https:\/\/www.kieliluotsi.fi\/lokikirja\/wp-json\/wp\/v2\/media\/1297"}],"wp:attachment":[{"href":"https:\/\/www.kieliluotsi.fi\/lokikirja\/wp-json\/wp\/v2\/media?parent=1376"}],"wp:term":[{"taxonomy":"category","embeddable":true,"href":"https:\/\/www.kieliluotsi.fi\/lokikirja\/wp-json\/wp\/v2\/categories?post=1376"},{"taxonomy":"post_tag","embeddable":true,"href":"https:\/\/www.kieliluotsi.fi\/lokikirja\/wp-json\/wp\/v2\/tags?post=1376"}],"curies":[{"name":"wp","href":"https:\/\/api.w.org\/{rel}","templated":true}]}}