{"id":1379,"date":"2020-06-21T22:50:00","date_gmt":"2020-06-21T19:50:00","guid":{"rendered":"https:\/\/www.kieliluotsi.fi\/lokikirja\/?p=1379"},"modified":"2020-06-21T22:50:01","modified_gmt":"2020-06-21T19:50:01","slug":"kesakuun-2020-kielivinkki","status":"publish","type":"post","link":"https:\/\/www.kieliluotsi.fi\/lokikirja\/kesakuun-2020-kielivinkki\/","title":{"rendered":"Kes\u00e4kuun 2020 kielivinkki"},"content":{"rendered":"\n<p>Minulta on joskus kysytty, tuleeko toinen-sanan ja adjektiivin v\u00e4liin pilkku esimerkiksi tapauksessa \u201dtoinen vihainen koirani\u201d. Vastaus riippuu t\u00e4ysin merkityksest\u00e4.<\/p>\n\n\n\n<!--more-->\n\n\n\n<p>Pilkkua ei tule, jos omistajalla on kaksi koiraa, joista molemmat ovat vihaisia.<\/p>\n\n\n\n<p>Pilkku tulee, jos omistajalla on kaksi koiraa, joista toinen on vihainen ja toinen kiltti.<\/p>\n\n\n\n<p>Toisin sanoen tapauksessa \u201dtoinen vihainen koirani\u201d molemmat koirat ovat vihaisia, kun taas tapauksessa \u201dtoinen, vihainen koirani\u201d vain toinen koirista on vihainen.<\/p>\n\n\n\n<p>Siin\u00e4p\u00e4 siis vastaus yksinkertaistettuna. Vaikka voisihan t\u00e4h\u00e4n halutessaan antaa my\u00f6s toisen, perusteellisemman vastauksen\u2026<\/p>\n","protected":false},"excerpt":{"rendered":"<p>Minulta on joskus kysytty, tuleeko toinen-sanan ja adjektiivin v\u00e4liin pilkku esimerkiksi tapauksessa \u201dtoinen vihainen koirani\u201d. Vastaus riippuu t\u00e4ysin merkityksest\u00e4.<\/p>\n","protected":false},"author":3,"featured_media":1297,"comment_status":"open","ping_status":"open","sticky":false,"template":"","format":"standard","meta":[],"categories":[255],"tags":[243,256,115],"yoast_head":"<!-- This site is optimized with the Yoast SEO plugin v20.13 - https:\/\/yoast.com\/wordpress\/plugins\/seo\/ -->\n<title>Kes\u00e4kuun 2020 kielivinkki \u2013 Kieliluotsin lokikirja<\/title>\n<meta name=\"description\" content=\"Tuleeko toinen-sanan ja adjektiivin v\u00e4liin pilkku esimerkiksi tapauksessa \u201dtoinen vihainen koirani\u201d? Vastaus riippuu t\u00e4ysin merkityksest\u00e4.\" \/>\n<meta name=\"robots\" content=\"index, follow, max-snippet:-1, max-image-preview:large, max-video-preview:-1\" \/>\n<link rel=\"canonical\" href=\"https:\/\/www.kieliluotsi.fi\/lokikirja\/kesakuun-2020-kielivinkki\/\" \/>\n<meta property=\"og:locale\" content=\"fi_FI\" \/>\n<meta property=\"og:type\" content=\"article\" \/>\n<meta property=\"og:title\" content=\"Kes\u00e4kuun 2020 kielivinkki \u2013 Kieliluotsin lokikirja\" \/>\n<meta property=\"og:description\" content=\"Tuleeko toinen-sanan ja adjektiivin v\u00e4liin pilkku esimerkiksi tapauksessa \u201dtoinen vihainen koirani\u201d? Vastaus riippuu t\u00e4ysin merkityksest\u00e4.\" \/>\n<meta property=\"og:url\" content=\"https:\/\/www.kieliluotsi.fi\/lokikirja\/kesakuun-2020-kielivinkki\/\" \/>\n<meta property=\"og:site_name\" content=\"Kieliluotsin lokikirja\" \/>\n<meta property=\"article:published_time\" content=\"2020-06-21T19:50:00+00:00\" \/>\n<meta property=\"article:modified_time\" content=\"2020-06-21T19:50:01+00:00\" \/>\n<meta property=\"og:image\" content=\"https:\/\/www.kieliluotsi.fi\/lokikirja\/media\/2020\/04\/kuukauden-kielivinkki-artikkelikuva.jpg\" \/>\n\t<meta property=\"og:image:width\" content=\"1001\" \/>\n\t<meta property=\"og:image:height\" content=\"1000\" \/>\n\t<meta property=\"og:image:type\" content=\"image\/jpeg\" \/>\n<meta name=\"author\" content=\"Jutta Posti\" \/>\n<meta name=\"twitter:label1\" content=\"Kirjoittanut\" \/>\n\t<meta name=\"twitter:data1\" content=\"Jutta Posti\" \/>\n<script type=\"application\/ld+json\" class=\"yoast-schema-graph\">{\"@context\":\"https:\/\/schema.org\",\"@graph\":[{\"@type\":\"WebPage\",\"@id\":\"https:\/\/www.kieliluotsi.fi\/lokikirja\/kesakuun-2020-kielivinkki\/\",\"url\":\"https:\/\/www.kieliluotsi.fi\/lokikirja\/kesakuun-2020-kielivinkki\/\",\"name\":\"Kes\u00e4kuun 2020 kielivinkki \u2013 Kieliluotsin lokikirja\",\"isPartOf\":{\"@id\":\"https:\/\/www.kieliluotsi.fi\/lokikirja\/#website\"},\"datePublished\":\"2020-06-21T19:50:00+00:00\",\"dateModified\":\"2020-06-21T19:50:01+00:00\",\"author\":{\"@id\":\"https:\/\/www.kieliluotsi.fi\/lokikirja\/#\/schema\/person\/be983f8146cb3edad975db1e1f487dc3\"},\"description\":\"Tuleeko toinen-sanan ja adjektiivin v\u00e4liin pilkku esimerkiksi tapauksessa \u201dtoinen vihainen koirani\u201d? Vastaus riippuu t\u00e4ysin merkityksest\u00e4.\",\"breadcrumb\":{\"@id\":\"https:\/\/www.kieliluotsi.fi\/lokikirja\/kesakuun-2020-kielivinkki\/#breadcrumb\"},\"inLanguage\":\"fi\",\"potentialAction\":[{\"@type\":\"ReadAction\",\"target\":[\"https:\/\/www.kieliluotsi.fi\/lokikirja\/kesakuun-2020-kielivinkki\/\"]}]},{\"@type\":\"BreadcrumbList\",\"@id\":\"https:\/\/www.kieliluotsi.fi\/lokikirja\/kesakuun-2020-kielivinkki\/#breadcrumb\",\"itemListElement\":[{\"@type\":\"ListItem\",\"position\":1,\"name\":\"Etusivu\",\"item\":\"https:\/\/www.kieliluotsi.fi\/lokikirja\/\"},{\"@type\":\"ListItem\",\"position\":2,\"name\":\"Kes\u00e4kuun 2020 kielivinkki\"}]},{\"@type\":\"WebSite\",\"@id\":\"https:\/\/www.kieliluotsi.fi\/lokikirja\/#website\",\"url\":\"https:\/\/www.kieliluotsi.fi\/lokikirja\/\",\"name\":\"Kieliluotsin lokikirja\",\"description\":\"havaintoja kielest\u00e4 ja sen ilmi\u00f6ist\u00e4\",\"potentialAction\":[{\"@type\":\"SearchAction\",\"target\":{\"@type\":\"EntryPoint\",\"urlTemplate\":\"https:\/\/www.kieliluotsi.fi\/lokikirja\/?s={search_term_string}\"},\"query-input\":\"required name=search_term_string\"}],\"inLanguage\":\"fi\"},{\"@type\":\"Person\",\"@id\":\"https:\/\/www.kieliluotsi.fi\/lokikirja\/#\/schema\/person\/be983f8146cb3edad975db1e1f487dc3\",\"name\":\"Jutta Posti\",\"image\":{\"@type\":\"ImageObject\",\"inLanguage\":\"fi\",\"@id\":\"https:\/\/www.kieliluotsi.fi\/lokikirja\/#\/schema\/person\/image\/\",\"url\":\"https:\/\/www.kieliluotsi.fi\/lokikirja\/media\/2017\/11\/Jutta-Posti_avatar_1511473595-96x96.jpg\",\"contentUrl\":\"https:\/\/www.kieliluotsi.fi\/lokikirja\/media\/2017\/11\/Jutta-Posti_avatar_1511473595-96x96.jpg\",\"caption\":\"Jutta Posti\"},\"description\":\"Jutta Posti (FM) on haminalainen humanisti ja kielifriikki. H\u00e4n on kielipalveluja tarjoavan Kieliluotsin perustaja ja kieliasiantuntija.\",\"sameAs\":[\"https:\/\/www.kieliluotsi.fi\"],\"url\":\"https:\/\/www.kieliluotsi.fi\/lokikirja\/author\/jutta_jarvansalo\/\"}]}<\/script>\n<!-- \/ Yoast SEO plugin. -->","yoast_head_json":{"title":"Kes\u00e4kuun 2020 kielivinkki \u2013 Kieliluotsin lokikirja","description":"Tuleeko toinen-sanan ja adjektiivin v\u00e4liin pilkku esimerkiksi tapauksessa \u201dtoinen vihainen koirani\u201d? Vastaus riippuu t\u00e4ysin merkityksest\u00e4.","robots":{"index":"index","follow":"follow","max-snippet":"max-snippet:-1","max-image-preview":"max-image-preview:large","max-video-preview":"max-video-preview:-1"},"canonical":"https:\/\/www.kieliluotsi.fi\/lokikirja\/kesakuun-2020-kielivinkki\/","og_locale":"fi_FI","og_type":"article","og_title":"Kes\u00e4kuun 2020 kielivinkki \u2013 Kieliluotsin lokikirja","og_description":"Tuleeko toinen-sanan ja adjektiivin v\u00e4liin pilkku esimerkiksi tapauksessa \u201dtoinen vihainen koirani\u201d? Vastaus riippuu t\u00e4ysin merkityksest\u00e4.","og_url":"https:\/\/www.kieliluotsi.fi\/lokikirja\/kesakuun-2020-kielivinkki\/","og_site_name":"Kieliluotsin lokikirja","article_published_time":"2020-06-21T19:50:00+00:00","article_modified_time":"2020-06-21T19:50:01+00:00","og_image":[{"width":1001,"height":1000,"url":"https:\/\/www.kieliluotsi.fi\/lokikirja\/media\/2020\/04\/kuukauden-kielivinkki-artikkelikuva.jpg","type":"image\/jpeg"}],"author":"Jutta Posti","twitter_misc":{"Kirjoittanut":"Jutta Posti"},"schema":{"@context":"https:\/\/schema.org","@graph":[{"@type":"WebPage","@id":"https:\/\/www.kieliluotsi.fi\/lokikirja\/kesakuun-2020-kielivinkki\/","url":"https:\/\/www.kieliluotsi.fi\/lokikirja\/kesakuun-2020-kielivinkki\/","name":"Kes\u00e4kuun 2020 kielivinkki \u2013 Kieliluotsin lokikirja","isPartOf":{"@id":"https:\/\/www.kieliluotsi.fi\/lokikirja\/#website"},"datePublished":"2020-06-21T19:50:00+00:00","dateModified":"2020-06-21T19:50:01+00:00","author":{"@id":"https:\/\/www.kieliluotsi.fi\/lokikirja\/#\/schema\/person\/be983f8146cb3edad975db1e1f487dc3"},"description":"Tuleeko toinen-sanan ja adjektiivin v\u00e4liin pilkku esimerkiksi tapauksessa \u201dtoinen vihainen koirani\u201d? Vastaus riippuu t\u00e4ysin merkityksest\u00e4.","breadcrumb":{"@id":"https:\/\/www.kieliluotsi.fi\/lokikirja\/kesakuun-2020-kielivinkki\/#breadcrumb"},"inLanguage":"fi","potentialAction":[{"@type":"ReadAction","target":["https:\/\/www.kieliluotsi.fi\/lokikirja\/kesakuun-2020-kielivinkki\/"]}]},{"@type":"BreadcrumbList","@id":"https:\/\/www.kieliluotsi.fi\/lokikirja\/kesakuun-2020-kielivinkki\/#breadcrumb","itemListElement":[{"@type":"ListItem","position":1,"name":"Etusivu","item":"https:\/\/www.kieliluotsi.fi\/lokikirja\/"},{"@type":"ListItem","position":2,"name":"Kes\u00e4kuun 2020 kielivinkki"}]},{"@type":"WebSite","@id":"https:\/\/www.kieliluotsi.fi\/lokikirja\/#website","url":"https:\/\/www.kieliluotsi.fi\/lokikirja\/","name":"Kieliluotsin lokikirja","description":"havaintoja kielest\u00e4 ja sen ilmi\u00f6ist\u00e4","potentialAction":[{"@type":"SearchAction","target":{"@type":"EntryPoint","urlTemplate":"https:\/\/www.kieliluotsi.fi\/lokikirja\/?s={search_term_string}"},"query-input":"required name=search_term_string"}],"inLanguage":"fi"},{"@type":"Person","@id":"https:\/\/www.kieliluotsi.fi\/lokikirja\/#\/schema\/person\/be983f8146cb3edad975db1e1f487dc3","name":"Jutta Posti","image":{"@type":"ImageObject","inLanguage":"fi","@id":"https:\/\/www.kieliluotsi.fi\/lokikirja\/#\/schema\/person\/image\/","url":"https:\/\/www.kieliluotsi.fi\/lokikirja\/media\/2017\/11\/Jutta-Posti_avatar_1511473595-96x96.jpg","contentUrl":"https:\/\/www.kieliluotsi.fi\/lokikirja\/media\/2017\/11\/Jutta-Posti_avatar_1511473595-96x96.jpg","caption":"Jutta Posti"},"description":"Jutta Posti (FM) on haminalainen humanisti ja kielifriikki. H\u00e4n on kielipalveluja tarjoavan Kieliluotsin perustaja ja kieliasiantuntija.","sameAs":["https:\/\/www.kieliluotsi.fi"],"url":"https:\/\/www.kieliluotsi.fi\/lokikirja\/author\/jutta_jarvansalo\/"}]}},"_links":{"self":[{"href":"https:\/\/www.kieliluotsi.fi\/lokikirja\/wp-json\/wp\/v2\/posts\/1379"}],"collection":[{"href":"https:\/\/www.kieliluotsi.fi\/lokikirja\/wp-json\/wp\/v2\/posts"}],"about":[{"href":"https:\/\/www.kieliluotsi.fi\/lokikirja\/wp-json\/wp\/v2\/types\/post"}],"author":[{"embeddable":true,"href":"https:\/\/www.kieliluotsi.fi\/lokikirja\/wp-json\/wp\/v2\/users\/3"}],"replies":[{"embeddable":true,"href":"https:\/\/www.kieliluotsi.fi\/lokikirja\/wp-json\/wp\/v2\/comments?post=1379"}],"version-history":[{"count":1,"href":"https:\/\/www.kieliluotsi.fi\/lokikirja\/wp-json\/wp\/v2\/posts\/1379\/revisions"}],"predecessor-version":[{"id":1380,"href":"https:\/\/www.kieliluotsi.fi\/lokikirja\/wp-json\/wp\/v2\/posts\/1379\/revisions\/1380"}],"wp:featuredmedia":[{"embeddable":true,"href":"https:\/\/www.kieliluotsi.fi\/lokikirja\/wp-json\/wp\/v2\/media\/1297"}],"wp:attachment":[{"href":"https:\/\/www.kieliluotsi.fi\/lokikirja\/wp-json\/wp\/v2\/media?parent=1379"}],"wp:term":[{"taxonomy":"category","embeddable":true,"href":"https:\/\/www.kieliluotsi.fi\/lokikirja\/wp-json\/wp\/v2\/categories?post=1379"},{"taxonomy":"post_tag","embeddable":true,"href":"https:\/\/www.kieliluotsi.fi\/lokikirja\/wp-json\/wp\/v2\/tags?post=1379"}],"curies":[{"name":"wp","href":"https:\/\/api.w.org\/{rel}","templated":true}]}}