{"id":1382,"date":"2020-07-20T12:06:08","date_gmt":"2020-07-20T09:06:08","guid":{"rendered":"https:\/\/www.kieliluotsi.fi\/lokikirja\/?p=1382"},"modified":"2020-07-20T12:06:41","modified_gmt":"2020-07-20T09:06:41","slug":"heinakuun-2020-kielivinkki","status":"publish","type":"post","link":"https:\/\/www.kieliluotsi.fi\/lokikirja\/heinakuun-2020-kielivinkki\/","title":{"rendered":"Hein\u00e4kuun 2020 kielivinkki"},"content":{"rendered":"\n<p>Suuri osa suomalaisista muistaa viel\u00e4 koulussa oppimansa, edelleen p\u00e4tev\u00e4n s\u00e4\u00e4nn\u00f6n: suomen kieless\u00e4 valtio kirjoitetaan isolla alkukirjaimella mutta sen asukas pienell\u00e4 (Suomi, suomalainen). Kaikki eiv\u00e4t kuitenkaan hahmota, ett\u00e4 sama s\u00e4\u00e4nt\u00f6 koskee esimerkiksi kuntia ja maakuntia \u2013 my\u00f6s ulkomaisia.<\/p>\n\n\n\n<!--more-->\n\n\n\n<p>V\u00e4\u00e4nnet\u00e4\u00e4np\u00e4 rautalangasta: Kaupunki on Hamina mutta sen asukas haminalainen. Maakunta, jossa Hamina sijaitsee, on Kymenlaakso, ja siell\u00e4 asuu kymenlaaksolaisia. Espanjan p\u00e4\u00e4kaupunki on Madrid, ja se on madridilaisten kotikaupunki. Kanadan kultaterritoriona tunnetussa Yukonissa taas asuu yukonilaisia.<\/p>\n\n\n\n<p>Hieman lis\u00e4maustetta p\u00e4\u00e4s\u00e4\u00e4nt\u00f6\u00f6n antaa se, ett\u00e4 Varsinais-Suomen asukkaat ovat varsinaissuomalaisia, P\u00e4ij\u00e4t-H\u00e4meen asukkaat p\u00e4ij\u00e4th\u00e4m\u00e4l\u00e4isi\u00e4 ja Pohjois-Norjan asukkaat pohjoisnorjalaisia. T\u00e4llaisissa tapauksissa siis my\u00f6s yhdysmerkki h\u00e4vi\u00e4\u00e4.<\/p>\n\n\n\n<p>Joskus hankaluuksia tuottavat alueet, joiden nimi on moniosainen, kuten San Francisco, Nova Scotia sek\u00e4 Bosnia ja Hertsegovina. Niiden asukkaat ovat sanfranciscolaisia, novascotialaisia ja bosniahertsegovinalaisia. Nimen osien v\u00e4list\u00e4 katoaa siis v\u00e4lily\u00f6nti sek\u00e4 mahdollinen ja-sana.<\/p>\n\n\n\n<p>Poikkeuksia s\u00e4\u00e4nt\u00f6\u00f6n ei juurikaan ole \u2013 s\u00e4\u00e4nt\u00f6 t\u00e4ytyy vain muistaa. Onneksi Suomessa asuu niin ter\u00e4vi\u00e4 suomalaisia ja suomea k\u00e4ytt\u00e4vi\u00e4, ett\u00e4 ongelmia tuskin aiheutuu!<\/p>\n","protected":false},"excerpt":{"rendered":"<p>Suuri osa suomalaisista muistaa viel\u00e4 koulussa oppimansa, edelleen p\u00e4tev\u00e4n s\u00e4\u00e4nn\u00f6n: suomen kieless\u00e4 valtio kirjoitetaan isolla alkukirjaimella mutta sen asukas pienell\u00e4 (Suomi, suomalainen). Kaikki eiv\u00e4t kuitenkaan hahmota, ett\u00e4 sama s\u00e4\u00e4nt\u00f6 koskee esimerkiksi kuntia ja maakuntia \u2013 my\u00f6s ulkomaisia.<\/p>\n","protected":false},"author":3,"featured_media":1297,"comment_status":"open","ping_status":"open","sticky":false,"template":"","format":"standard","meta":[],"categories":[255],"tags":[256,162],"yoast_head":"<!-- This site is optimized with the Yoast SEO plugin v20.13 - https:\/\/yoast.com\/wordpress\/plugins\/seo\/ -->\n<title>Hein\u00e4kuun 2020 kielivinkki \u2013 Kieliluotsin lokikirja<\/title>\n<meta name=\"description\" content=\"Suomen kieless\u00e4 valtio kirjoitetaan isolla alkukirjaimella mutta sen asukas pienell\u00e4. Sama s\u00e4\u00e4nt\u00f6 koskee esimerkiksi kuntia ja maakuntia \u2013 my\u00f6s ulkomaisia.\" \/>\n<meta name=\"robots\" content=\"index, follow, max-snippet:-1, max-image-preview:large, max-video-preview:-1\" \/>\n<link rel=\"canonical\" href=\"https:\/\/www.kieliluotsi.fi\/lokikirja\/heinakuun-2020-kielivinkki\/\" \/>\n<meta property=\"og:locale\" content=\"fi_FI\" \/>\n<meta property=\"og:type\" content=\"article\" \/>\n<meta property=\"og:title\" content=\"Hein\u00e4kuun 2020 kielivinkki \u2013 Kieliluotsin lokikirja\" \/>\n<meta property=\"og:description\" content=\"Suomen kieless\u00e4 valtio kirjoitetaan isolla alkukirjaimella mutta sen asukas pienell\u00e4. Sama s\u00e4\u00e4nt\u00f6 koskee esimerkiksi kuntia ja maakuntia \u2013 my\u00f6s ulkomaisia.\" \/>\n<meta property=\"og:url\" content=\"https:\/\/www.kieliluotsi.fi\/lokikirja\/heinakuun-2020-kielivinkki\/\" \/>\n<meta property=\"og:site_name\" content=\"Kieliluotsin lokikirja\" \/>\n<meta property=\"article:published_time\" content=\"2020-07-20T09:06:08+00:00\" \/>\n<meta property=\"article:modified_time\" content=\"2020-07-20T09:06:41+00:00\" \/>\n<meta property=\"og:image\" content=\"https:\/\/www.kieliluotsi.fi\/lokikirja\/media\/2020\/04\/kuukauden-kielivinkki-artikkelikuva.jpg\" \/>\n\t<meta property=\"og:image:width\" content=\"1001\" \/>\n\t<meta property=\"og:image:height\" content=\"1000\" \/>\n\t<meta property=\"og:image:type\" content=\"image\/jpeg\" \/>\n<meta name=\"author\" content=\"Jutta Posti\" \/>\n<meta name=\"twitter:label1\" content=\"Kirjoittanut\" \/>\n\t<meta name=\"twitter:data1\" content=\"Jutta Posti\" \/>\n\t<meta name=\"twitter:label2\" content=\"Arvioitu lukuaika\" \/>\n\t<meta name=\"twitter:data2\" content=\"1 minuutti\" \/>\n<script type=\"application\/ld+json\" class=\"yoast-schema-graph\">{\"@context\":\"https:\/\/schema.org\",\"@graph\":[{\"@type\":\"WebPage\",\"@id\":\"https:\/\/www.kieliluotsi.fi\/lokikirja\/heinakuun-2020-kielivinkki\/\",\"url\":\"https:\/\/www.kieliluotsi.fi\/lokikirja\/heinakuun-2020-kielivinkki\/\",\"name\":\"Hein\u00e4kuun 2020 kielivinkki \u2013 Kieliluotsin lokikirja\",\"isPartOf\":{\"@id\":\"https:\/\/www.kieliluotsi.fi\/lokikirja\/#website\"},\"datePublished\":\"2020-07-20T09:06:08+00:00\",\"dateModified\":\"2020-07-20T09:06:41+00:00\",\"author\":{\"@id\":\"https:\/\/www.kieliluotsi.fi\/lokikirja\/#\/schema\/person\/be983f8146cb3edad975db1e1f487dc3\"},\"description\":\"Suomen kieless\u00e4 valtio kirjoitetaan isolla alkukirjaimella mutta sen asukas pienell\u00e4. Sama s\u00e4\u00e4nt\u00f6 koskee esimerkiksi kuntia ja maakuntia \u2013 my\u00f6s ulkomaisia.\",\"breadcrumb\":{\"@id\":\"https:\/\/www.kieliluotsi.fi\/lokikirja\/heinakuun-2020-kielivinkki\/#breadcrumb\"},\"inLanguage\":\"fi\",\"potentialAction\":[{\"@type\":\"ReadAction\",\"target\":[\"https:\/\/www.kieliluotsi.fi\/lokikirja\/heinakuun-2020-kielivinkki\/\"]}]},{\"@type\":\"BreadcrumbList\",\"@id\":\"https:\/\/www.kieliluotsi.fi\/lokikirja\/heinakuun-2020-kielivinkki\/#breadcrumb\",\"itemListElement\":[{\"@type\":\"ListItem\",\"position\":1,\"name\":\"Etusivu\",\"item\":\"https:\/\/www.kieliluotsi.fi\/lokikirja\/\"},{\"@type\":\"ListItem\",\"position\":2,\"name\":\"Hein\u00e4kuun 2020 kielivinkki\"}]},{\"@type\":\"WebSite\",\"@id\":\"https:\/\/www.kieliluotsi.fi\/lokikirja\/#website\",\"url\":\"https:\/\/www.kieliluotsi.fi\/lokikirja\/\",\"name\":\"Kieliluotsin lokikirja\",\"description\":\"havaintoja kielest\u00e4 ja sen ilmi\u00f6ist\u00e4\",\"potentialAction\":[{\"@type\":\"SearchAction\",\"target\":{\"@type\":\"EntryPoint\",\"urlTemplate\":\"https:\/\/www.kieliluotsi.fi\/lokikirja\/?s={search_term_string}\"},\"query-input\":\"required name=search_term_string\"}],\"inLanguage\":\"fi\"},{\"@type\":\"Person\",\"@id\":\"https:\/\/www.kieliluotsi.fi\/lokikirja\/#\/schema\/person\/be983f8146cb3edad975db1e1f487dc3\",\"name\":\"Jutta Posti\",\"image\":{\"@type\":\"ImageObject\",\"inLanguage\":\"fi\",\"@id\":\"https:\/\/www.kieliluotsi.fi\/lokikirja\/#\/schema\/person\/image\/\",\"url\":\"https:\/\/www.kieliluotsi.fi\/lokikirja\/media\/2017\/11\/Jutta-Posti_avatar_1511473595-96x96.jpg\",\"contentUrl\":\"https:\/\/www.kieliluotsi.fi\/lokikirja\/media\/2017\/11\/Jutta-Posti_avatar_1511473595-96x96.jpg\",\"caption\":\"Jutta Posti\"},\"description\":\"Jutta Posti (FM) on haminalainen humanisti ja kielifriikki. H\u00e4n on kielipalveluja tarjoavan Kieliluotsin perustaja ja kieliasiantuntija.\",\"sameAs\":[\"https:\/\/www.kieliluotsi.fi\"],\"url\":\"https:\/\/www.kieliluotsi.fi\/lokikirja\/author\/jutta_jarvansalo\/\"}]}<\/script>\n<!-- \/ Yoast SEO plugin. -->","yoast_head_json":{"title":"Hein\u00e4kuun 2020 kielivinkki \u2013 Kieliluotsin lokikirja","description":"Suomen kieless\u00e4 valtio kirjoitetaan isolla alkukirjaimella mutta sen asukas pienell\u00e4. Sama s\u00e4\u00e4nt\u00f6 koskee esimerkiksi kuntia ja maakuntia \u2013 my\u00f6s ulkomaisia.","robots":{"index":"index","follow":"follow","max-snippet":"max-snippet:-1","max-image-preview":"max-image-preview:large","max-video-preview":"max-video-preview:-1"},"canonical":"https:\/\/www.kieliluotsi.fi\/lokikirja\/heinakuun-2020-kielivinkki\/","og_locale":"fi_FI","og_type":"article","og_title":"Hein\u00e4kuun 2020 kielivinkki \u2013 Kieliluotsin lokikirja","og_description":"Suomen kieless\u00e4 valtio kirjoitetaan isolla alkukirjaimella mutta sen asukas pienell\u00e4. Sama s\u00e4\u00e4nt\u00f6 koskee esimerkiksi kuntia ja maakuntia \u2013 my\u00f6s ulkomaisia.","og_url":"https:\/\/www.kieliluotsi.fi\/lokikirja\/heinakuun-2020-kielivinkki\/","og_site_name":"Kieliluotsin lokikirja","article_published_time":"2020-07-20T09:06:08+00:00","article_modified_time":"2020-07-20T09:06:41+00:00","og_image":[{"width":1001,"height":1000,"url":"https:\/\/www.kieliluotsi.fi\/lokikirja\/media\/2020\/04\/kuukauden-kielivinkki-artikkelikuva.jpg","type":"image\/jpeg"}],"author":"Jutta Posti","twitter_misc":{"Kirjoittanut":"Jutta Posti","Arvioitu lukuaika":"1 minuutti"},"schema":{"@context":"https:\/\/schema.org","@graph":[{"@type":"WebPage","@id":"https:\/\/www.kieliluotsi.fi\/lokikirja\/heinakuun-2020-kielivinkki\/","url":"https:\/\/www.kieliluotsi.fi\/lokikirja\/heinakuun-2020-kielivinkki\/","name":"Hein\u00e4kuun 2020 kielivinkki \u2013 Kieliluotsin lokikirja","isPartOf":{"@id":"https:\/\/www.kieliluotsi.fi\/lokikirja\/#website"},"datePublished":"2020-07-20T09:06:08+00:00","dateModified":"2020-07-20T09:06:41+00:00","author":{"@id":"https:\/\/www.kieliluotsi.fi\/lokikirja\/#\/schema\/person\/be983f8146cb3edad975db1e1f487dc3"},"description":"Suomen kieless\u00e4 valtio kirjoitetaan isolla alkukirjaimella mutta sen asukas pienell\u00e4. Sama s\u00e4\u00e4nt\u00f6 koskee esimerkiksi kuntia ja maakuntia \u2013 my\u00f6s ulkomaisia.","breadcrumb":{"@id":"https:\/\/www.kieliluotsi.fi\/lokikirja\/heinakuun-2020-kielivinkki\/#breadcrumb"},"inLanguage":"fi","potentialAction":[{"@type":"ReadAction","target":["https:\/\/www.kieliluotsi.fi\/lokikirja\/heinakuun-2020-kielivinkki\/"]}]},{"@type":"BreadcrumbList","@id":"https:\/\/www.kieliluotsi.fi\/lokikirja\/heinakuun-2020-kielivinkki\/#breadcrumb","itemListElement":[{"@type":"ListItem","position":1,"name":"Etusivu","item":"https:\/\/www.kieliluotsi.fi\/lokikirja\/"},{"@type":"ListItem","position":2,"name":"Hein\u00e4kuun 2020 kielivinkki"}]},{"@type":"WebSite","@id":"https:\/\/www.kieliluotsi.fi\/lokikirja\/#website","url":"https:\/\/www.kieliluotsi.fi\/lokikirja\/","name":"Kieliluotsin lokikirja","description":"havaintoja kielest\u00e4 ja sen ilmi\u00f6ist\u00e4","potentialAction":[{"@type":"SearchAction","target":{"@type":"EntryPoint","urlTemplate":"https:\/\/www.kieliluotsi.fi\/lokikirja\/?s={search_term_string}"},"query-input":"required name=search_term_string"}],"inLanguage":"fi"},{"@type":"Person","@id":"https:\/\/www.kieliluotsi.fi\/lokikirja\/#\/schema\/person\/be983f8146cb3edad975db1e1f487dc3","name":"Jutta Posti","image":{"@type":"ImageObject","inLanguage":"fi","@id":"https:\/\/www.kieliluotsi.fi\/lokikirja\/#\/schema\/person\/image\/","url":"https:\/\/www.kieliluotsi.fi\/lokikirja\/media\/2017\/11\/Jutta-Posti_avatar_1511473595-96x96.jpg","contentUrl":"https:\/\/www.kieliluotsi.fi\/lokikirja\/media\/2017\/11\/Jutta-Posti_avatar_1511473595-96x96.jpg","caption":"Jutta Posti"},"description":"Jutta Posti (FM) on haminalainen humanisti ja kielifriikki. H\u00e4n on kielipalveluja tarjoavan Kieliluotsin perustaja ja kieliasiantuntija.","sameAs":["https:\/\/www.kieliluotsi.fi"],"url":"https:\/\/www.kieliluotsi.fi\/lokikirja\/author\/jutta_jarvansalo\/"}]}},"_links":{"self":[{"href":"https:\/\/www.kieliluotsi.fi\/lokikirja\/wp-json\/wp\/v2\/posts\/1382"}],"collection":[{"href":"https:\/\/www.kieliluotsi.fi\/lokikirja\/wp-json\/wp\/v2\/posts"}],"about":[{"href":"https:\/\/www.kieliluotsi.fi\/lokikirja\/wp-json\/wp\/v2\/types\/post"}],"author":[{"embeddable":true,"href":"https:\/\/www.kieliluotsi.fi\/lokikirja\/wp-json\/wp\/v2\/users\/3"}],"replies":[{"embeddable":true,"href":"https:\/\/www.kieliluotsi.fi\/lokikirja\/wp-json\/wp\/v2\/comments?post=1382"}],"version-history":[{"count":1,"href":"https:\/\/www.kieliluotsi.fi\/lokikirja\/wp-json\/wp\/v2\/posts\/1382\/revisions"}],"predecessor-version":[{"id":1383,"href":"https:\/\/www.kieliluotsi.fi\/lokikirja\/wp-json\/wp\/v2\/posts\/1382\/revisions\/1383"}],"wp:featuredmedia":[{"embeddable":true,"href":"https:\/\/www.kieliluotsi.fi\/lokikirja\/wp-json\/wp\/v2\/media\/1297"}],"wp:attachment":[{"href":"https:\/\/www.kieliluotsi.fi\/lokikirja\/wp-json\/wp\/v2\/media?parent=1382"}],"wp:term":[{"taxonomy":"category","embeddable":true,"href":"https:\/\/www.kieliluotsi.fi\/lokikirja\/wp-json\/wp\/v2\/categories?post=1382"},{"taxonomy":"post_tag","embeddable":true,"href":"https:\/\/www.kieliluotsi.fi\/lokikirja\/wp-json\/wp\/v2\/tags?post=1382"}],"curies":[{"name":"wp","href":"https:\/\/api.w.org\/{rel}","templated":true}]}}