{"id":1385,"date":"2020-08-20T12:09:30","date_gmt":"2020-08-20T09:09:30","guid":{"rendered":"https:\/\/www.kieliluotsi.fi\/lokikirja\/?p=1385"},"modified":"2020-08-20T12:12:16","modified_gmt":"2020-08-20T09:12:16","slug":"elokuun-2020-kielivinkki","status":"publish","type":"post","link":"https:\/\/www.kieliluotsi.fi\/lokikirja\/elokuun-2020-kielivinkki\/","title":{"rendered":"Elokuun 2020 kielivinkki"},"content":{"rendered":"\n<p>Uutisotsikko kirkuu: \u201dJulkkis julkaisi kuvan vain tunnin ik\u00e4isest\u00e4 vauvastaan!\u201d Mutta kun jutun avaa, voi todeta julkkiksen julkaisseen monta kuvaa, joissa kaikissa on muitakin ihmisi\u00e4 kuin vauva. Otsikko on siis harhaanjohtava.<\/p>\n\n\n\n<!--more-->\n\n\n\n<p>Otsikon kieliopillisen tulkinnan perusteella julkkis julkaisi kuvan VAIN vauvastaan. Ei siis montaa kuvaa \u2013 eik\u00e4 sellaista kuvaa, jossa on vauvan lis\u00e4ksi muitakin. Toisin sanoen otsikko antaa ymm\u00e4rt\u00e4\u00e4, ett\u00e4 julkkis julkaisi vain yhden kuvan, jossa on pelkk\u00e4 vauva.<\/p>\n\n\n\n<p>Suurin osa suomalaisista kyll\u00e4 varmasti tulkitsee otsikon aivan kuten kirjoittaja on sen tarkoittanutkin: pointti on se, ett\u00e4 vauva on vasta tunnin ik\u00e4inen, kun h\u00e4nest\u00e4 jo julkaistaan kuvia. Niinp\u00e4 \u2013 VASTA tunnin ik\u00e4inen.<\/p>\n\n\n\n<p>Suomessa tosiaan on oma sana t\u00e4llaisiin tapauksiin. Sit\u00e4 ei vain aina muisteta, sill\u00e4 monissa muissa kieliss\u00e4 vain-sana hoitaa t\u00e4m\u00e4nkin homman. Eik\u00e4 suomessakaan v\u00e4ltt\u00e4m\u00e4tt\u00e4 synny merkityseroa, vaikka vain-sanaa k\u00e4ytt\u00e4isikin vasta-sanan tilalla. Merkityksen suhteen on k\u00e4yt\u00e4nn\u00f6ss\u00e4 aivan sama, sanooko \u201dh\u00e4n oli vasta viisivuotias oppiessaan lukemaan\u201d vai \u201dh\u00e4n oli vain viisivuotias oppiessaan lukemaan\u201d.<\/p>\n\n\n\n<p>Mutta koska suomessa on tuollainen k\u00e4tev\u00e4 vasta-sana, sit\u00e4 kannattaa k\u00e4ytt\u00e4\u00e4! Vaikka tajuaisikin sen vasta aikuisena, parempi my\u00f6h\u00e4\u00e4n kuin ei silloinkaan!<\/p>\n","protected":false},"excerpt":{"rendered":"<p>Uutisotsikko kirkuu: \u201dJulkkis julkaisi kuvan vain tunnin ik\u00e4isest\u00e4 vauvastaan!\u201d Mutta kun jutun avaa, voi todeta julkkiksen julkaisseen monta kuvaa, joissa kaikissa on muitakin ihmisi\u00e4 kuin vauva. Otsikko on siis harhaanjohtava.<\/p>\n","protected":false},"author":3,"featured_media":1297,"comment_status":"open","ping_status":"open","sticky":false,"template":"","format":"standard","meta":[],"categories":[255],"tags":[256,162,119],"yoast_head":"<!-- This site is optimized with the Yoast SEO plugin v20.13 - https:\/\/yoast.com\/wordpress\/plugins\/seo\/ -->\n<title>Elokuun 2020 kielivinkki \u2013 Kieliluotsin lokikirja<\/title>\n<meta name=\"description\" content=\"Uutisotsikko kirkuu: \u201dJulkkis julkaisi kuvan vain tunnin ik\u00e4isest\u00e4 vauvastaan!\u201d Mutta kun jutun avaa, otsikko osoittautuu harhaanjohtavaksi.\" \/>\n<meta name=\"robots\" content=\"index, follow, max-snippet:-1, max-image-preview:large, max-video-preview:-1\" \/>\n<link rel=\"canonical\" href=\"https:\/\/www.kieliluotsi.fi\/lokikirja\/elokuun-2020-kielivinkki\/\" \/>\n<meta property=\"og:locale\" content=\"fi_FI\" \/>\n<meta property=\"og:type\" content=\"article\" \/>\n<meta property=\"og:title\" content=\"Elokuun 2020 kielivinkki \u2013 Kieliluotsin lokikirja\" \/>\n<meta property=\"og:description\" content=\"Uutisotsikko kirkuu: \u201dJulkkis julkaisi kuvan vain tunnin ik\u00e4isest\u00e4 vauvastaan!\u201d Mutta kun jutun avaa, otsikko osoittautuu harhaanjohtavaksi.\" \/>\n<meta property=\"og:url\" content=\"https:\/\/www.kieliluotsi.fi\/lokikirja\/elokuun-2020-kielivinkki\/\" \/>\n<meta property=\"og:site_name\" content=\"Kieliluotsin lokikirja\" \/>\n<meta property=\"article:published_time\" content=\"2020-08-20T09:09:30+00:00\" \/>\n<meta property=\"article:modified_time\" content=\"2020-08-20T09:12:16+00:00\" \/>\n<meta property=\"og:image\" content=\"https:\/\/www.kieliluotsi.fi\/lokikirja\/media\/2020\/04\/kuukauden-kielivinkki-artikkelikuva.jpg\" \/>\n\t<meta property=\"og:image:width\" content=\"1001\" \/>\n\t<meta property=\"og:image:height\" content=\"1000\" \/>\n\t<meta property=\"og:image:type\" content=\"image\/jpeg\" \/>\n<meta name=\"author\" content=\"Jutta Posti\" \/>\n<meta name=\"twitter:label1\" content=\"Kirjoittanut\" \/>\n\t<meta name=\"twitter:data1\" content=\"Jutta Posti\" \/>\n\t<meta name=\"twitter:label2\" content=\"Arvioitu lukuaika\" \/>\n\t<meta name=\"twitter:data2\" content=\"1 minuutti\" \/>\n<script type=\"application\/ld+json\" class=\"yoast-schema-graph\">{\"@context\":\"https:\/\/schema.org\",\"@graph\":[{\"@type\":\"WebPage\",\"@id\":\"https:\/\/www.kieliluotsi.fi\/lokikirja\/elokuun-2020-kielivinkki\/\",\"url\":\"https:\/\/www.kieliluotsi.fi\/lokikirja\/elokuun-2020-kielivinkki\/\",\"name\":\"Elokuun 2020 kielivinkki \u2013 Kieliluotsin lokikirja\",\"isPartOf\":{\"@id\":\"https:\/\/www.kieliluotsi.fi\/lokikirja\/#website\"},\"datePublished\":\"2020-08-20T09:09:30+00:00\",\"dateModified\":\"2020-08-20T09:12:16+00:00\",\"author\":{\"@id\":\"https:\/\/www.kieliluotsi.fi\/lokikirja\/#\/schema\/person\/be983f8146cb3edad975db1e1f487dc3\"},\"description\":\"Uutisotsikko kirkuu: \u201dJulkkis julkaisi kuvan vain tunnin ik\u00e4isest\u00e4 vauvastaan!\u201d Mutta kun jutun avaa, otsikko osoittautuu harhaanjohtavaksi.\",\"breadcrumb\":{\"@id\":\"https:\/\/www.kieliluotsi.fi\/lokikirja\/elokuun-2020-kielivinkki\/#breadcrumb\"},\"inLanguage\":\"fi\",\"potentialAction\":[{\"@type\":\"ReadAction\",\"target\":[\"https:\/\/www.kieliluotsi.fi\/lokikirja\/elokuun-2020-kielivinkki\/\"]}]},{\"@type\":\"BreadcrumbList\",\"@id\":\"https:\/\/www.kieliluotsi.fi\/lokikirja\/elokuun-2020-kielivinkki\/#breadcrumb\",\"itemListElement\":[{\"@type\":\"ListItem\",\"position\":1,\"name\":\"Etusivu\",\"item\":\"https:\/\/www.kieliluotsi.fi\/lokikirja\/\"},{\"@type\":\"ListItem\",\"position\":2,\"name\":\"Elokuun 2020 kielivinkki\"}]},{\"@type\":\"WebSite\",\"@id\":\"https:\/\/www.kieliluotsi.fi\/lokikirja\/#website\",\"url\":\"https:\/\/www.kieliluotsi.fi\/lokikirja\/\",\"name\":\"Kieliluotsin lokikirja\",\"description\":\"havaintoja kielest\u00e4 ja sen ilmi\u00f6ist\u00e4\",\"potentialAction\":[{\"@type\":\"SearchAction\",\"target\":{\"@type\":\"EntryPoint\",\"urlTemplate\":\"https:\/\/www.kieliluotsi.fi\/lokikirja\/?s={search_term_string}\"},\"query-input\":\"required name=search_term_string\"}],\"inLanguage\":\"fi\"},{\"@type\":\"Person\",\"@id\":\"https:\/\/www.kieliluotsi.fi\/lokikirja\/#\/schema\/person\/be983f8146cb3edad975db1e1f487dc3\",\"name\":\"Jutta Posti\",\"image\":{\"@type\":\"ImageObject\",\"inLanguage\":\"fi\",\"@id\":\"https:\/\/www.kieliluotsi.fi\/lokikirja\/#\/schema\/person\/image\/\",\"url\":\"https:\/\/www.kieliluotsi.fi\/lokikirja\/media\/2017\/11\/Jutta-Posti_avatar_1511473595-96x96.jpg\",\"contentUrl\":\"https:\/\/www.kieliluotsi.fi\/lokikirja\/media\/2017\/11\/Jutta-Posti_avatar_1511473595-96x96.jpg\",\"caption\":\"Jutta Posti\"},\"description\":\"Jutta Posti (FM) on haminalainen humanisti ja kielifriikki. H\u00e4n on kielipalveluja tarjoavan Kieliluotsin perustaja ja kieliasiantuntija.\",\"sameAs\":[\"https:\/\/www.kieliluotsi.fi\"],\"url\":\"https:\/\/www.kieliluotsi.fi\/lokikirja\/author\/jutta_jarvansalo\/\"}]}<\/script>\n<!-- \/ Yoast SEO plugin. -->","yoast_head_json":{"title":"Elokuun 2020 kielivinkki \u2013 Kieliluotsin lokikirja","description":"Uutisotsikko kirkuu: \u201dJulkkis julkaisi kuvan vain tunnin ik\u00e4isest\u00e4 vauvastaan!\u201d Mutta kun jutun avaa, otsikko osoittautuu harhaanjohtavaksi.","robots":{"index":"index","follow":"follow","max-snippet":"max-snippet:-1","max-image-preview":"max-image-preview:large","max-video-preview":"max-video-preview:-1"},"canonical":"https:\/\/www.kieliluotsi.fi\/lokikirja\/elokuun-2020-kielivinkki\/","og_locale":"fi_FI","og_type":"article","og_title":"Elokuun 2020 kielivinkki \u2013 Kieliluotsin lokikirja","og_description":"Uutisotsikko kirkuu: \u201dJulkkis julkaisi kuvan vain tunnin ik\u00e4isest\u00e4 vauvastaan!\u201d Mutta kun jutun avaa, otsikko osoittautuu harhaanjohtavaksi.","og_url":"https:\/\/www.kieliluotsi.fi\/lokikirja\/elokuun-2020-kielivinkki\/","og_site_name":"Kieliluotsin lokikirja","article_published_time":"2020-08-20T09:09:30+00:00","article_modified_time":"2020-08-20T09:12:16+00:00","og_image":[{"width":1001,"height":1000,"url":"https:\/\/www.kieliluotsi.fi\/lokikirja\/media\/2020\/04\/kuukauden-kielivinkki-artikkelikuva.jpg","type":"image\/jpeg"}],"author":"Jutta Posti","twitter_misc":{"Kirjoittanut":"Jutta Posti","Arvioitu lukuaika":"1 minuutti"},"schema":{"@context":"https:\/\/schema.org","@graph":[{"@type":"WebPage","@id":"https:\/\/www.kieliluotsi.fi\/lokikirja\/elokuun-2020-kielivinkki\/","url":"https:\/\/www.kieliluotsi.fi\/lokikirja\/elokuun-2020-kielivinkki\/","name":"Elokuun 2020 kielivinkki \u2013 Kieliluotsin lokikirja","isPartOf":{"@id":"https:\/\/www.kieliluotsi.fi\/lokikirja\/#website"},"datePublished":"2020-08-20T09:09:30+00:00","dateModified":"2020-08-20T09:12:16+00:00","author":{"@id":"https:\/\/www.kieliluotsi.fi\/lokikirja\/#\/schema\/person\/be983f8146cb3edad975db1e1f487dc3"},"description":"Uutisotsikko kirkuu: \u201dJulkkis julkaisi kuvan vain tunnin ik\u00e4isest\u00e4 vauvastaan!\u201d Mutta kun jutun avaa, otsikko osoittautuu harhaanjohtavaksi.","breadcrumb":{"@id":"https:\/\/www.kieliluotsi.fi\/lokikirja\/elokuun-2020-kielivinkki\/#breadcrumb"},"inLanguage":"fi","potentialAction":[{"@type":"ReadAction","target":["https:\/\/www.kieliluotsi.fi\/lokikirja\/elokuun-2020-kielivinkki\/"]}]},{"@type":"BreadcrumbList","@id":"https:\/\/www.kieliluotsi.fi\/lokikirja\/elokuun-2020-kielivinkki\/#breadcrumb","itemListElement":[{"@type":"ListItem","position":1,"name":"Etusivu","item":"https:\/\/www.kieliluotsi.fi\/lokikirja\/"},{"@type":"ListItem","position":2,"name":"Elokuun 2020 kielivinkki"}]},{"@type":"WebSite","@id":"https:\/\/www.kieliluotsi.fi\/lokikirja\/#website","url":"https:\/\/www.kieliluotsi.fi\/lokikirja\/","name":"Kieliluotsin lokikirja","description":"havaintoja kielest\u00e4 ja sen ilmi\u00f6ist\u00e4","potentialAction":[{"@type":"SearchAction","target":{"@type":"EntryPoint","urlTemplate":"https:\/\/www.kieliluotsi.fi\/lokikirja\/?s={search_term_string}"},"query-input":"required name=search_term_string"}],"inLanguage":"fi"},{"@type":"Person","@id":"https:\/\/www.kieliluotsi.fi\/lokikirja\/#\/schema\/person\/be983f8146cb3edad975db1e1f487dc3","name":"Jutta Posti","image":{"@type":"ImageObject","inLanguage":"fi","@id":"https:\/\/www.kieliluotsi.fi\/lokikirja\/#\/schema\/person\/image\/","url":"https:\/\/www.kieliluotsi.fi\/lokikirja\/media\/2017\/11\/Jutta-Posti_avatar_1511473595-96x96.jpg","contentUrl":"https:\/\/www.kieliluotsi.fi\/lokikirja\/media\/2017\/11\/Jutta-Posti_avatar_1511473595-96x96.jpg","caption":"Jutta Posti"},"description":"Jutta Posti (FM) on haminalainen humanisti ja kielifriikki. H\u00e4n on kielipalveluja tarjoavan Kieliluotsin perustaja ja kieliasiantuntija.","sameAs":["https:\/\/www.kieliluotsi.fi"],"url":"https:\/\/www.kieliluotsi.fi\/lokikirja\/author\/jutta_jarvansalo\/"}]}},"_links":{"self":[{"href":"https:\/\/www.kieliluotsi.fi\/lokikirja\/wp-json\/wp\/v2\/posts\/1385"}],"collection":[{"href":"https:\/\/www.kieliluotsi.fi\/lokikirja\/wp-json\/wp\/v2\/posts"}],"about":[{"href":"https:\/\/www.kieliluotsi.fi\/lokikirja\/wp-json\/wp\/v2\/types\/post"}],"author":[{"embeddable":true,"href":"https:\/\/www.kieliluotsi.fi\/lokikirja\/wp-json\/wp\/v2\/users\/3"}],"replies":[{"embeddable":true,"href":"https:\/\/www.kieliluotsi.fi\/lokikirja\/wp-json\/wp\/v2\/comments?post=1385"}],"version-history":[{"count":2,"href":"https:\/\/www.kieliluotsi.fi\/lokikirja\/wp-json\/wp\/v2\/posts\/1385\/revisions"}],"predecessor-version":[{"id":1387,"href":"https:\/\/www.kieliluotsi.fi\/lokikirja\/wp-json\/wp\/v2\/posts\/1385\/revisions\/1387"}],"wp:featuredmedia":[{"embeddable":true,"href":"https:\/\/www.kieliluotsi.fi\/lokikirja\/wp-json\/wp\/v2\/media\/1297"}],"wp:attachment":[{"href":"https:\/\/www.kieliluotsi.fi\/lokikirja\/wp-json\/wp\/v2\/media?parent=1385"}],"wp:term":[{"taxonomy":"category","embeddable":true,"href":"https:\/\/www.kieliluotsi.fi\/lokikirja\/wp-json\/wp\/v2\/categories?post=1385"},{"taxonomy":"post_tag","embeddable":true,"href":"https:\/\/www.kieliluotsi.fi\/lokikirja\/wp-json\/wp\/v2\/tags?post=1385"}],"curies":[{"name":"wp","href":"https:\/\/api.w.org\/{rel}","templated":true}]}}