{"id":1399,"date":"2020-11-20T15:13:44","date_gmt":"2020-11-20T13:13:44","guid":{"rendered":"https:\/\/www.kieliluotsi.fi\/lokikirja\/?p=1399"},"modified":"2020-11-20T15:14:23","modified_gmt":"2020-11-20T13:14:23","slug":"marraskuun-2020-kielivinkki","status":"publish","type":"post","link":"https:\/\/www.kieliluotsi.fi\/lokikirja\/marraskuun-2020-kielivinkki\/","title":{"rendered":"Marraskuun 2020 kielivinkki"},"content":{"rendered":"\n<p>Osaatko heti sanoa, kumpi on oikein: \u201dvaltaosa ty\u00f6ntekij\u00f6ist\u00e4 tekee et\u00e4t\u00f6it\u00e4\u201d vai \u201dvaltaosa ty\u00f6ntekij\u00f6ist\u00e4 tekev\u00e4t et\u00e4t\u00f6it\u00e4\u201d? Tuleeko verbi t\u00e4llaisissa tapauksissa yksikk\u00f6\u00f6n vai monikkoon?<\/p>\n\n\n\n<!--more-->\n\n\n\n<p>Oikea vastaus on \u201dvaltaosa ty\u00f6ntekij\u00f6ist\u00e4 tekee et\u00e4t\u00f6it\u00e4\u201d. Nyrkkis\u00e4\u00e4nt\u00f6 on selv\u00e4: verbi on aina yksik\u00f6ss\u00e4 t\u00e4llaisessa ilmaisussa, jossa osa jostakin kokonaisuudesta tekee jotakin.<\/p>\n\n\n\n<p>Sekavuutta aiheuttavia piirteit\u00e4 asiassa kuitenkin piisaa: Kokonaisuutta ilmaiseva sana (ty\u00f6ntekij\u00f6ist\u00e4) on yleens\u00e4 monikossa mutta osaa ilmaiseva sana (valtaosa) yleens\u00e4 yksik\u00f6ss\u00e4. Ja vaikka tuo osaa ilmaiseva sana onkin yksik\u00f6ss\u00e4, sen merkitys on silti monikollinen (\u201dvaltaosa ty\u00f6ntekij\u00f6ist\u00e4\u201d on k\u00e4yt\u00e4nn\u00f6ss\u00e4 aina enemm\u00e4n kuin yksi). Jotta asia ei olisi liian helppo, joskus kokonaisuutta ilmaiseva sana voi kuitenkin olla yksik\u00f6ss\u00e4 mutta osaa ilmaiseva sana monikossa, kuten ilmaisussa \u201dpuolet henkil\u00f6kunnasta\u201d.<\/p>\n\n\n\n<p>Luulenpa kyll\u00e4, ett\u00e4 suurin osa \u2013 tai ainakin puolet \u2013 teist\u00e4 lukijoista kyll\u00e4 varmasti tiesikin t\u00e4m\u00e4n s\u00e4\u00e4nn\u00f6n jo ennest\u00e4\u00e4n\u2026<\/p>\n","protected":false},"excerpt":{"rendered":"<p>Osaatko heti sanoa, kumpi on oikein: \u201dvaltaosa ty\u00f6ntekij\u00f6ist\u00e4 tekee et\u00e4t\u00f6it\u00e4\u201d vai \u201dvaltaosa ty\u00f6ntekij\u00f6ist\u00e4 tekev\u00e4t et\u00e4t\u00f6it\u00e4\u201d? Tuleeko verbi t\u00e4llaisissa tapauksissa yksikk\u00f6\u00f6n vai monikkoon?<\/p>\n","protected":false},"author":3,"featured_media":1297,"comment_status":"open","ping_status":"open","sticky":false,"template":"","format":"standard","meta":[],"categories":[255],"tags":[256,214,260],"yoast_head":"<!-- This site is optimized with the Yoast SEO plugin v20.13 - https:\/\/yoast.com\/wordpress\/plugins\/seo\/ -->\n<title>Marraskuun 2020 kielivinkki \u2013 Kieliluotsin lokikirja<\/title>\n<meta name=\"description\" content=\"Osaatko heti sanoa, kumpi on oikein: \u201dvaltaosa ty\u00f6ntekij\u00f6ist\u00e4 tekee et\u00e4t\u00f6it\u00e4\u201d vai \u201dvaltaosa ty\u00f6ntekij\u00f6ist\u00e4 tekev\u00e4t et\u00e4t\u00f6it\u00e4\u201d?\" \/>\n<meta name=\"robots\" content=\"index, follow, max-snippet:-1, max-image-preview:large, max-video-preview:-1\" \/>\n<link rel=\"canonical\" href=\"https:\/\/www.kieliluotsi.fi\/lokikirja\/marraskuun-2020-kielivinkki\/\" \/>\n<meta property=\"og:locale\" content=\"fi_FI\" \/>\n<meta property=\"og:type\" content=\"article\" \/>\n<meta property=\"og:title\" content=\"Marraskuun 2020 kielivinkki \u2013 Kieliluotsin lokikirja\" \/>\n<meta property=\"og:description\" content=\"Osaatko heti sanoa, kumpi on oikein: \u201dvaltaosa ty\u00f6ntekij\u00f6ist\u00e4 tekee et\u00e4t\u00f6it\u00e4\u201d vai \u201dvaltaosa ty\u00f6ntekij\u00f6ist\u00e4 tekev\u00e4t et\u00e4t\u00f6it\u00e4\u201d?\" \/>\n<meta property=\"og:url\" content=\"https:\/\/www.kieliluotsi.fi\/lokikirja\/marraskuun-2020-kielivinkki\/\" \/>\n<meta property=\"og:site_name\" content=\"Kieliluotsin lokikirja\" \/>\n<meta property=\"article:published_time\" content=\"2020-11-20T13:13:44+00:00\" \/>\n<meta property=\"article:modified_time\" content=\"2020-11-20T13:14:23+00:00\" \/>\n<meta property=\"og:image\" content=\"https:\/\/www.kieliluotsi.fi\/lokikirja\/media\/2020\/04\/kuukauden-kielivinkki-artikkelikuva.jpg\" \/>\n\t<meta property=\"og:image:width\" content=\"1001\" \/>\n\t<meta property=\"og:image:height\" content=\"1000\" \/>\n\t<meta property=\"og:image:type\" content=\"image\/jpeg\" \/>\n<meta name=\"author\" content=\"Jutta Posti\" \/>\n<meta name=\"twitter:label1\" content=\"Kirjoittanut\" \/>\n\t<meta name=\"twitter:data1\" content=\"Jutta Posti\" \/>\n\t<meta name=\"twitter:label2\" content=\"Arvioitu lukuaika\" \/>\n\t<meta name=\"twitter:data2\" content=\"1 minuutti\" \/>\n<script type=\"application\/ld+json\" class=\"yoast-schema-graph\">{\"@context\":\"https:\/\/schema.org\",\"@graph\":[{\"@type\":\"WebPage\",\"@id\":\"https:\/\/www.kieliluotsi.fi\/lokikirja\/marraskuun-2020-kielivinkki\/\",\"url\":\"https:\/\/www.kieliluotsi.fi\/lokikirja\/marraskuun-2020-kielivinkki\/\",\"name\":\"Marraskuun 2020 kielivinkki \u2013 Kieliluotsin lokikirja\",\"isPartOf\":{\"@id\":\"https:\/\/www.kieliluotsi.fi\/lokikirja\/#website\"},\"datePublished\":\"2020-11-20T13:13:44+00:00\",\"dateModified\":\"2020-11-20T13:14:23+00:00\",\"author\":{\"@id\":\"https:\/\/www.kieliluotsi.fi\/lokikirja\/#\/schema\/person\/be983f8146cb3edad975db1e1f487dc3\"},\"description\":\"Osaatko heti sanoa, kumpi on oikein: \u201dvaltaosa ty\u00f6ntekij\u00f6ist\u00e4 tekee et\u00e4t\u00f6it\u00e4\u201d vai \u201dvaltaosa ty\u00f6ntekij\u00f6ist\u00e4 tekev\u00e4t et\u00e4t\u00f6it\u00e4\u201d?\",\"breadcrumb\":{\"@id\":\"https:\/\/www.kieliluotsi.fi\/lokikirja\/marraskuun-2020-kielivinkki\/#breadcrumb\"},\"inLanguage\":\"fi\",\"potentialAction\":[{\"@type\":\"ReadAction\",\"target\":[\"https:\/\/www.kieliluotsi.fi\/lokikirja\/marraskuun-2020-kielivinkki\/\"]}]},{\"@type\":\"BreadcrumbList\",\"@id\":\"https:\/\/www.kieliluotsi.fi\/lokikirja\/marraskuun-2020-kielivinkki\/#breadcrumb\",\"itemListElement\":[{\"@type\":\"ListItem\",\"position\":1,\"name\":\"Etusivu\",\"item\":\"https:\/\/www.kieliluotsi.fi\/lokikirja\/\"},{\"@type\":\"ListItem\",\"position\":2,\"name\":\"Marraskuun 2020 kielivinkki\"}]},{\"@type\":\"WebSite\",\"@id\":\"https:\/\/www.kieliluotsi.fi\/lokikirja\/#website\",\"url\":\"https:\/\/www.kieliluotsi.fi\/lokikirja\/\",\"name\":\"Kieliluotsin lokikirja\",\"description\":\"havaintoja kielest\u00e4 ja sen ilmi\u00f6ist\u00e4\",\"potentialAction\":[{\"@type\":\"SearchAction\",\"target\":{\"@type\":\"EntryPoint\",\"urlTemplate\":\"https:\/\/www.kieliluotsi.fi\/lokikirja\/?s={search_term_string}\"},\"query-input\":\"required name=search_term_string\"}],\"inLanguage\":\"fi\"},{\"@type\":\"Person\",\"@id\":\"https:\/\/www.kieliluotsi.fi\/lokikirja\/#\/schema\/person\/be983f8146cb3edad975db1e1f487dc3\",\"name\":\"Jutta Posti\",\"image\":{\"@type\":\"ImageObject\",\"inLanguage\":\"fi\",\"@id\":\"https:\/\/www.kieliluotsi.fi\/lokikirja\/#\/schema\/person\/image\/\",\"url\":\"https:\/\/www.kieliluotsi.fi\/lokikirja\/media\/2017\/11\/Jutta-Posti_avatar_1511473595-96x96.jpg\",\"contentUrl\":\"https:\/\/www.kieliluotsi.fi\/lokikirja\/media\/2017\/11\/Jutta-Posti_avatar_1511473595-96x96.jpg\",\"caption\":\"Jutta Posti\"},\"description\":\"Jutta Posti (FM) on haminalainen humanisti ja kielifriikki. H\u00e4n on kielipalveluja tarjoavan Kieliluotsin perustaja ja kieliasiantuntija.\",\"sameAs\":[\"https:\/\/www.kieliluotsi.fi\"],\"url\":\"https:\/\/www.kieliluotsi.fi\/lokikirja\/author\/jutta_jarvansalo\/\"}]}<\/script>\n<!-- \/ Yoast SEO plugin. -->","yoast_head_json":{"title":"Marraskuun 2020 kielivinkki \u2013 Kieliluotsin lokikirja","description":"Osaatko heti sanoa, kumpi on oikein: \u201dvaltaosa ty\u00f6ntekij\u00f6ist\u00e4 tekee et\u00e4t\u00f6it\u00e4\u201d vai \u201dvaltaosa ty\u00f6ntekij\u00f6ist\u00e4 tekev\u00e4t et\u00e4t\u00f6it\u00e4\u201d?","robots":{"index":"index","follow":"follow","max-snippet":"max-snippet:-1","max-image-preview":"max-image-preview:large","max-video-preview":"max-video-preview:-1"},"canonical":"https:\/\/www.kieliluotsi.fi\/lokikirja\/marraskuun-2020-kielivinkki\/","og_locale":"fi_FI","og_type":"article","og_title":"Marraskuun 2020 kielivinkki \u2013 Kieliluotsin lokikirja","og_description":"Osaatko heti sanoa, kumpi on oikein: \u201dvaltaosa ty\u00f6ntekij\u00f6ist\u00e4 tekee et\u00e4t\u00f6it\u00e4\u201d vai \u201dvaltaosa ty\u00f6ntekij\u00f6ist\u00e4 tekev\u00e4t et\u00e4t\u00f6it\u00e4\u201d?","og_url":"https:\/\/www.kieliluotsi.fi\/lokikirja\/marraskuun-2020-kielivinkki\/","og_site_name":"Kieliluotsin lokikirja","article_published_time":"2020-11-20T13:13:44+00:00","article_modified_time":"2020-11-20T13:14:23+00:00","og_image":[{"width":1001,"height":1000,"url":"https:\/\/www.kieliluotsi.fi\/lokikirja\/media\/2020\/04\/kuukauden-kielivinkki-artikkelikuva.jpg","type":"image\/jpeg"}],"author":"Jutta Posti","twitter_misc":{"Kirjoittanut":"Jutta Posti","Arvioitu lukuaika":"1 minuutti"},"schema":{"@context":"https:\/\/schema.org","@graph":[{"@type":"WebPage","@id":"https:\/\/www.kieliluotsi.fi\/lokikirja\/marraskuun-2020-kielivinkki\/","url":"https:\/\/www.kieliluotsi.fi\/lokikirja\/marraskuun-2020-kielivinkki\/","name":"Marraskuun 2020 kielivinkki \u2013 Kieliluotsin lokikirja","isPartOf":{"@id":"https:\/\/www.kieliluotsi.fi\/lokikirja\/#website"},"datePublished":"2020-11-20T13:13:44+00:00","dateModified":"2020-11-20T13:14:23+00:00","author":{"@id":"https:\/\/www.kieliluotsi.fi\/lokikirja\/#\/schema\/person\/be983f8146cb3edad975db1e1f487dc3"},"description":"Osaatko heti sanoa, kumpi on oikein: \u201dvaltaosa ty\u00f6ntekij\u00f6ist\u00e4 tekee et\u00e4t\u00f6it\u00e4\u201d vai \u201dvaltaosa ty\u00f6ntekij\u00f6ist\u00e4 tekev\u00e4t et\u00e4t\u00f6it\u00e4\u201d?","breadcrumb":{"@id":"https:\/\/www.kieliluotsi.fi\/lokikirja\/marraskuun-2020-kielivinkki\/#breadcrumb"},"inLanguage":"fi","potentialAction":[{"@type":"ReadAction","target":["https:\/\/www.kieliluotsi.fi\/lokikirja\/marraskuun-2020-kielivinkki\/"]}]},{"@type":"BreadcrumbList","@id":"https:\/\/www.kieliluotsi.fi\/lokikirja\/marraskuun-2020-kielivinkki\/#breadcrumb","itemListElement":[{"@type":"ListItem","position":1,"name":"Etusivu","item":"https:\/\/www.kieliluotsi.fi\/lokikirja\/"},{"@type":"ListItem","position":2,"name":"Marraskuun 2020 kielivinkki"}]},{"@type":"WebSite","@id":"https:\/\/www.kieliluotsi.fi\/lokikirja\/#website","url":"https:\/\/www.kieliluotsi.fi\/lokikirja\/","name":"Kieliluotsin lokikirja","description":"havaintoja kielest\u00e4 ja sen ilmi\u00f6ist\u00e4","potentialAction":[{"@type":"SearchAction","target":{"@type":"EntryPoint","urlTemplate":"https:\/\/www.kieliluotsi.fi\/lokikirja\/?s={search_term_string}"},"query-input":"required name=search_term_string"}],"inLanguage":"fi"},{"@type":"Person","@id":"https:\/\/www.kieliluotsi.fi\/lokikirja\/#\/schema\/person\/be983f8146cb3edad975db1e1f487dc3","name":"Jutta Posti","image":{"@type":"ImageObject","inLanguage":"fi","@id":"https:\/\/www.kieliluotsi.fi\/lokikirja\/#\/schema\/person\/image\/","url":"https:\/\/www.kieliluotsi.fi\/lokikirja\/media\/2017\/11\/Jutta-Posti_avatar_1511473595-96x96.jpg","contentUrl":"https:\/\/www.kieliluotsi.fi\/lokikirja\/media\/2017\/11\/Jutta-Posti_avatar_1511473595-96x96.jpg","caption":"Jutta Posti"},"description":"Jutta Posti (FM) on haminalainen humanisti ja kielifriikki. H\u00e4n on kielipalveluja tarjoavan Kieliluotsin perustaja ja kieliasiantuntija.","sameAs":["https:\/\/www.kieliluotsi.fi"],"url":"https:\/\/www.kieliluotsi.fi\/lokikirja\/author\/jutta_jarvansalo\/"}]}},"_links":{"self":[{"href":"https:\/\/www.kieliluotsi.fi\/lokikirja\/wp-json\/wp\/v2\/posts\/1399"}],"collection":[{"href":"https:\/\/www.kieliluotsi.fi\/lokikirja\/wp-json\/wp\/v2\/posts"}],"about":[{"href":"https:\/\/www.kieliluotsi.fi\/lokikirja\/wp-json\/wp\/v2\/types\/post"}],"author":[{"embeddable":true,"href":"https:\/\/www.kieliluotsi.fi\/lokikirja\/wp-json\/wp\/v2\/users\/3"}],"replies":[{"embeddable":true,"href":"https:\/\/www.kieliluotsi.fi\/lokikirja\/wp-json\/wp\/v2\/comments?post=1399"}],"version-history":[{"count":2,"href":"https:\/\/www.kieliluotsi.fi\/lokikirja\/wp-json\/wp\/v2\/posts\/1399\/revisions"}],"predecessor-version":[{"id":1401,"href":"https:\/\/www.kieliluotsi.fi\/lokikirja\/wp-json\/wp\/v2\/posts\/1399\/revisions\/1401"}],"wp:featuredmedia":[{"embeddable":true,"href":"https:\/\/www.kieliluotsi.fi\/lokikirja\/wp-json\/wp\/v2\/media\/1297"}],"wp:attachment":[{"href":"https:\/\/www.kieliluotsi.fi\/lokikirja\/wp-json\/wp\/v2\/media?parent=1399"}],"wp:term":[{"taxonomy":"category","embeddable":true,"href":"https:\/\/www.kieliluotsi.fi\/lokikirja\/wp-json\/wp\/v2\/categories?post=1399"},{"taxonomy":"post_tag","embeddable":true,"href":"https:\/\/www.kieliluotsi.fi\/lokikirja\/wp-json\/wp\/v2\/tags?post=1399"}],"curies":[{"name":"wp","href":"https:\/\/api.w.org\/{rel}","templated":true}]}}