{"id":1404,"date":"2020-12-21T10:50:13","date_gmt":"2020-12-21T08:50:13","guid":{"rendered":"https:\/\/www.kieliluotsi.fi\/lokikirja\/?p=1404"},"modified":"2020-12-21T10:50:27","modified_gmt":"2020-12-21T08:50:27","slug":"joulukuun-2020-kielivinkki","status":"publish","type":"post","link":"https:\/\/www.kieliluotsi.fi\/lokikirja\/joulukuun-2020-kielivinkki\/","title":{"rendered":"Joulukuun 2020 kielivinkki"},"content":{"rendered":"\n<p>Joulukuussa on Lucian p\u00e4iv\u00e4. Joulukuussa on my\u00f6s tapaninp\u00e4iv\u00e4. Miksi ne kirjoitetaan kesken\u00e4\u00e4n eri periaatteella? Miksei lucianp\u00e4iv\u00e4 ja tapaninp\u00e4iv\u00e4 tai Lucian p\u00e4iv\u00e4 ja Tapanin p\u00e4iv\u00e4?<\/p>\n\n\n\n<!--more-->\n\n\n\n<p>T\u00e4h\u00e4nkin on syyns\u00e4. Juhlap\u00e4iv\u00e4th\u00e4n kirjoitetaan suomessa aina pienell\u00e4 alkukirjaimella \u2013 paitsi jos juhlap\u00e4iv\u00e4n nimess\u00e4 on erisnimi. Lucia on erisnimi, ja siksi siis Lucian p\u00e4iv\u00e4 kirjoitetaan isolla alkukirjaimella.<\/p>\n\n\n\n<p>Mutta kuulen jo korvissani protestin: onhan Tapanikin erisnimi! Totta, mutta jos tapaninp\u00e4iv\u00e4ll\u00e4 tarkoitetaan toista joulup\u00e4iv\u00e4\u00e4, erisnimi onkin siin\u00e4 yhteydess\u00e4 menett\u00e4nyt merkityksens\u00e4. Siksi siis pieni alkukirjain.<\/p>\n\n\n\n<p>My\u00f6s Tapanin p\u00e4iv\u00e4 (Lucian p\u00e4iv\u00e4n tapaan kirjoitettuna) voi kyll\u00e4 olla ihan oikein. Siin\u00e4 tapauksessa halutaan korostaa Tapanin nimip\u00e4iv\u00e4\u00e4, ei toista joulup\u00e4iv\u00e4\u00e4.<\/p>\n\n\n\n<p>Miksi sitten Lucian p\u00e4iv\u00e4 on sanaliitto mutta tapaninp\u00e4iv\u00e4 yhdyssana? T\u00e4h\u00e4n on samantyyppinen selitys: toisen joulup\u00e4iv\u00e4n merkityksess\u00e4 tapaninp\u00e4iv\u00e4 k\u00e4ytt\u00e4ytyy kuten muutkin erisnimett\u00f6m\u00e4t juhlap\u00e4iv\u00e4t (esim. vapunp\u00e4iv\u00e4), kun taas Lucian p\u00e4iv\u00e4 noudattaa erisnimellisten juhlap\u00e4ivien (esim. Kalevalan p\u00e4iv\u00e4) s\u00e4\u00e4nt\u00f6\u00e4.<\/p>\n\n\n\n<p>Kieliluotsi toivottaa kaikille oikein mukavaa joulun aikaa (tapaninp\u00e4ivineen)!<\/p>\n","protected":false},"excerpt":{"rendered":"<p>Joulukuussa on Lucian p\u00e4iv\u00e4. Joulukuussa on my\u00f6s tapaninp\u00e4iv\u00e4. Miksi ne kirjoitetaan kesken\u00e4\u00e4n eri periaatteella? Miksei lucianp\u00e4iv\u00e4 ja tapaninp\u00e4iv\u00e4 tai Lucian p\u00e4iv\u00e4 ja Tapanin p\u00e4iv\u00e4?<\/p>\n","protected":false},"author":3,"featured_media":1297,"comment_status":"open","ping_status":"open","sticky":false,"template":"","format":"standard","meta":[],"categories":[1],"tags":[261,256,242,259,192],"yoast_head":"<!-- This site is optimized with the Yoast SEO plugin v20.13 - https:\/\/yoast.com\/wordpress\/plugins\/seo\/ -->\n<title>Joulukuun 2020 kielivinkki \u2013 Kieliluotsin lokikirja<\/title>\n<meta name=\"description\" content=\"Joulukuussa on sek\u00e4 Lucian p\u00e4iv\u00e4 ett\u00e4 tapaninp\u00e4iv\u00e4. Miksi ne kirjoitetaan kesken\u00e4\u00e4n eri periaatteella? Siihenkin on syyns\u00e4.\" \/>\n<meta name=\"robots\" content=\"index, follow, max-snippet:-1, max-image-preview:large, max-video-preview:-1\" \/>\n<link rel=\"canonical\" href=\"https:\/\/www.kieliluotsi.fi\/lokikirja\/joulukuun-2020-kielivinkki\/\" \/>\n<meta property=\"og:locale\" content=\"fi_FI\" \/>\n<meta property=\"og:type\" content=\"article\" \/>\n<meta property=\"og:title\" content=\"Joulukuun 2020 kielivinkki \u2013 Kieliluotsin lokikirja\" \/>\n<meta property=\"og:description\" content=\"Joulukuussa on sek\u00e4 Lucian p\u00e4iv\u00e4 ett\u00e4 tapaninp\u00e4iv\u00e4. Miksi ne kirjoitetaan kesken\u00e4\u00e4n eri periaatteella? Siihenkin on syyns\u00e4.\" \/>\n<meta property=\"og:url\" content=\"https:\/\/www.kieliluotsi.fi\/lokikirja\/joulukuun-2020-kielivinkki\/\" \/>\n<meta property=\"og:site_name\" content=\"Kieliluotsin lokikirja\" \/>\n<meta property=\"article:published_time\" content=\"2020-12-21T08:50:13+00:00\" \/>\n<meta property=\"article:modified_time\" content=\"2020-12-21T08:50:27+00:00\" \/>\n<meta property=\"og:image\" content=\"https:\/\/www.kieliluotsi.fi\/lokikirja\/media\/2020\/04\/kuukauden-kielivinkki-artikkelikuva.jpg\" \/>\n\t<meta property=\"og:image:width\" content=\"1001\" \/>\n\t<meta property=\"og:image:height\" content=\"1000\" \/>\n\t<meta property=\"og:image:type\" content=\"image\/jpeg\" \/>\n<meta name=\"author\" content=\"Jutta Posti\" \/>\n<meta name=\"twitter:label1\" content=\"Kirjoittanut\" \/>\n\t<meta name=\"twitter:data1\" content=\"Jutta Posti\" \/>\n\t<meta name=\"twitter:label2\" content=\"Arvioitu lukuaika\" \/>\n\t<meta name=\"twitter:data2\" content=\"1 minuutti\" \/>\n<script type=\"application\/ld+json\" class=\"yoast-schema-graph\">{\"@context\":\"https:\/\/schema.org\",\"@graph\":[{\"@type\":\"WebPage\",\"@id\":\"https:\/\/www.kieliluotsi.fi\/lokikirja\/joulukuun-2020-kielivinkki\/\",\"url\":\"https:\/\/www.kieliluotsi.fi\/lokikirja\/joulukuun-2020-kielivinkki\/\",\"name\":\"Joulukuun 2020 kielivinkki \u2013 Kieliluotsin lokikirja\",\"isPartOf\":{\"@id\":\"https:\/\/www.kieliluotsi.fi\/lokikirja\/#website\"},\"datePublished\":\"2020-12-21T08:50:13+00:00\",\"dateModified\":\"2020-12-21T08:50:27+00:00\",\"author\":{\"@id\":\"https:\/\/www.kieliluotsi.fi\/lokikirja\/#\/schema\/person\/be983f8146cb3edad975db1e1f487dc3\"},\"description\":\"Joulukuussa on sek\u00e4 Lucian p\u00e4iv\u00e4 ett\u00e4 tapaninp\u00e4iv\u00e4. Miksi ne kirjoitetaan kesken\u00e4\u00e4n eri periaatteella? Siihenkin on syyns\u00e4.\",\"breadcrumb\":{\"@id\":\"https:\/\/www.kieliluotsi.fi\/lokikirja\/joulukuun-2020-kielivinkki\/#breadcrumb\"},\"inLanguage\":\"fi\",\"potentialAction\":[{\"@type\":\"ReadAction\",\"target\":[\"https:\/\/www.kieliluotsi.fi\/lokikirja\/joulukuun-2020-kielivinkki\/\"]}]},{\"@type\":\"BreadcrumbList\",\"@id\":\"https:\/\/www.kieliluotsi.fi\/lokikirja\/joulukuun-2020-kielivinkki\/#breadcrumb\",\"itemListElement\":[{\"@type\":\"ListItem\",\"position\":1,\"name\":\"Etusivu\",\"item\":\"https:\/\/www.kieliluotsi.fi\/lokikirja\/\"},{\"@type\":\"ListItem\",\"position\":2,\"name\":\"Joulukuun 2020 kielivinkki\"}]},{\"@type\":\"WebSite\",\"@id\":\"https:\/\/www.kieliluotsi.fi\/lokikirja\/#website\",\"url\":\"https:\/\/www.kieliluotsi.fi\/lokikirja\/\",\"name\":\"Kieliluotsin lokikirja\",\"description\":\"havaintoja kielest\u00e4 ja sen ilmi\u00f6ist\u00e4\",\"potentialAction\":[{\"@type\":\"SearchAction\",\"target\":{\"@type\":\"EntryPoint\",\"urlTemplate\":\"https:\/\/www.kieliluotsi.fi\/lokikirja\/?s={search_term_string}\"},\"query-input\":\"required name=search_term_string\"}],\"inLanguage\":\"fi\"},{\"@type\":\"Person\",\"@id\":\"https:\/\/www.kieliluotsi.fi\/lokikirja\/#\/schema\/person\/be983f8146cb3edad975db1e1f487dc3\",\"name\":\"Jutta Posti\",\"image\":{\"@type\":\"ImageObject\",\"inLanguage\":\"fi\",\"@id\":\"https:\/\/www.kieliluotsi.fi\/lokikirja\/#\/schema\/person\/image\/\",\"url\":\"https:\/\/www.kieliluotsi.fi\/lokikirja\/media\/2017\/11\/Jutta-Posti_avatar_1511473595-96x96.jpg\",\"contentUrl\":\"https:\/\/www.kieliluotsi.fi\/lokikirja\/media\/2017\/11\/Jutta-Posti_avatar_1511473595-96x96.jpg\",\"caption\":\"Jutta Posti\"},\"description\":\"Jutta Posti (FM) on haminalainen humanisti ja kielifriikki. H\u00e4n on kielipalveluja tarjoavan Kieliluotsin perustaja ja kieliasiantuntija.\",\"sameAs\":[\"https:\/\/www.kieliluotsi.fi\"],\"url\":\"https:\/\/www.kieliluotsi.fi\/lokikirja\/author\/jutta_jarvansalo\/\"}]}<\/script>\n<!-- \/ Yoast SEO plugin. -->","yoast_head_json":{"title":"Joulukuun 2020 kielivinkki \u2013 Kieliluotsin lokikirja","description":"Joulukuussa on sek\u00e4 Lucian p\u00e4iv\u00e4 ett\u00e4 tapaninp\u00e4iv\u00e4. Miksi ne kirjoitetaan kesken\u00e4\u00e4n eri periaatteella? Siihenkin on syyns\u00e4.","robots":{"index":"index","follow":"follow","max-snippet":"max-snippet:-1","max-image-preview":"max-image-preview:large","max-video-preview":"max-video-preview:-1"},"canonical":"https:\/\/www.kieliluotsi.fi\/lokikirja\/joulukuun-2020-kielivinkki\/","og_locale":"fi_FI","og_type":"article","og_title":"Joulukuun 2020 kielivinkki \u2013 Kieliluotsin lokikirja","og_description":"Joulukuussa on sek\u00e4 Lucian p\u00e4iv\u00e4 ett\u00e4 tapaninp\u00e4iv\u00e4. Miksi ne kirjoitetaan kesken\u00e4\u00e4n eri periaatteella? Siihenkin on syyns\u00e4.","og_url":"https:\/\/www.kieliluotsi.fi\/lokikirja\/joulukuun-2020-kielivinkki\/","og_site_name":"Kieliluotsin lokikirja","article_published_time":"2020-12-21T08:50:13+00:00","article_modified_time":"2020-12-21T08:50:27+00:00","og_image":[{"width":1001,"height":1000,"url":"https:\/\/www.kieliluotsi.fi\/lokikirja\/media\/2020\/04\/kuukauden-kielivinkki-artikkelikuva.jpg","type":"image\/jpeg"}],"author":"Jutta Posti","twitter_misc":{"Kirjoittanut":"Jutta Posti","Arvioitu lukuaika":"1 minuutti"},"schema":{"@context":"https:\/\/schema.org","@graph":[{"@type":"WebPage","@id":"https:\/\/www.kieliluotsi.fi\/lokikirja\/joulukuun-2020-kielivinkki\/","url":"https:\/\/www.kieliluotsi.fi\/lokikirja\/joulukuun-2020-kielivinkki\/","name":"Joulukuun 2020 kielivinkki \u2013 Kieliluotsin lokikirja","isPartOf":{"@id":"https:\/\/www.kieliluotsi.fi\/lokikirja\/#website"},"datePublished":"2020-12-21T08:50:13+00:00","dateModified":"2020-12-21T08:50:27+00:00","author":{"@id":"https:\/\/www.kieliluotsi.fi\/lokikirja\/#\/schema\/person\/be983f8146cb3edad975db1e1f487dc3"},"description":"Joulukuussa on sek\u00e4 Lucian p\u00e4iv\u00e4 ett\u00e4 tapaninp\u00e4iv\u00e4. Miksi ne kirjoitetaan kesken\u00e4\u00e4n eri periaatteella? Siihenkin on syyns\u00e4.","breadcrumb":{"@id":"https:\/\/www.kieliluotsi.fi\/lokikirja\/joulukuun-2020-kielivinkki\/#breadcrumb"},"inLanguage":"fi","potentialAction":[{"@type":"ReadAction","target":["https:\/\/www.kieliluotsi.fi\/lokikirja\/joulukuun-2020-kielivinkki\/"]}]},{"@type":"BreadcrumbList","@id":"https:\/\/www.kieliluotsi.fi\/lokikirja\/joulukuun-2020-kielivinkki\/#breadcrumb","itemListElement":[{"@type":"ListItem","position":1,"name":"Etusivu","item":"https:\/\/www.kieliluotsi.fi\/lokikirja\/"},{"@type":"ListItem","position":2,"name":"Joulukuun 2020 kielivinkki"}]},{"@type":"WebSite","@id":"https:\/\/www.kieliluotsi.fi\/lokikirja\/#website","url":"https:\/\/www.kieliluotsi.fi\/lokikirja\/","name":"Kieliluotsin lokikirja","description":"havaintoja kielest\u00e4 ja sen ilmi\u00f6ist\u00e4","potentialAction":[{"@type":"SearchAction","target":{"@type":"EntryPoint","urlTemplate":"https:\/\/www.kieliluotsi.fi\/lokikirja\/?s={search_term_string}"},"query-input":"required name=search_term_string"}],"inLanguage":"fi"},{"@type":"Person","@id":"https:\/\/www.kieliluotsi.fi\/lokikirja\/#\/schema\/person\/be983f8146cb3edad975db1e1f487dc3","name":"Jutta Posti","image":{"@type":"ImageObject","inLanguage":"fi","@id":"https:\/\/www.kieliluotsi.fi\/lokikirja\/#\/schema\/person\/image\/","url":"https:\/\/www.kieliluotsi.fi\/lokikirja\/media\/2017\/11\/Jutta-Posti_avatar_1511473595-96x96.jpg","contentUrl":"https:\/\/www.kieliluotsi.fi\/lokikirja\/media\/2017\/11\/Jutta-Posti_avatar_1511473595-96x96.jpg","caption":"Jutta Posti"},"description":"Jutta Posti (FM) on haminalainen humanisti ja kielifriikki. H\u00e4n on kielipalveluja tarjoavan Kieliluotsin perustaja ja kieliasiantuntija.","sameAs":["https:\/\/www.kieliluotsi.fi"],"url":"https:\/\/www.kieliluotsi.fi\/lokikirja\/author\/jutta_jarvansalo\/"}]}},"_links":{"self":[{"href":"https:\/\/www.kieliluotsi.fi\/lokikirja\/wp-json\/wp\/v2\/posts\/1404"}],"collection":[{"href":"https:\/\/www.kieliluotsi.fi\/lokikirja\/wp-json\/wp\/v2\/posts"}],"about":[{"href":"https:\/\/www.kieliluotsi.fi\/lokikirja\/wp-json\/wp\/v2\/types\/post"}],"author":[{"embeddable":true,"href":"https:\/\/www.kieliluotsi.fi\/lokikirja\/wp-json\/wp\/v2\/users\/3"}],"replies":[{"embeddable":true,"href":"https:\/\/www.kieliluotsi.fi\/lokikirja\/wp-json\/wp\/v2\/comments?post=1404"}],"version-history":[{"count":1,"href":"https:\/\/www.kieliluotsi.fi\/lokikirja\/wp-json\/wp\/v2\/posts\/1404\/revisions"}],"predecessor-version":[{"id":1405,"href":"https:\/\/www.kieliluotsi.fi\/lokikirja\/wp-json\/wp\/v2\/posts\/1404\/revisions\/1405"}],"wp:featuredmedia":[{"embeddable":true,"href":"https:\/\/www.kieliluotsi.fi\/lokikirja\/wp-json\/wp\/v2\/media\/1297"}],"wp:attachment":[{"href":"https:\/\/www.kieliluotsi.fi\/lokikirja\/wp-json\/wp\/v2\/media?parent=1404"}],"wp:term":[{"taxonomy":"category","embeddable":true,"href":"https:\/\/www.kieliluotsi.fi\/lokikirja\/wp-json\/wp\/v2\/categories?post=1404"},{"taxonomy":"post_tag","embeddable":true,"href":"https:\/\/www.kieliluotsi.fi\/lokikirja\/wp-json\/wp\/v2\/tags?post=1404"}],"curies":[{"name":"wp","href":"https:\/\/api.w.org\/{rel}","templated":true}]}}