{"id":1426,"date":"2021-05-20T13:17:54","date_gmt":"2021-05-20T10:17:54","guid":{"rendered":"https:\/\/www.kieliluotsi.fi\/lokikirja\/?p=1426"},"modified":"2021-05-20T13:18:57","modified_gmt":"2021-05-20T10:18:57","slug":"toukokuun-2021-kielivinkki","status":"publish","type":"post","link":"https:\/\/www.kieliluotsi.fi\/lokikirja\/toukokuun-2021-kielivinkki\/","title":{"rendered":"Toukokuun 2021 kielivinkki"},"content":{"rendered":"\n<p>Tehden-rakenne on nyky\u00e4\u00e4n noussut suureen suosioon \u2013 jopa liiankin kanssa. Sit\u00e4 nimitt\u00e4in k\u00e4ytet\u00e4\u00e4n my\u00f6s virheellisesti tyyliin \u201dlentokone nousi Helsingist\u00e4 laskeutuen Ivaloon\u201d.<\/p>\n\n\n\n<!--more-->\n\n\n\n<p>Mik\u00e4 virhe siin\u00e4 sitten muka on? Tuolla lauseellahan halutaan kertoa, ett\u00e4 ensin lentokone nousi Helsingist\u00e4 ja sitten se laskeutui Ivaloon. Mutta tehden-rakennetta k\u00e4ytett\u00e4ess\u00e4 lause tarkoittaakin, ett\u00e4 lentokone nousi Helsingist\u00e4 SAMAAN AIKAAN kuin se laskeutui Ivaloon. Ja seh\u00e4n ei ole mahdollista.<\/p>\n\n\n\n<p>Miten asia sitten pit\u00e4isi ilmaista? Esimerkiksi ihan vain yksinkertaisesti ja-sanan avulla: lentokone nousi Helsingist\u00e4 ja laskeutui Ivaloon.<\/p>\n\n\n\n<p>Tehden-rakennetta ei siis voi k\u00e4ytt\u00e4\u00e4 silloin, jos sen ilmoittama toiminta tapahtuu eri aikaan p\u00e4\u00e4verbin toiminnan kanssa. Yritet\u00e4\u00e4n siis kirjoittaa tekstimme aina t\u00e4t\u00e4 s\u00e4\u00e4nt\u00f6\u00e4 noudattaen!<\/p>\n","protected":false},"excerpt":{"rendered":"<p>Tehden-rakenne on nyky\u00e4\u00e4n noussut suureen suosioon \u2013 jopa liiankin kanssa. Sit\u00e4 nimitt\u00e4in k\u00e4ytet\u00e4\u00e4n my\u00f6s virheellisesti tyyliin \u201dlentokone nousi Helsingist\u00e4 laskeutuen Ivaloon\u201d.<\/p>\n","protected":false},"author":3,"featured_media":1297,"comment_status":"open","ping_status":"open","sticky":false,"template":"","format":"standard","meta":[],"categories":[255],"tags":[256,12,214],"yoast_head":"<!-- This site is optimized with the Yoast SEO plugin v20.13 - https:\/\/yoast.com\/wordpress\/plugins\/seo\/ -->\n<title>Toukokuun 2021 kielivinkki \u2013 Kieliluotsin lokikirja<\/title>\n<meta name=\"description\" content=\"Tehden-rakenne on nyky\u00e4\u00e4n noussut suureen suosioon \u2013 jopa liiankin kanssa. Sit\u00e4 nimitt\u00e4in k\u00e4ytet\u00e4\u00e4n my\u00f6s virheellisesti.\" \/>\n<meta name=\"robots\" content=\"index, follow, max-snippet:-1, max-image-preview:large, max-video-preview:-1\" \/>\n<link rel=\"canonical\" href=\"https:\/\/www.kieliluotsi.fi\/lokikirja\/toukokuun-2021-kielivinkki\/\" \/>\n<meta property=\"og:locale\" content=\"fi_FI\" \/>\n<meta property=\"og:type\" content=\"article\" \/>\n<meta property=\"og:title\" content=\"Toukokuun 2021 kielivinkki \u2013 Kieliluotsin lokikirja\" \/>\n<meta property=\"og:description\" content=\"Tehden-rakenne on nyky\u00e4\u00e4n noussut suureen suosioon \u2013 jopa liiankin kanssa. Sit\u00e4 nimitt\u00e4in k\u00e4ytet\u00e4\u00e4n my\u00f6s virheellisesti.\" \/>\n<meta property=\"og:url\" content=\"https:\/\/www.kieliluotsi.fi\/lokikirja\/toukokuun-2021-kielivinkki\/\" \/>\n<meta property=\"og:site_name\" content=\"Kieliluotsin lokikirja\" \/>\n<meta property=\"article:published_time\" content=\"2021-05-20T10:17:54+00:00\" \/>\n<meta property=\"article:modified_time\" content=\"2021-05-20T10:18:57+00:00\" \/>\n<meta property=\"og:image\" content=\"https:\/\/www.kieliluotsi.fi\/lokikirja\/media\/2020\/04\/kuukauden-kielivinkki-artikkelikuva.jpg\" \/>\n\t<meta property=\"og:image:width\" content=\"1001\" \/>\n\t<meta property=\"og:image:height\" content=\"1000\" \/>\n\t<meta property=\"og:image:type\" content=\"image\/jpeg\" \/>\n<meta name=\"author\" content=\"Jutta Posti\" \/>\n<meta name=\"twitter:label1\" content=\"Kirjoittanut\" \/>\n\t<meta name=\"twitter:data1\" content=\"Jutta Posti\" \/>\n\t<meta name=\"twitter:label2\" content=\"Arvioitu lukuaika\" \/>\n\t<meta name=\"twitter:data2\" content=\"1 minuutti\" \/>\n<script type=\"application\/ld+json\" class=\"yoast-schema-graph\">{\"@context\":\"https:\/\/schema.org\",\"@graph\":[{\"@type\":\"WebPage\",\"@id\":\"https:\/\/www.kieliluotsi.fi\/lokikirja\/toukokuun-2021-kielivinkki\/\",\"url\":\"https:\/\/www.kieliluotsi.fi\/lokikirja\/toukokuun-2021-kielivinkki\/\",\"name\":\"Toukokuun 2021 kielivinkki \u2013 Kieliluotsin lokikirja\",\"isPartOf\":{\"@id\":\"https:\/\/www.kieliluotsi.fi\/lokikirja\/#website\"},\"datePublished\":\"2021-05-20T10:17:54+00:00\",\"dateModified\":\"2021-05-20T10:18:57+00:00\",\"author\":{\"@id\":\"https:\/\/www.kieliluotsi.fi\/lokikirja\/#\/schema\/person\/be983f8146cb3edad975db1e1f487dc3\"},\"description\":\"Tehden-rakenne on nyky\u00e4\u00e4n noussut suureen suosioon \u2013 jopa liiankin kanssa. Sit\u00e4 nimitt\u00e4in k\u00e4ytet\u00e4\u00e4n my\u00f6s virheellisesti.\",\"breadcrumb\":{\"@id\":\"https:\/\/www.kieliluotsi.fi\/lokikirja\/toukokuun-2021-kielivinkki\/#breadcrumb\"},\"inLanguage\":\"fi\",\"potentialAction\":[{\"@type\":\"ReadAction\",\"target\":[\"https:\/\/www.kieliluotsi.fi\/lokikirja\/toukokuun-2021-kielivinkki\/\"]}]},{\"@type\":\"BreadcrumbList\",\"@id\":\"https:\/\/www.kieliluotsi.fi\/lokikirja\/toukokuun-2021-kielivinkki\/#breadcrumb\",\"itemListElement\":[{\"@type\":\"ListItem\",\"position\":1,\"name\":\"Etusivu\",\"item\":\"https:\/\/www.kieliluotsi.fi\/lokikirja\/\"},{\"@type\":\"ListItem\",\"position\":2,\"name\":\"Toukokuun 2021 kielivinkki\"}]},{\"@type\":\"WebSite\",\"@id\":\"https:\/\/www.kieliluotsi.fi\/lokikirja\/#website\",\"url\":\"https:\/\/www.kieliluotsi.fi\/lokikirja\/\",\"name\":\"Kieliluotsin lokikirja\",\"description\":\"havaintoja kielest\u00e4 ja sen ilmi\u00f6ist\u00e4\",\"potentialAction\":[{\"@type\":\"SearchAction\",\"target\":{\"@type\":\"EntryPoint\",\"urlTemplate\":\"https:\/\/www.kieliluotsi.fi\/lokikirja\/?s={search_term_string}\"},\"query-input\":\"required name=search_term_string\"}],\"inLanguage\":\"fi\"},{\"@type\":\"Person\",\"@id\":\"https:\/\/www.kieliluotsi.fi\/lokikirja\/#\/schema\/person\/be983f8146cb3edad975db1e1f487dc3\",\"name\":\"Jutta Posti\",\"image\":{\"@type\":\"ImageObject\",\"inLanguage\":\"fi\",\"@id\":\"https:\/\/www.kieliluotsi.fi\/lokikirja\/#\/schema\/person\/image\/\",\"url\":\"https:\/\/www.kieliluotsi.fi\/lokikirja\/media\/2017\/11\/Jutta-Posti_avatar_1511473595-96x96.jpg\",\"contentUrl\":\"https:\/\/www.kieliluotsi.fi\/lokikirja\/media\/2017\/11\/Jutta-Posti_avatar_1511473595-96x96.jpg\",\"caption\":\"Jutta Posti\"},\"description\":\"Jutta Posti (FM) on haminalainen humanisti ja kielifriikki. H\u00e4n on kielipalveluja tarjoavan Kieliluotsin perustaja ja kieliasiantuntija.\",\"sameAs\":[\"https:\/\/www.kieliluotsi.fi\"],\"url\":\"https:\/\/www.kieliluotsi.fi\/lokikirja\/author\/jutta_jarvansalo\/\"}]}<\/script>\n<!-- \/ Yoast SEO plugin. -->","yoast_head_json":{"title":"Toukokuun 2021 kielivinkki \u2013 Kieliluotsin lokikirja","description":"Tehden-rakenne on nyky\u00e4\u00e4n noussut suureen suosioon \u2013 jopa liiankin kanssa. Sit\u00e4 nimitt\u00e4in k\u00e4ytet\u00e4\u00e4n my\u00f6s virheellisesti.","robots":{"index":"index","follow":"follow","max-snippet":"max-snippet:-1","max-image-preview":"max-image-preview:large","max-video-preview":"max-video-preview:-1"},"canonical":"https:\/\/www.kieliluotsi.fi\/lokikirja\/toukokuun-2021-kielivinkki\/","og_locale":"fi_FI","og_type":"article","og_title":"Toukokuun 2021 kielivinkki \u2013 Kieliluotsin lokikirja","og_description":"Tehden-rakenne on nyky\u00e4\u00e4n noussut suureen suosioon \u2013 jopa liiankin kanssa. Sit\u00e4 nimitt\u00e4in k\u00e4ytet\u00e4\u00e4n my\u00f6s virheellisesti.","og_url":"https:\/\/www.kieliluotsi.fi\/lokikirja\/toukokuun-2021-kielivinkki\/","og_site_name":"Kieliluotsin lokikirja","article_published_time":"2021-05-20T10:17:54+00:00","article_modified_time":"2021-05-20T10:18:57+00:00","og_image":[{"width":1001,"height":1000,"url":"https:\/\/www.kieliluotsi.fi\/lokikirja\/media\/2020\/04\/kuukauden-kielivinkki-artikkelikuva.jpg","type":"image\/jpeg"}],"author":"Jutta Posti","twitter_misc":{"Kirjoittanut":"Jutta Posti","Arvioitu lukuaika":"1 minuutti"},"schema":{"@context":"https:\/\/schema.org","@graph":[{"@type":"WebPage","@id":"https:\/\/www.kieliluotsi.fi\/lokikirja\/toukokuun-2021-kielivinkki\/","url":"https:\/\/www.kieliluotsi.fi\/lokikirja\/toukokuun-2021-kielivinkki\/","name":"Toukokuun 2021 kielivinkki \u2013 Kieliluotsin lokikirja","isPartOf":{"@id":"https:\/\/www.kieliluotsi.fi\/lokikirja\/#website"},"datePublished":"2021-05-20T10:17:54+00:00","dateModified":"2021-05-20T10:18:57+00:00","author":{"@id":"https:\/\/www.kieliluotsi.fi\/lokikirja\/#\/schema\/person\/be983f8146cb3edad975db1e1f487dc3"},"description":"Tehden-rakenne on nyky\u00e4\u00e4n noussut suureen suosioon \u2013 jopa liiankin kanssa. Sit\u00e4 nimitt\u00e4in k\u00e4ytet\u00e4\u00e4n my\u00f6s virheellisesti.","breadcrumb":{"@id":"https:\/\/www.kieliluotsi.fi\/lokikirja\/toukokuun-2021-kielivinkki\/#breadcrumb"},"inLanguage":"fi","potentialAction":[{"@type":"ReadAction","target":["https:\/\/www.kieliluotsi.fi\/lokikirja\/toukokuun-2021-kielivinkki\/"]}]},{"@type":"BreadcrumbList","@id":"https:\/\/www.kieliluotsi.fi\/lokikirja\/toukokuun-2021-kielivinkki\/#breadcrumb","itemListElement":[{"@type":"ListItem","position":1,"name":"Etusivu","item":"https:\/\/www.kieliluotsi.fi\/lokikirja\/"},{"@type":"ListItem","position":2,"name":"Toukokuun 2021 kielivinkki"}]},{"@type":"WebSite","@id":"https:\/\/www.kieliluotsi.fi\/lokikirja\/#website","url":"https:\/\/www.kieliluotsi.fi\/lokikirja\/","name":"Kieliluotsin lokikirja","description":"havaintoja kielest\u00e4 ja sen ilmi\u00f6ist\u00e4","potentialAction":[{"@type":"SearchAction","target":{"@type":"EntryPoint","urlTemplate":"https:\/\/www.kieliluotsi.fi\/lokikirja\/?s={search_term_string}"},"query-input":"required name=search_term_string"}],"inLanguage":"fi"},{"@type":"Person","@id":"https:\/\/www.kieliluotsi.fi\/lokikirja\/#\/schema\/person\/be983f8146cb3edad975db1e1f487dc3","name":"Jutta Posti","image":{"@type":"ImageObject","inLanguage":"fi","@id":"https:\/\/www.kieliluotsi.fi\/lokikirja\/#\/schema\/person\/image\/","url":"https:\/\/www.kieliluotsi.fi\/lokikirja\/media\/2017\/11\/Jutta-Posti_avatar_1511473595-96x96.jpg","contentUrl":"https:\/\/www.kieliluotsi.fi\/lokikirja\/media\/2017\/11\/Jutta-Posti_avatar_1511473595-96x96.jpg","caption":"Jutta Posti"},"description":"Jutta Posti (FM) on haminalainen humanisti ja kielifriikki. H\u00e4n on kielipalveluja tarjoavan Kieliluotsin perustaja ja kieliasiantuntija.","sameAs":["https:\/\/www.kieliluotsi.fi"],"url":"https:\/\/www.kieliluotsi.fi\/lokikirja\/author\/jutta_jarvansalo\/"}]}},"_links":{"self":[{"href":"https:\/\/www.kieliluotsi.fi\/lokikirja\/wp-json\/wp\/v2\/posts\/1426"}],"collection":[{"href":"https:\/\/www.kieliluotsi.fi\/lokikirja\/wp-json\/wp\/v2\/posts"}],"about":[{"href":"https:\/\/www.kieliluotsi.fi\/lokikirja\/wp-json\/wp\/v2\/types\/post"}],"author":[{"embeddable":true,"href":"https:\/\/www.kieliluotsi.fi\/lokikirja\/wp-json\/wp\/v2\/users\/3"}],"replies":[{"embeddable":true,"href":"https:\/\/www.kieliluotsi.fi\/lokikirja\/wp-json\/wp\/v2\/comments?post=1426"}],"version-history":[{"count":1,"href":"https:\/\/www.kieliluotsi.fi\/lokikirja\/wp-json\/wp\/v2\/posts\/1426\/revisions"}],"predecessor-version":[{"id":1427,"href":"https:\/\/www.kieliluotsi.fi\/lokikirja\/wp-json\/wp\/v2\/posts\/1426\/revisions\/1427"}],"wp:featuredmedia":[{"embeddable":true,"href":"https:\/\/www.kieliluotsi.fi\/lokikirja\/wp-json\/wp\/v2\/media\/1297"}],"wp:attachment":[{"href":"https:\/\/www.kieliluotsi.fi\/lokikirja\/wp-json\/wp\/v2\/media?parent=1426"}],"wp:term":[{"taxonomy":"category","embeddable":true,"href":"https:\/\/www.kieliluotsi.fi\/lokikirja\/wp-json\/wp\/v2\/categories?post=1426"},{"taxonomy":"post_tag","embeddable":true,"href":"https:\/\/www.kieliluotsi.fi\/lokikirja\/wp-json\/wp\/v2\/tags?post=1426"}],"curies":[{"name":"wp","href":"https:\/\/api.w.org\/{rel}","templated":true}]}}