{"id":144,"date":"2014-04-23T12:26:13","date_gmt":"2014-04-23T09:26:13","guid":{"rendered":"https:\/\/www.kieliluotsi.fi\/lokikirja\/?p=144"},"modified":"2018-01-18T16:46:43","modified_gmt":"2018-01-18T14:46:43","slug":"puutarhan-ystavat-ja-viholliset","status":"publish","type":"post","link":"https:\/\/www.kieliluotsi.fi\/lokikirja\/puutarhan-ystavat-ja-viholliset\/","title":{"rendered":"Puutarhan yst\u00e4v\u00e4t ja viholliset"},"content":{"rendered":"<p>Kev\u00e4\u00e4n kynnyksell\u00e4 luonto her\u00e4\u00e4 ja puutarhat\u00f6iden kiireisin aikakausi alkaa. Viherpeukalot havahtuvat talviunestaan ja kaivavat puutarhanhoitov\u00e4lineens\u00e4 nopeasti esille kukan- ja marjankuvat silmiss\u00e4\u00e4n kiiluen. Samoihin aikoihin my\u00f6s puutarhanhoitoon liittyv\u00e4 kirjallisuus valloittaa kirjakaupat ja kirjastojen uutuushyllyt.<\/p>\n<p><!--more--><\/p>\n<p>Yksi t\u00e4m\u00e4n kev\u00e4\u00e4n uusista puutarhaan liittyvist\u00e4 kirjoista on Eva Fanqvist Skublan kirjoittama teos <em>Puutarhan yst\u00e4v\u00e4t ja viholliset<\/em>. Kirja antaa vinkkej\u00e4 siit\u00e4, millaisia hy\u00f6nteisi\u00e4 ja muita el\u00e4imi\u00e4 omaan puutarhaansa kannattaisi houkutella ja millaisista puolestaan olisi hyv\u00e4 p\u00e4\u00e4st\u00e4 eroon sek\u00e4 keinoja n\u00e4iden p\u00e4\u00e4m\u00e4\u00e4rien saavuttamiseksi. Lis\u00e4ksi kirjasta saa paljon k\u00e4yt\u00e4nn\u00f6llisi\u00e4 puutarhan ja sen kasvien hoitamiseen liittyvi\u00e4 yleisohjeita.<\/p>\n<h2>K\u00e4\u00e4nt\u00e4j\u00e4 kirjan kimpussa<\/h2>\n<p><a href=\"https:\/\/www.kieliluotsi.fi\/lokikirja\/media\/2014\/04\/etanat.jpg\"><img decoding=\"async\" loading=\"lazy\" class=\"aligncenter size-full wp-image-872\" src=\"https:\/\/www.kieliluotsi.fi\/lokikirja\/media\/2014\/04\/etanat.jpg\" alt=\"Etanat\" width=\"1500\" height=\"1125\" srcset=\"https:\/\/www.kieliluotsi.fi\/lokikirja\/media\/2014\/04\/etanat.jpg 1500w, https:\/\/www.kieliluotsi.fi\/lokikirja\/media\/2014\/04\/etanat-300x225.jpg 300w, https:\/\/www.kieliluotsi.fi\/lokikirja\/media\/2014\/04\/etanat-768x576.jpg 768w, https:\/\/www.kieliluotsi.fi\/lokikirja\/media\/2014\/04\/etanat-1024x768.jpg 1024w, https:\/\/www.kieliluotsi.fi\/lokikirja\/media\/2014\/04\/etanat-624x468.jpg 624w\" sizes=\"(max-width: 1500px) 100vw, 1500px\" \/><\/a>Sain t\u00e4m\u00e4n kirjan ruotsinkielisen alkuteoksen k\u00e4\u00e4nnett\u00e4v\u00e4kseni kes\u00e4ll\u00e4 2013. K\u00e4\u00e4nt\u00e4misprosessi sujui melko vaivatta ja nopeasti, sill\u00e4 ruotsinkielinen teksti oli hyvin kirjoitettua ja sujuvaa.<\/p>\n<p>Kirjassa esiintyi kuitenkin muutamia erikoisempia sanoja, l\u00e4hinn\u00e4 biologiaan liittyvi\u00e4 erityistermej\u00e4. Sen vuoksi olikin eritt\u00e4in hyv\u00e4, ett\u00e4 kirja k\u00e4vi viel\u00e4 asiantuntijatarkastajan luettavana ja kommentoitavana ennen painoon menoa. Siten my\u00f6s k\u00e4\u00e4nt\u00e4j\u00e4lle hieman vieraammat biologian erikoistermit tulivat nyt varmasti oikein!<\/p>\n<p>Kirja oli alun perin kirjoitettu ruotsalaislukijoita silm\u00e4ll\u00e4 pit\u00e4en. Yll\u00e4tt\u00e4v\u00e4n monet kirjassa kerrotut asiat ovat kuitenkin hieman eri tavalla Suomessa kuin Ruotsissa. Niinp\u00e4 kirjan k\u00e4\u00e4nt\u00e4misajasta huomattavan suuri osa meni kirjan muokkaamiseen suomalaislukijoita palvelevaksi. Se vaati joskus pitki\u00e4kin selvittelyj\u00e4 eri tahojen suuntaan. Vaivann\u00e4k\u00f6 kuitenkin kannatti, sill\u00e4 nyt suomalaiset lukijat voivat tuntea kirjan omakseen ja saada sen neuvoista kaiken hy\u00f6dyn irti!<\/p>\n<p>My\u00f6s taittovedoksen l\u00e4pik\u00e4ymiseen kului aikaa, sill\u00e4 kirjan runsaan kuvituksen vuoksi teksti\u00e4 jouduttiin jonkin verran lyhent\u00e4m\u00e4\u00e4n joiltakin sivuilta. Suomenkieliset lauserakenteet ovat nimitt\u00e4in yleens\u00e4 pidempi\u00e4 kuin ruotsinkieliset, joten k\u00e4\u00e4nn\u00f6s vie kirjan sivulta tilaa enemm\u00e4n kuin alkuper\u00e4inen teksti.<\/p>\n<p>Siin\u00e4 on k\u00e4\u00e4nt\u00e4j\u00e4ll\u00e4 aina valinnan vaikeus: mitk\u00e4 asiat eiv\u00e4t ole lukijan kannalta niin olennaisia, ett\u00e4 ne voi j\u00e4tt\u00e4\u00e4 k\u00e4\u00e4nn\u00f6ksest\u00e4 pois? Onneksi alkuper\u00e4isess\u00e4 tekstiss\u00e4 on yleens\u00e4 aina mukana my\u00f6s jotakin v\u00e4hemm\u00e4n t\u00e4rke\u00e4\u00e4 tietoa, ja niin oli asia my\u00f6s t\u00e4m\u00e4n kirjan suhteen. Uskon, ettei kukaan lukija j\u00e4\u00e4 kaipaamaan k\u00e4\u00e4nn\u00f6ksest\u00e4 pois j\u00e4tettyj\u00e4 kohtia.<\/p>\n<p>K\u00e4\u00e4nt\u00e4j\u00e4n ty\u00f6h\u00f6n ei yleens\u00e4 kuulu hakemiston sivunumeroiden laittaminen kohdalleen, mutta t\u00e4m\u00e4n kirjan tapauksessa my\u00f6s se kuului urakkaan. Hakemiston laatiminen tuntuikin koko prosessin raskaimmalta vaiheelta. Jokainen hakusana piti tietenkin k\u00e4yd\u00e4 l\u00e4pi ja tarkistaa, mill\u00e4 sivuilla se kirjassa esiintyy.<\/p>\n<p>My\u00f6s sanojen eri taivutusmuodot piti toki ottaa huomioon, samoin se, esiintyyk\u00f6 sana varsinaisessa tekstiss\u00e4 vai kuvatekstiss\u00e4. Muistettavaa ja teht\u00e4v\u00e4\u00e4 oli paljon, mutta lopulta hakemisto tuli kuin tulikin kuntoon. Toivottavasti se palvelee lukijoita parhaalla mahdollisella tavalla heid\u00e4n etsiess\u00e4\u00e4n kirjasta vinkkej\u00e4 johonkin tiettyyn ongelmaan!<\/p>\n<h2>Monipuolinen opus florasta ja faunasta<\/h2>\n<p><a href=\"https:\/\/www.kieliluotsi.fi\/lokikirja\/media\/2014\/04\/kasvivinkit.jpg\"><img decoding=\"async\" loading=\"lazy\" class=\"aligncenter size-full wp-image-871\" src=\"https:\/\/www.kieliluotsi.fi\/lokikirja\/media\/2014\/04\/kasvivinkit.jpg\" alt=\"Kasvivinkit\" width=\"1500\" height=\"1125\" srcset=\"https:\/\/www.kieliluotsi.fi\/lokikirja\/media\/2014\/04\/kasvivinkit.jpg 1500w, https:\/\/www.kieliluotsi.fi\/lokikirja\/media\/2014\/04\/kasvivinkit-300x225.jpg 300w, https:\/\/www.kieliluotsi.fi\/lokikirja\/media\/2014\/04\/kasvivinkit-768x576.jpg 768w, https:\/\/www.kieliluotsi.fi\/lokikirja\/media\/2014\/04\/kasvivinkit-1024x768.jpg 1024w, https:\/\/www.kieliluotsi.fi\/lokikirja\/media\/2014\/04\/kasvivinkit-624x468.jpg 624w\" sizes=\"(max-width: 1500px) 100vw, 1500px\" \/><\/a><em>Puutarhan yst\u00e4v\u00e4t ja viholliset<\/em> sopii luettavaksi kaikille, joilla on jotakin kasvamassa, kasvattipa sit\u00e4 sitten suuressa puutarhassa tai pienell\u00e4 parvekkeella. Ja vaikka lukija ei olisikaan viherpeukalo, kirjan komeita valokuvia kasveista, hy\u00f6nteisist\u00e4 ja suuremmistakin el\u00e4imist\u00e4 on mukava katsella. Kirja sopii my\u00f6s vain selailtavaksi; sit\u00e4 voi silm\u00e4ill\u00e4 ja sen sivuilta voi napata itse\u00e4\u00e4n kiinnostavia ja omaan tilanteeseensa sopivia vinkkej\u00e4.<\/p>\n<p>Teos ei kes\u00e4isist\u00e4 valokuvistaan huolimatta ole pelk\u00e4st\u00e4\u00e4n kes\u00e4isin hy\u00f6dynnett\u00e4v\u00e4, vaan siit\u00e4 l\u00f6ytyy puutarhanhoito-ohjeita jokaiseen vuodenaikaan. Lis\u00e4ksi kirjan hakemisto mahdollistaa t\u00e4sm\u00e4haun, jolloin lukijan ei tarvitse kahlata koko kirjaa l\u00e4pi l\u00f6yt\u00e4\u00e4kseen vastauksen johonkin tiettyyn ongelmaan. <em>Puutarhan yst\u00e4v\u00e4t ja viholliset<\/em> on siis todella monitasoinen teos, joka soveltuu monenlaiseen k\u00e4ytt\u00f6\u00f6n: sek\u00e4 asiantuntevien neuvojen hy\u00f6dynt\u00e4miseen ett\u00e4 upeista kuvista nauttimiseen!<\/p>\n<div id=\"attachment_145\" style=\"width: 412px\" class=\"wp-caption aligncenter\"><a href=\"https:\/\/www.kieliluotsi.fi\/lokikirja\/media\/2014\/04\/puutarhakirja.jpg\"><img aria-describedby=\"caption-attachment-145\" decoding=\"async\" loading=\"lazy\" class=\"wp-image-145 size-full\" src=\"https:\/\/www.kieliluotsi.fi\/lokikirja\/media\/2014\/04\/puutarhakirja.jpg\" alt=\"Puutarhan yst\u00e4v\u00e4t ja viholliset\" width=\"402\" height=\"550\" srcset=\"https:\/\/www.kieliluotsi.fi\/lokikirja\/media\/2014\/04\/puutarhakirja.jpg 402w, https:\/\/www.kieliluotsi.fi\/lokikirja\/media\/2014\/04\/puutarhakirja-219x300.jpg 219w\" sizes=\"(max-width: 402px) 100vw, 402px\" \/><\/a><p id=\"caption-attachment-145\" class=\"wp-caption-text\">Puutarhan yst\u00e4v\u00e4t ja viholliset on kiehtova teos puutarhasta ja sen asukeista.<\/p><\/div>\n","protected":false},"excerpt":{"rendered":"<p>Kev\u00e4\u00e4n kynnyksell\u00e4 luonto her\u00e4\u00e4 ja puutarhat\u00f6iden kiireisin aikakausi alkaa. Viherpeukalot havahtuvat talviunestaan ja kaivavat puutarhanhoitov\u00e4lineens\u00e4 nopeasti esille kukan- ja marjankuvat silmiss\u00e4\u00e4n kiiluen. Samoihin aikoihin my\u00f6s puutarhanhoitoon liittyv\u00e4 kirjallisuus valloittaa kirjakaupat ja kirjastojen uutuushyllyt.<\/p>\n","protected":false},"author":3,"featured_media":145,"comment_status":"open","ping_status":"open","sticky":false,"template":"","format":"standard","meta":[],"categories":[1],"tags":[67,65,26,46,66,64,32],"yoast_head":"<!-- This site is optimized with the Yoast SEO plugin v20.13 - https:\/\/yoast.com\/wordpress\/plugins\/seo\/ -->\n<title>Puutarhan yst\u00e4v\u00e4t ja viholliset \u2013 Kieliluotsin lokikirja<\/title>\n<meta name=\"description\" content=\"Puutarhan yst\u00e4v\u00e4t ja viholliset on kiehtova teos puutarhasta ja sen asukeista. My\u00f6s kirjan k\u00e4\u00e4nt\u00e4minen suomeksi oli mukavaa ja mielenkiintoista.\" \/>\n<meta name=\"robots\" content=\"index, follow, max-snippet:-1, max-image-preview:large, max-video-preview:-1\" \/>\n<link rel=\"canonical\" href=\"https:\/\/www.kieliluotsi.fi\/lokikirja\/puutarhan-ystavat-ja-viholliset\/\" \/>\n<meta property=\"og:locale\" content=\"fi_FI\" \/>\n<meta property=\"og:type\" content=\"article\" \/>\n<meta property=\"og:title\" content=\"Puutarhan yst\u00e4v\u00e4t ja viholliset \u2013 Kieliluotsin lokikirja\" \/>\n<meta property=\"og:description\" content=\"Puutarhan yst\u00e4v\u00e4t ja viholliset on kiehtova teos puutarhasta ja sen asukeista. My\u00f6s kirjan k\u00e4\u00e4nt\u00e4minen suomeksi oli mukavaa ja mielenkiintoista.\" \/>\n<meta property=\"og:url\" content=\"https:\/\/www.kieliluotsi.fi\/lokikirja\/puutarhan-ystavat-ja-viholliset\/\" \/>\n<meta property=\"og:site_name\" content=\"Kieliluotsin lokikirja\" \/>\n<meta property=\"article:published_time\" content=\"2014-04-23T09:26:13+00:00\" \/>\n<meta property=\"article:modified_time\" content=\"2018-01-18T14:46:43+00:00\" \/>\n<meta property=\"og:image\" content=\"https:\/\/www.kieliluotsi.fi\/lokikirja\/media\/2014\/04\/puutarhakirja.jpg\" \/>\n\t<meta property=\"og:image:width\" content=\"402\" \/>\n\t<meta property=\"og:image:height\" content=\"550\" \/>\n\t<meta property=\"og:image:type\" content=\"image\/jpeg\" \/>\n<meta name=\"author\" content=\"Jutta Posti\" \/>\n<meta name=\"twitter:label1\" content=\"Kirjoittanut\" \/>\n\t<meta name=\"twitter:data1\" content=\"Jutta Posti\" \/>\n\t<meta name=\"twitter:label2\" content=\"Arvioitu lukuaika\" \/>\n\t<meta name=\"twitter:data2\" content=\"3 minuuttia\" \/>\n<script type=\"application\/ld+json\" class=\"yoast-schema-graph\">{\"@context\":\"https:\/\/schema.org\",\"@graph\":[{\"@type\":\"WebPage\",\"@id\":\"https:\/\/www.kieliluotsi.fi\/lokikirja\/puutarhan-ystavat-ja-viholliset\/\",\"url\":\"https:\/\/www.kieliluotsi.fi\/lokikirja\/puutarhan-ystavat-ja-viholliset\/\",\"name\":\"Puutarhan yst\u00e4v\u00e4t ja viholliset \u2013 Kieliluotsin lokikirja\",\"isPartOf\":{\"@id\":\"https:\/\/www.kieliluotsi.fi\/lokikirja\/#website\"},\"datePublished\":\"2014-04-23T09:26:13+00:00\",\"dateModified\":\"2018-01-18T14:46:43+00:00\",\"author\":{\"@id\":\"https:\/\/www.kieliluotsi.fi\/lokikirja\/#\/schema\/person\/be983f8146cb3edad975db1e1f487dc3\"},\"description\":\"Puutarhan yst\u00e4v\u00e4t ja viholliset on kiehtova teos puutarhasta ja sen asukeista. My\u00f6s kirjan k\u00e4\u00e4nt\u00e4minen suomeksi oli mukavaa ja mielenkiintoista.\",\"breadcrumb\":{\"@id\":\"https:\/\/www.kieliluotsi.fi\/lokikirja\/puutarhan-ystavat-ja-viholliset\/#breadcrumb\"},\"inLanguage\":\"fi\",\"potentialAction\":[{\"@type\":\"ReadAction\",\"target\":[\"https:\/\/www.kieliluotsi.fi\/lokikirja\/puutarhan-ystavat-ja-viholliset\/\"]}]},{\"@type\":\"BreadcrumbList\",\"@id\":\"https:\/\/www.kieliluotsi.fi\/lokikirja\/puutarhan-ystavat-ja-viholliset\/#breadcrumb\",\"itemListElement\":[{\"@type\":\"ListItem\",\"position\":1,\"name\":\"Etusivu\",\"item\":\"https:\/\/www.kieliluotsi.fi\/lokikirja\/\"},{\"@type\":\"ListItem\",\"position\":2,\"name\":\"Puutarhan yst\u00e4v\u00e4t ja viholliset\"}]},{\"@type\":\"WebSite\",\"@id\":\"https:\/\/www.kieliluotsi.fi\/lokikirja\/#website\",\"url\":\"https:\/\/www.kieliluotsi.fi\/lokikirja\/\",\"name\":\"Kieliluotsin lokikirja\",\"description\":\"havaintoja kielest\u00e4 ja sen ilmi\u00f6ist\u00e4\",\"potentialAction\":[{\"@type\":\"SearchAction\",\"target\":{\"@type\":\"EntryPoint\",\"urlTemplate\":\"https:\/\/www.kieliluotsi.fi\/lokikirja\/?s={search_term_string}\"},\"query-input\":\"required name=search_term_string\"}],\"inLanguage\":\"fi\"},{\"@type\":\"Person\",\"@id\":\"https:\/\/www.kieliluotsi.fi\/lokikirja\/#\/schema\/person\/be983f8146cb3edad975db1e1f487dc3\",\"name\":\"Jutta Posti\",\"image\":{\"@type\":\"ImageObject\",\"inLanguage\":\"fi\",\"@id\":\"https:\/\/www.kieliluotsi.fi\/lokikirja\/#\/schema\/person\/image\/\",\"url\":\"https:\/\/www.kieliluotsi.fi\/lokikirja\/media\/2017\/11\/Jutta-Posti_avatar_1511473595-96x96.jpg\",\"contentUrl\":\"https:\/\/www.kieliluotsi.fi\/lokikirja\/media\/2017\/11\/Jutta-Posti_avatar_1511473595-96x96.jpg\",\"caption\":\"Jutta Posti\"},\"description\":\"Jutta Posti (FM) on haminalainen humanisti ja kielifriikki. H\u00e4n on kielipalveluja tarjoavan Kieliluotsin perustaja ja kieliasiantuntija.\",\"sameAs\":[\"https:\/\/www.kieliluotsi.fi\"],\"url\":\"https:\/\/www.kieliluotsi.fi\/lokikirja\/author\/jutta_jarvansalo\/\"}]}<\/script>\n<!-- \/ Yoast SEO plugin. -->","yoast_head_json":{"title":"Puutarhan yst\u00e4v\u00e4t ja viholliset \u2013 Kieliluotsin lokikirja","description":"Puutarhan yst\u00e4v\u00e4t ja viholliset on kiehtova teos puutarhasta ja sen asukeista. My\u00f6s kirjan k\u00e4\u00e4nt\u00e4minen suomeksi oli mukavaa ja mielenkiintoista.","robots":{"index":"index","follow":"follow","max-snippet":"max-snippet:-1","max-image-preview":"max-image-preview:large","max-video-preview":"max-video-preview:-1"},"canonical":"https:\/\/www.kieliluotsi.fi\/lokikirja\/puutarhan-ystavat-ja-viholliset\/","og_locale":"fi_FI","og_type":"article","og_title":"Puutarhan yst\u00e4v\u00e4t ja viholliset \u2013 Kieliluotsin lokikirja","og_description":"Puutarhan yst\u00e4v\u00e4t ja viholliset on kiehtova teos puutarhasta ja sen asukeista. My\u00f6s kirjan k\u00e4\u00e4nt\u00e4minen suomeksi oli mukavaa ja mielenkiintoista.","og_url":"https:\/\/www.kieliluotsi.fi\/lokikirja\/puutarhan-ystavat-ja-viholliset\/","og_site_name":"Kieliluotsin lokikirja","article_published_time":"2014-04-23T09:26:13+00:00","article_modified_time":"2018-01-18T14:46:43+00:00","og_image":[{"width":402,"height":550,"url":"https:\/\/www.kieliluotsi.fi\/lokikirja\/media\/2014\/04\/puutarhakirja.jpg","type":"image\/jpeg"}],"author":"Jutta Posti","twitter_misc":{"Kirjoittanut":"Jutta Posti","Arvioitu lukuaika":"3 minuuttia"},"schema":{"@context":"https:\/\/schema.org","@graph":[{"@type":"WebPage","@id":"https:\/\/www.kieliluotsi.fi\/lokikirja\/puutarhan-ystavat-ja-viholliset\/","url":"https:\/\/www.kieliluotsi.fi\/lokikirja\/puutarhan-ystavat-ja-viholliset\/","name":"Puutarhan yst\u00e4v\u00e4t ja viholliset \u2013 Kieliluotsin lokikirja","isPartOf":{"@id":"https:\/\/www.kieliluotsi.fi\/lokikirja\/#website"},"datePublished":"2014-04-23T09:26:13+00:00","dateModified":"2018-01-18T14:46:43+00:00","author":{"@id":"https:\/\/www.kieliluotsi.fi\/lokikirja\/#\/schema\/person\/be983f8146cb3edad975db1e1f487dc3"},"description":"Puutarhan yst\u00e4v\u00e4t ja viholliset on kiehtova teos puutarhasta ja sen asukeista. My\u00f6s kirjan k\u00e4\u00e4nt\u00e4minen suomeksi oli mukavaa ja mielenkiintoista.","breadcrumb":{"@id":"https:\/\/www.kieliluotsi.fi\/lokikirja\/puutarhan-ystavat-ja-viholliset\/#breadcrumb"},"inLanguage":"fi","potentialAction":[{"@type":"ReadAction","target":["https:\/\/www.kieliluotsi.fi\/lokikirja\/puutarhan-ystavat-ja-viholliset\/"]}]},{"@type":"BreadcrumbList","@id":"https:\/\/www.kieliluotsi.fi\/lokikirja\/puutarhan-ystavat-ja-viholliset\/#breadcrumb","itemListElement":[{"@type":"ListItem","position":1,"name":"Etusivu","item":"https:\/\/www.kieliluotsi.fi\/lokikirja\/"},{"@type":"ListItem","position":2,"name":"Puutarhan yst\u00e4v\u00e4t ja viholliset"}]},{"@type":"WebSite","@id":"https:\/\/www.kieliluotsi.fi\/lokikirja\/#website","url":"https:\/\/www.kieliluotsi.fi\/lokikirja\/","name":"Kieliluotsin lokikirja","description":"havaintoja kielest\u00e4 ja sen ilmi\u00f6ist\u00e4","potentialAction":[{"@type":"SearchAction","target":{"@type":"EntryPoint","urlTemplate":"https:\/\/www.kieliluotsi.fi\/lokikirja\/?s={search_term_string}"},"query-input":"required name=search_term_string"}],"inLanguage":"fi"},{"@type":"Person","@id":"https:\/\/www.kieliluotsi.fi\/lokikirja\/#\/schema\/person\/be983f8146cb3edad975db1e1f487dc3","name":"Jutta Posti","image":{"@type":"ImageObject","inLanguage":"fi","@id":"https:\/\/www.kieliluotsi.fi\/lokikirja\/#\/schema\/person\/image\/","url":"https:\/\/www.kieliluotsi.fi\/lokikirja\/media\/2017\/11\/Jutta-Posti_avatar_1511473595-96x96.jpg","contentUrl":"https:\/\/www.kieliluotsi.fi\/lokikirja\/media\/2017\/11\/Jutta-Posti_avatar_1511473595-96x96.jpg","caption":"Jutta Posti"},"description":"Jutta Posti (FM) on haminalainen humanisti ja kielifriikki. H\u00e4n on kielipalveluja tarjoavan Kieliluotsin perustaja ja kieliasiantuntija.","sameAs":["https:\/\/www.kieliluotsi.fi"],"url":"https:\/\/www.kieliluotsi.fi\/lokikirja\/author\/jutta_jarvansalo\/"}]}},"_links":{"self":[{"href":"https:\/\/www.kieliluotsi.fi\/lokikirja\/wp-json\/wp\/v2\/posts\/144"}],"collection":[{"href":"https:\/\/www.kieliluotsi.fi\/lokikirja\/wp-json\/wp\/v2\/posts"}],"about":[{"href":"https:\/\/www.kieliluotsi.fi\/lokikirja\/wp-json\/wp\/v2\/types\/post"}],"author":[{"embeddable":true,"href":"https:\/\/www.kieliluotsi.fi\/lokikirja\/wp-json\/wp\/v2\/users\/3"}],"replies":[{"embeddable":true,"href":"https:\/\/www.kieliluotsi.fi\/lokikirja\/wp-json\/wp\/v2\/comments?post=144"}],"version-history":[{"count":7,"href":"https:\/\/www.kieliluotsi.fi\/lokikirja\/wp-json\/wp\/v2\/posts\/144\/revisions"}],"predecessor-version":[{"id":873,"href":"https:\/\/www.kieliluotsi.fi\/lokikirja\/wp-json\/wp\/v2\/posts\/144\/revisions\/873"}],"wp:featuredmedia":[{"embeddable":true,"href":"https:\/\/www.kieliluotsi.fi\/lokikirja\/wp-json\/wp\/v2\/media\/145"}],"wp:attachment":[{"href":"https:\/\/www.kieliluotsi.fi\/lokikirja\/wp-json\/wp\/v2\/media?parent=144"}],"wp:term":[{"taxonomy":"category","embeddable":true,"href":"https:\/\/www.kieliluotsi.fi\/lokikirja\/wp-json\/wp\/v2\/categories?post=144"},{"taxonomy":"post_tag","embeddable":true,"href":"https:\/\/www.kieliluotsi.fi\/lokikirja\/wp-json\/wp\/v2\/tags?post=144"}],"curies":[{"name":"wp","href":"https:\/\/api.w.org\/{rel}","templated":true}]}}