{"id":1486,"date":"2022-04-20T14:26:16","date_gmt":"2022-04-20T11:26:16","guid":{"rendered":"https:\/\/www.kieliluotsi.fi\/lokikirja\/?p=1486"},"modified":"2022-04-20T14:26:32","modified_gmt":"2022-04-20T11:26:32","slug":"huhtikuun-2022-kielivinkki","status":"publish","type":"post","link":"https:\/\/www.kieliluotsi.fi\/lokikirja\/huhtikuun-2022-kielivinkki\/","title":{"rendered":"Huhtikuun 2022 kielivinkki"},"content":{"rendered":"\n<p>Suomen sanavarastoon jo perinteisesti kuuluva \u201deri\u201d n\u00e4ytt\u00e4\u00e4 nyky\u00e4\u00e4n valtaavan yh\u00e4 suurempaa alaa. Sit\u00e4 k\u00e4ytet\u00e4\u00e4n silloinkin, kun ei tarvitsisi. Yll\u00e4tt\u00e4v\u00e4n usein sit\u00e4 my\u00f6s taivutetaan tyyliin \u201dosallistujia oli 12 erist\u00e4 maasta\u201d.<\/p>\n\n\n\n<!--more-->\n\n\n\n<p>Moni saattaa kysy\u00e4, mik\u00e4 edell\u00e4 olevassa esimerkiss\u00e4 on muka v\u00e4\u00e4rin. Ensinn\u00e4kin \u201deri\u201d-sanan k\u00e4ytt\u00f6 on t\u00e4ysin tarpeetonta. Tuskin osallistujia nimitt\u00e4in 12 samasta maasta oli. Ja mik\u00e4 viel\u00e4 t\u00e4rke\u00e4mp\u00e4\u00e4: \u201deri\u201d-sanaa ei koskaan saisi taivuttaa, vaan se on aina \u201deri\u201d. Oikea versio olisi siis \u201dosallistujia oli 12 maasta\u201d.<\/p>\n\n\n\n<p>Joissakin tilanteissa \u201deri\u201d-sanan k\u00e4ytt\u00f6 on kyll\u00e4 paikallaan, kuten jos halutaan tehd\u00e4 selv\u00e4 ero yksil\u00f6iden v\u00e4lill\u00e4. Esimerkiksi jos kotiel\u00e4inpihassa on \u201d20 eri el\u00e4int\u00e4\u201d, siell\u00e4 on 20 el\u00e4inlajin edustajia. T\u00e4ll\u00f6in el\u00e4inten kokonaism\u00e4\u00e4r\u00e4 voi periaatteessa olla vaikka kuinka suuri. Mutta jos kotiel\u00e4inpihassa on \u201d20 el\u00e4int\u00e4\u201d, siell\u00e4 voi olla esimerkiksi viisi lammasta, viisi lehm\u00e4\u00e4, viisi sikaa ja viisi hevosta \u2013 el\u00e4imi\u00e4 on siis nelj\u00e4\u00e4 lajia mutta yhteens\u00e4 20.<\/p>\n\n\n\n<p>\u201dEri\u201d-sanaa ei siis koskaan kannata k\u00e4ytt\u00e4\u00e4 turhaan. Silti sit\u00e4 tulee k\u00e4ytt\u00e4\u00e4 \u2013 mutta vain oikeissa konteksteissa. Eri asia sitten on, hahmottaako kirjoittaessaan, milloin sen k\u00e4ytt\u00e4minen on perusteltua ja milloin ei. Joka tapauksessa kannattaa muistaa, ett\u00e4 vaikka sanaa k\u00e4ytt\u00e4\u00e4 monissa eri yhteyksiss\u00e4, se ei koskaan taivu! <\/p>\n","protected":false},"excerpt":{"rendered":"<p>Suomen sanavarastoon jo perinteisesti kuuluva \u201deri\u201d n\u00e4ytt\u00e4\u00e4 nyky\u00e4\u00e4n valtaavan yh\u00e4 suurempaa alaa. Sit\u00e4 k\u00e4ytet\u00e4\u00e4n silloinkin, kun ei tarvitsisi. Yll\u00e4tt\u00e4v\u00e4n usein sit\u00e4 my\u00f6s taivutetaan tyyliin \u201dosallistujia oli 12 erist\u00e4 maasta\u201d.<\/p>\n","protected":false},"author":3,"featured_media":1297,"comment_status":"open","ping_status":"open","sticky":false,"template":"","format":"standard","meta":[],"categories":[255],"tags":[256,272,142],"yoast_head":"<!-- This site is optimized with the Yoast SEO plugin v20.13 - https:\/\/yoast.com\/wordpress\/plugins\/seo\/ -->\n<title>Huhtikuun 2022 kielivinkki \u2013 Kieliluotsin lokikirja<\/title>\n<meta name=\"description\" content=\"Suomen sanavarastoon jo perinteisesti kuuluva \u201deri\u201d valtaa nyky\u00e4\u00e4n yh\u00e4 suurempaa alaa. Usein sit\u00e4 my\u00f6s virheellisesti taivutetaan.\" \/>\n<meta name=\"robots\" content=\"index, follow, max-snippet:-1, max-image-preview:large, max-video-preview:-1\" \/>\n<link rel=\"canonical\" href=\"https:\/\/www.kieliluotsi.fi\/lokikirja\/huhtikuun-2022-kielivinkki\/\" \/>\n<meta property=\"og:locale\" content=\"fi_FI\" \/>\n<meta property=\"og:type\" content=\"article\" \/>\n<meta property=\"og:title\" content=\"Huhtikuun 2022 kielivinkki \u2013 Kieliluotsin lokikirja\" \/>\n<meta property=\"og:description\" content=\"Suomen sanavarastoon jo perinteisesti kuuluva \u201deri\u201d valtaa nyky\u00e4\u00e4n yh\u00e4 suurempaa alaa. Usein sit\u00e4 my\u00f6s virheellisesti taivutetaan.\" \/>\n<meta property=\"og:url\" content=\"https:\/\/www.kieliluotsi.fi\/lokikirja\/huhtikuun-2022-kielivinkki\/\" \/>\n<meta property=\"og:site_name\" content=\"Kieliluotsin lokikirja\" \/>\n<meta property=\"article:published_time\" content=\"2022-04-20T11:26:16+00:00\" \/>\n<meta property=\"article:modified_time\" content=\"2022-04-20T11:26:32+00:00\" \/>\n<meta property=\"og:image\" content=\"https:\/\/www.kieliluotsi.fi\/lokikirja\/media\/2020\/04\/kuukauden-kielivinkki-artikkelikuva.jpg\" \/>\n\t<meta property=\"og:image:width\" content=\"1001\" \/>\n\t<meta property=\"og:image:height\" content=\"1000\" \/>\n\t<meta property=\"og:image:type\" content=\"image\/jpeg\" \/>\n<meta name=\"author\" content=\"Jutta Posti\" \/>\n<meta name=\"twitter:label1\" content=\"Kirjoittanut\" \/>\n\t<meta name=\"twitter:data1\" content=\"Jutta Posti\" \/>\n\t<meta name=\"twitter:label2\" content=\"Arvioitu lukuaika\" \/>\n\t<meta name=\"twitter:data2\" content=\"2 minuuttia\" \/>\n<script type=\"application\/ld+json\" class=\"yoast-schema-graph\">{\"@context\":\"https:\/\/schema.org\",\"@graph\":[{\"@type\":\"WebPage\",\"@id\":\"https:\/\/www.kieliluotsi.fi\/lokikirja\/huhtikuun-2022-kielivinkki\/\",\"url\":\"https:\/\/www.kieliluotsi.fi\/lokikirja\/huhtikuun-2022-kielivinkki\/\",\"name\":\"Huhtikuun 2022 kielivinkki \u2013 Kieliluotsin lokikirja\",\"isPartOf\":{\"@id\":\"https:\/\/www.kieliluotsi.fi\/lokikirja\/#website\"},\"datePublished\":\"2022-04-20T11:26:16+00:00\",\"dateModified\":\"2022-04-20T11:26:32+00:00\",\"author\":{\"@id\":\"https:\/\/www.kieliluotsi.fi\/lokikirja\/#\/schema\/person\/be983f8146cb3edad975db1e1f487dc3\"},\"description\":\"Suomen sanavarastoon jo perinteisesti kuuluva \u201deri\u201d valtaa nyky\u00e4\u00e4n yh\u00e4 suurempaa alaa. Usein sit\u00e4 my\u00f6s virheellisesti taivutetaan.\",\"breadcrumb\":{\"@id\":\"https:\/\/www.kieliluotsi.fi\/lokikirja\/huhtikuun-2022-kielivinkki\/#breadcrumb\"},\"inLanguage\":\"fi\",\"potentialAction\":[{\"@type\":\"ReadAction\",\"target\":[\"https:\/\/www.kieliluotsi.fi\/lokikirja\/huhtikuun-2022-kielivinkki\/\"]}]},{\"@type\":\"BreadcrumbList\",\"@id\":\"https:\/\/www.kieliluotsi.fi\/lokikirja\/huhtikuun-2022-kielivinkki\/#breadcrumb\",\"itemListElement\":[{\"@type\":\"ListItem\",\"position\":1,\"name\":\"Etusivu\",\"item\":\"https:\/\/www.kieliluotsi.fi\/lokikirja\/\"},{\"@type\":\"ListItem\",\"position\":2,\"name\":\"Huhtikuun 2022 kielivinkki\"}]},{\"@type\":\"WebSite\",\"@id\":\"https:\/\/www.kieliluotsi.fi\/lokikirja\/#website\",\"url\":\"https:\/\/www.kieliluotsi.fi\/lokikirja\/\",\"name\":\"Kieliluotsin lokikirja\",\"description\":\"havaintoja kielest\u00e4 ja sen ilmi\u00f6ist\u00e4\",\"potentialAction\":[{\"@type\":\"SearchAction\",\"target\":{\"@type\":\"EntryPoint\",\"urlTemplate\":\"https:\/\/www.kieliluotsi.fi\/lokikirja\/?s={search_term_string}\"},\"query-input\":\"required name=search_term_string\"}],\"inLanguage\":\"fi\"},{\"@type\":\"Person\",\"@id\":\"https:\/\/www.kieliluotsi.fi\/lokikirja\/#\/schema\/person\/be983f8146cb3edad975db1e1f487dc3\",\"name\":\"Jutta Posti\",\"image\":{\"@type\":\"ImageObject\",\"inLanguage\":\"fi\",\"@id\":\"https:\/\/www.kieliluotsi.fi\/lokikirja\/#\/schema\/person\/image\/\",\"url\":\"https:\/\/www.kieliluotsi.fi\/lokikirja\/media\/2017\/11\/Jutta-Posti_avatar_1511473595-96x96.jpg\",\"contentUrl\":\"https:\/\/www.kieliluotsi.fi\/lokikirja\/media\/2017\/11\/Jutta-Posti_avatar_1511473595-96x96.jpg\",\"caption\":\"Jutta Posti\"},\"description\":\"Jutta Posti (FM) on haminalainen humanisti ja kielifriikki. H\u00e4n on kielipalveluja tarjoavan Kieliluotsin perustaja ja kieliasiantuntija.\",\"sameAs\":[\"https:\/\/www.kieliluotsi.fi\"],\"url\":\"https:\/\/www.kieliluotsi.fi\/lokikirja\/author\/jutta_jarvansalo\/\"}]}<\/script>\n<!-- \/ Yoast SEO plugin. -->","yoast_head_json":{"title":"Huhtikuun 2022 kielivinkki \u2013 Kieliluotsin lokikirja","description":"Suomen sanavarastoon jo perinteisesti kuuluva \u201deri\u201d valtaa nyky\u00e4\u00e4n yh\u00e4 suurempaa alaa. Usein sit\u00e4 my\u00f6s virheellisesti taivutetaan.","robots":{"index":"index","follow":"follow","max-snippet":"max-snippet:-1","max-image-preview":"max-image-preview:large","max-video-preview":"max-video-preview:-1"},"canonical":"https:\/\/www.kieliluotsi.fi\/lokikirja\/huhtikuun-2022-kielivinkki\/","og_locale":"fi_FI","og_type":"article","og_title":"Huhtikuun 2022 kielivinkki \u2013 Kieliluotsin lokikirja","og_description":"Suomen sanavarastoon jo perinteisesti kuuluva \u201deri\u201d valtaa nyky\u00e4\u00e4n yh\u00e4 suurempaa alaa. Usein sit\u00e4 my\u00f6s virheellisesti taivutetaan.","og_url":"https:\/\/www.kieliluotsi.fi\/lokikirja\/huhtikuun-2022-kielivinkki\/","og_site_name":"Kieliluotsin lokikirja","article_published_time":"2022-04-20T11:26:16+00:00","article_modified_time":"2022-04-20T11:26:32+00:00","og_image":[{"width":1001,"height":1000,"url":"https:\/\/www.kieliluotsi.fi\/lokikirja\/media\/2020\/04\/kuukauden-kielivinkki-artikkelikuva.jpg","type":"image\/jpeg"}],"author":"Jutta Posti","twitter_misc":{"Kirjoittanut":"Jutta Posti","Arvioitu lukuaika":"2 minuuttia"},"schema":{"@context":"https:\/\/schema.org","@graph":[{"@type":"WebPage","@id":"https:\/\/www.kieliluotsi.fi\/lokikirja\/huhtikuun-2022-kielivinkki\/","url":"https:\/\/www.kieliluotsi.fi\/lokikirja\/huhtikuun-2022-kielivinkki\/","name":"Huhtikuun 2022 kielivinkki \u2013 Kieliluotsin lokikirja","isPartOf":{"@id":"https:\/\/www.kieliluotsi.fi\/lokikirja\/#website"},"datePublished":"2022-04-20T11:26:16+00:00","dateModified":"2022-04-20T11:26:32+00:00","author":{"@id":"https:\/\/www.kieliluotsi.fi\/lokikirja\/#\/schema\/person\/be983f8146cb3edad975db1e1f487dc3"},"description":"Suomen sanavarastoon jo perinteisesti kuuluva \u201deri\u201d valtaa nyky\u00e4\u00e4n yh\u00e4 suurempaa alaa. Usein sit\u00e4 my\u00f6s virheellisesti taivutetaan.","breadcrumb":{"@id":"https:\/\/www.kieliluotsi.fi\/lokikirja\/huhtikuun-2022-kielivinkki\/#breadcrumb"},"inLanguage":"fi","potentialAction":[{"@type":"ReadAction","target":["https:\/\/www.kieliluotsi.fi\/lokikirja\/huhtikuun-2022-kielivinkki\/"]}]},{"@type":"BreadcrumbList","@id":"https:\/\/www.kieliluotsi.fi\/lokikirja\/huhtikuun-2022-kielivinkki\/#breadcrumb","itemListElement":[{"@type":"ListItem","position":1,"name":"Etusivu","item":"https:\/\/www.kieliluotsi.fi\/lokikirja\/"},{"@type":"ListItem","position":2,"name":"Huhtikuun 2022 kielivinkki"}]},{"@type":"WebSite","@id":"https:\/\/www.kieliluotsi.fi\/lokikirja\/#website","url":"https:\/\/www.kieliluotsi.fi\/lokikirja\/","name":"Kieliluotsin lokikirja","description":"havaintoja kielest\u00e4 ja sen ilmi\u00f6ist\u00e4","potentialAction":[{"@type":"SearchAction","target":{"@type":"EntryPoint","urlTemplate":"https:\/\/www.kieliluotsi.fi\/lokikirja\/?s={search_term_string}"},"query-input":"required name=search_term_string"}],"inLanguage":"fi"},{"@type":"Person","@id":"https:\/\/www.kieliluotsi.fi\/lokikirja\/#\/schema\/person\/be983f8146cb3edad975db1e1f487dc3","name":"Jutta Posti","image":{"@type":"ImageObject","inLanguage":"fi","@id":"https:\/\/www.kieliluotsi.fi\/lokikirja\/#\/schema\/person\/image\/","url":"https:\/\/www.kieliluotsi.fi\/lokikirja\/media\/2017\/11\/Jutta-Posti_avatar_1511473595-96x96.jpg","contentUrl":"https:\/\/www.kieliluotsi.fi\/lokikirja\/media\/2017\/11\/Jutta-Posti_avatar_1511473595-96x96.jpg","caption":"Jutta Posti"},"description":"Jutta Posti (FM) on haminalainen humanisti ja kielifriikki. H\u00e4n on kielipalveluja tarjoavan Kieliluotsin perustaja ja kieliasiantuntija.","sameAs":["https:\/\/www.kieliluotsi.fi"],"url":"https:\/\/www.kieliluotsi.fi\/lokikirja\/author\/jutta_jarvansalo\/"}]}},"_links":{"self":[{"href":"https:\/\/www.kieliluotsi.fi\/lokikirja\/wp-json\/wp\/v2\/posts\/1486"}],"collection":[{"href":"https:\/\/www.kieliluotsi.fi\/lokikirja\/wp-json\/wp\/v2\/posts"}],"about":[{"href":"https:\/\/www.kieliluotsi.fi\/lokikirja\/wp-json\/wp\/v2\/types\/post"}],"author":[{"embeddable":true,"href":"https:\/\/www.kieliluotsi.fi\/lokikirja\/wp-json\/wp\/v2\/users\/3"}],"replies":[{"embeddable":true,"href":"https:\/\/www.kieliluotsi.fi\/lokikirja\/wp-json\/wp\/v2\/comments?post=1486"}],"version-history":[{"count":2,"href":"https:\/\/www.kieliluotsi.fi\/lokikirja\/wp-json\/wp\/v2\/posts\/1486\/revisions"}],"predecessor-version":[{"id":1488,"href":"https:\/\/www.kieliluotsi.fi\/lokikirja\/wp-json\/wp\/v2\/posts\/1486\/revisions\/1488"}],"wp:featuredmedia":[{"embeddable":true,"href":"https:\/\/www.kieliluotsi.fi\/lokikirja\/wp-json\/wp\/v2\/media\/1297"}],"wp:attachment":[{"href":"https:\/\/www.kieliluotsi.fi\/lokikirja\/wp-json\/wp\/v2\/media?parent=1486"}],"wp:term":[{"taxonomy":"category","embeddable":true,"href":"https:\/\/www.kieliluotsi.fi\/lokikirja\/wp-json\/wp\/v2\/categories?post=1486"},{"taxonomy":"post_tag","embeddable":true,"href":"https:\/\/www.kieliluotsi.fi\/lokikirja\/wp-json\/wp\/v2\/tags?post=1486"}],"curies":[{"name":"wp","href":"https:\/\/api.w.org\/{rel}","templated":true}]}}