{"id":1491,"date":"2022-05-20T19:10:33","date_gmt":"2022-05-20T16:10:33","guid":{"rendered":"https:\/\/www.kieliluotsi.fi\/lokikirja\/?p=1491"},"modified":"2022-05-20T19:10:48","modified_gmt":"2022-05-20T16:10:48","slug":"toukokuun-2022-kielivinkki","status":"publish","type":"post","link":"https:\/\/www.kieliluotsi.fi\/lokikirja\/toukokuun-2022-kielivinkki\/","title":{"rendered":"Toukokuun 2022 kielivinkki"},"content":{"rendered":"\n<p>Usein kuulee sanottavan, ett\u00e4 joku on \u201dyksi parhaista\u201d. Mutta jos halutaan lis\u00e4t\u00e4 t\u00e4sment\u00e4v\u00e4\u00e4 tietoa, sanotaanko jonkun olevan \u201dyksi Suomen parhaista pomoista\u201d vai \u201dSuomen yksi parhaista pomoista\u201d? Kumpi on oikein?<\/p>\n\n\n\n<!--more-->\n\n\n\n<p>Perinteisen suomen sanaj\u00e4rjestyksen mukaisesti oikea muoto on \u201dyksi Suomen parhaista pomoista\u201d.<\/p>\n\n\n\n<p>Mutta mist\u00e4 tuo \u201dSuomen yksi parhaista pomoista\u201d -sanaj\u00e4rjestys sitten tulee? Miksi se on nykyisin yleistynyt niin paljon?<\/p>\n\n\n\n<p>Selityksen\u00e4 voisi olla se, ett\u00e4 \u201dyksi parhaista\u201d miellet\u00e4\u00e4n usein hyvin kiinte\u00e4ksi ilmaisuksi. Moni ajattelee, ett\u00e4 sanojen \u201dyksi\u201d ja \u201dparhaista\u201d pit\u00e4isi tuossa tapauksessa aina olla per\u00e4kk\u00e4in. Niiden v\u00e4liin ei uskalleta laittaa mit\u00e4\u00e4n. Siksi esimerkiss\u00e4mme oleva sana \u201dSuomen\u201d laitetaan usein virheellisesti \u201dyksi parhaista\u201d -sanaliiton eteen eik\u00e4 sis\u00e4\u00e4n, minne se kuuluisi.<\/p>\n\n\n\n<p>Ja sama koskee tietysti muitakin vastaavia sanaliittoja. Suomenmukaista on sanoa \u201dyksi maailman suurimmista firmoista\u201d, \u201dyksi Euroopan kauneimmista paikoista\u201d, \u201dyksi Kymenlaakson rikkaimmista ihmisist\u00e4\u201d jne.<\/p>\n\n\n\n<p>On kyll\u00e4 hyv\u00e4, ett\u00e4 t\u00e4m\u00e4 on yksi suomen kielikoukeroiden helpoimmista asioista! Muistaa vain, ett\u00e4 v\u00e4liin saa \u2013 ja t\u00e4ss\u00e4 tapauksessa pit\u00e4\u00e4kin \u2013 kiilata. <\/p>\n","protected":false},"excerpt":{"rendered":"<p>Usein kuulee sanottavan, ett\u00e4 joku on \u201dyksi parhaista\u201d. Mutta jos halutaan lis\u00e4t\u00e4 t\u00e4sment\u00e4v\u00e4\u00e4 tietoa, sanotaanko jonkun olevan \u201dyksi Suomen parhaista pomoista\u201d vai \u201dSuomen yksi parhaista pomoista\u201d? Kumpi on oikein?<\/p>\n","protected":false},"author":3,"featured_media":1297,"comment_status":"open","ping_status":"open","sticky":false,"template":"","format":"standard","meta":[],"categories":[255],"tags":[256,257,259],"yoast_head":"<!-- This site is optimized with the Yoast SEO plugin v20.13 - https:\/\/yoast.com\/wordpress\/plugins\/seo\/ -->\n<title>Toukokuun 2022 kielivinkki \u2013 Kieliluotsin lokikirja<\/title>\n<meta name=\"description\" content=\"Tied\u00e4tk\u00f6, kumpi sanaj\u00e4rjestys on oikein: \u201dyksi Suomen parhaista pomoista\u201d vai \u201dSuomen yksi parhaista pomoista\u201d?\" \/>\n<meta name=\"robots\" content=\"index, follow, max-snippet:-1, max-image-preview:large, max-video-preview:-1\" \/>\n<link rel=\"canonical\" href=\"https:\/\/www.kieliluotsi.fi\/lokikirja\/toukokuun-2022-kielivinkki\/\" \/>\n<meta property=\"og:locale\" content=\"fi_FI\" \/>\n<meta property=\"og:type\" content=\"article\" \/>\n<meta property=\"og:title\" content=\"Toukokuun 2022 kielivinkki \u2013 Kieliluotsin lokikirja\" \/>\n<meta property=\"og:description\" content=\"Tied\u00e4tk\u00f6, kumpi sanaj\u00e4rjestys on oikein: \u201dyksi Suomen parhaista pomoista\u201d vai \u201dSuomen yksi parhaista pomoista\u201d?\" \/>\n<meta property=\"og:url\" content=\"https:\/\/www.kieliluotsi.fi\/lokikirja\/toukokuun-2022-kielivinkki\/\" \/>\n<meta property=\"og:site_name\" content=\"Kieliluotsin lokikirja\" \/>\n<meta property=\"article:published_time\" content=\"2022-05-20T16:10:33+00:00\" \/>\n<meta property=\"article:modified_time\" content=\"2022-05-20T16:10:48+00:00\" \/>\n<meta property=\"og:image\" content=\"https:\/\/www.kieliluotsi.fi\/lokikirja\/media\/2020\/04\/kuukauden-kielivinkki-artikkelikuva.jpg\" \/>\n\t<meta property=\"og:image:width\" content=\"1001\" \/>\n\t<meta property=\"og:image:height\" content=\"1000\" \/>\n\t<meta property=\"og:image:type\" content=\"image\/jpeg\" \/>\n<meta name=\"author\" content=\"Jutta Posti\" \/>\n<meta name=\"twitter:label1\" content=\"Kirjoittanut\" \/>\n\t<meta name=\"twitter:data1\" content=\"Jutta Posti\" \/>\n\t<meta name=\"twitter:label2\" content=\"Arvioitu lukuaika\" \/>\n\t<meta name=\"twitter:data2\" content=\"1 minuutti\" \/>\n<script type=\"application\/ld+json\" class=\"yoast-schema-graph\">{\"@context\":\"https:\/\/schema.org\",\"@graph\":[{\"@type\":\"WebPage\",\"@id\":\"https:\/\/www.kieliluotsi.fi\/lokikirja\/toukokuun-2022-kielivinkki\/\",\"url\":\"https:\/\/www.kieliluotsi.fi\/lokikirja\/toukokuun-2022-kielivinkki\/\",\"name\":\"Toukokuun 2022 kielivinkki \u2013 Kieliluotsin lokikirja\",\"isPartOf\":{\"@id\":\"https:\/\/www.kieliluotsi.fi\/lokikirja\/#website\"},\"datePublished\":\"2022-05-20T16:10:33+00:00\",\"dateModified\":\"2022-05-20T16:10:48+00:00\",\"author\":{\"@id\":\"https:\/\/www.kieliluotsi.fi\/lokikirja\/#\/schema\/person\/be983f8146cb3edad975db1e1f487dc3\"},\"description\":\"Tied\u00e4tk\u00f6, kumpi sanaj\u00e4rjestys on oikein: \u201dyksi Suomen parhaista pomoista\u201d vai \u201dSuomen yksi parhaista pomoista\u201d?\",\"breadcrumb\":{\"@id\":\"https:\/\/www.kieliluotsi.fi\/lokikirja\/toukokuun-2022-kielivinkki\/#breadcrumb\"},\"inLanguage\":\"fi\",\"potentialAction\":[{\"@type\":\"ReadAction\",\"target\":[\"https:\/\/www.kieliluotsi.fi\/lokikirja\/toukokuun-2022-kielivinkki\/\"]}]},{\"@type\":\"BreadcrumbList\",\"@id\":\"https:\/\/www.kieliluotsi.fi\/lokikirja\/toukokuun-2022-kielivinkki\/#breadcrumb\",\"itemListElement\":[{\"@type\":\"ListItem\",\"position\":1,\"name\":\"Etusivu\",\"item\":\"https:\/\/www.kieliluotsi.fi\/lokikirja\/\"},{\"@type\":\"ListItem\",\"position\":2,\"name\":\"Toukokuun 2022 kielivinkki\"}]},{\"@type\":\"WebSite\",\"@id\":\"https:\/\/www.kieliluotsi.fi\/lokikirja\/#website\",\"url\":\"https:\/\/www.kieliluotsi.fi\/lokikirja\/\",\"name\":\"Kieliluotsin lokikirja\",\"description\":\"havaintoja kielest\u00e4 ja sen ilmi\u00f6ist\u00e4\",\"potentialAction\":[{\"@type\":\"SearchAction\",\"target\":{\"@type\":\"EntryPoint\",\"urlTemplate\":\"https:\/\/www.kieliluotsi.fi\/lokikirja\/?s={search_term_string}\"},\"query-input\":\"required name=search_term_string\"}],\"inLanguage\":\"fi\"},{\"@type\":\"Person\",\"@id\":\"https:\/\/www.kieliluotsi.fi\/lokikirja\/#\/schema\/person\/be983f8146cb3edad975db1e1f487dc3\",\"name\":\"Jutta Posti\",\"image\":{\"@type\":\"ImageObject\",\"inLanguage\":\"fi\",\"@id\":\"https:\/\/www.kieliluotsi.fi\/lokikirja\/#\/schema\/person\/image\/\",\"url\":\"https:\/\/www.kieliluotsi.fi\/lokikirja\/media\/2017\/11\/Jutta-Posti_avatar_1511473595-96x96.jpg\",\"contentUrl\":\"https:\/\/www.kieliluotsi.fi\/lokikirja\/media\/2017\/11\/Jutta-Posti_avatar_1511473595-96x96.jpg\",\"caption\":\"Jutta Posti\"},\"description\":\"Jutta Posti (FM) on haminalainen humanisti ja kielifriikki. H\u00e4n on kielipalveluja tarjoavan Kieliluotsin perustaja ja kieliasiantuntija.\",\"sameAs\":[\"https:\/\/www.kieliluotsi.fi\"],\"url\":\"https:\/\/www.kieliluotsi.fi\/lokikirja\/author\/jutta_jarvansalo\/\"}]}<\/script>\n<!-- \/ Yoast SEO plugin. -->","yoast_head_json":{"title":"Toukokuun 2022 kielivinkki \u2013 Kieliluotsin lokikirja","description":"Tied\u00e4tk\u00f6, kumpi sanaj\u00e4rjestys on oikein: \u201dyksi Suomen parhaista pomoista\u201d vai \u201dSuomen yksi parhaista pomoista\u201d?","robots":{"index":"index","follow":"follow","max-snippet":"max-snippet:-1","max-image-preview":"max-image-preview:large","max-video-preview":"max-video-preview:-1"},"canonical":"https:\/\/www.kieliluotsi.fi\/lokikirja\/toukokuun-2022-kielivinkki\/","og_locale":"fi_FI","og_type":"article","og_title":"Toukokuun 2022 kielivinkki \u2013 Kieliluotsin lokikirja","og_description":"Tied\u00e4tk\u00f6, kumpi sanaj\u00e4rjestys on oikein: \u201dyksi Suomen parhaista pomoista\u201d vai \u201dSuomen yksi parhaista pomoista\u201d?","og_url":"https:\/\/www.kieliluotsi.fi\/lokikirja\/toukokuun-2022-kielivinkki\/","og_site_name":"Kieliluotsin lokikirja","article_published_time":"2022-05-20T16:10:33+00:00","article_modified_time":"2022-05-20T16:10:48+00:00","og_image":[{"width":1001,"height":1000,"url":"https:\/\/www.kieliluotsi.fi\/lokikirja\/media\/2020\/04\/kuukauden-kielivinkki-artikkelikuva.jpg","type":"image\/jpeg"}],"author":"Jutta Posti","twitter_misc":{"Kirjoittanut":"Jutta Posti","Arvioitu lukuaika":"1 minuutti"},"schema":{"@context":"https:\/\/schema.org","@graph":[{"@type":"WebPage","@id":"https:\/\/www.kieliluotsi.fi\/lokikirja\/toukokuun-2022-kielivinkki\/","url":"https:\/\/www.kieliluotsi.fi\/lokikirja\/toukokuun-2022-kielivinkki\/","name":"Toukokuun 2022 kielivinkki \u2013 Kieliluotsin lokikirja","isPartOf":{"@id":"https:\/\/www.kieliluotsi.fi\/lokikirja\/#website"},"datePublished":"2022-05-20T16:10:33+00:00","dateModified":"2022-05-20T16:10:48+00:00","author":{"@id":"https:\/\/www.kieliluotsi.fi\/lokikirja\/#\/schema\/person\/be983f8146cb3edad975db1e1f487dc3"},"description":"Tied\u00e4tk\u00f6, kumpi sanaj\u00e4rjestys on oikein: \u201dyksi Suomen parhaista pomoista\u201d vai \u201dSuomen yksi parhaista pomoista\u201d?","breadcrumb":{"@id":"https:\/\/www.kieliluotsi.fi\/lokikirja\/toukokuun-2022-kielivinkki\/#breadcrumb"},"inLanguage":"fi","potentialAction":[{"@type":"ReadAction","target":["https:\/\/www.kieliluotsi.fi\/lokikirja\/toukokuun-2022-kielivinkki\/"]}]},{"@type":"BreadcrumbList","@id":"https:\/\/www.kieliluotsi.fi\/lokikirja\/toukokuun-2022-kielivinkki\/#breadcrumb","itemListElement":[{"@type":"ListItem","position":1,"name":"Etusivu","item":"https:\/\/www.kieliluotsi.fi\/lokikirja\/"},{"@type":"ListItem","position":2,"name":"Toukokuun 2022 kielivinkki"}]},{"@type":"WebSite","@id":"https:\/\/www.kieliluotsi.fi\/lokikirja\/#website","url":"https:\/\/www.kieliluotsi.fi\/lokikirja\/","name":"Kieliluotsin lokikirja","description":"havaintoja kielest\u00e4 ja sen ilmi\u00f6ist\u00e4","potentialAction":[{"@type":"SearchAction","target":{"@type":"EntryPoint","urlTemplate":"https:\/\/www.kieliluotsi.fi\/lokikirja\/?s={search_term_string}"},"query-input":"required name=search_term_string"}],"inLanguage":"fi"},{"@type":"Person","@id":"https:\/\/www.kieliluotsi.fi\/lokikirja\/#\/schema\/person\/be983f8146cb3edad975db1e1f487dc3","name":"Jutta Posti","image":{"@type":"ImageObject","inLanguage":"fi","@id":"https:\/\/www.kieliluotsi.fi\/lokikirja\/#\/schema\/person\/image\/","url":"https:\/\/www.kieliluotsi.fi\/lokikirja\/media\/2017\/11\/Jutta-Posti_avatar_1511473595-96x96.jpg","contentUrl":"https:\/\/www.kieliluotsi.fi\/lokikirja\/media\/2017\/11\/Jutta-Posti_avatar_1511473595-96x96.jpg","caption":"Jutta Posti"},"description":"Jutta Posti (FM) on haminalainen humanisti ja kielifriikki. H\u00e4n on kielipalveluja tarjoavan Kieliluotsin perustaja ja kieliasiantuntija.","sameAs":["https:\/\/www.kieliluotsi.fi"],"url":"https:\/\/www.kieliluotsi.fi\/lokikirja\/author\/jutta_jarvansalo\/"}]}},"_links":{"self":[{"href":"https:\/\/www.kieliluotsi.fi\/lokikirja\/wp-json\/wp\/v2\/posts\/1491"}],"collection":[{"href":"https:\/\/www.kieliluotsi.fi\/lokikirja\/wp-json\/wp\/v2\/posts"}],"about":[{"href":"https:\/\/www.kieliluotsi.fi\/lokikirja\/wp-json\/wp\/v2\/types\/post"}],"author":[{"embeddable":true,"href":"https:\/\/www.kieliluotsi.fi\/lokikirja\/wp-json\/wp\/v2\/users\/3"}],"replies":[{"embeddable":true,"href":"https:\/\/www.kieliluotsi.fi\/lokikirja\/wp-json\/wp\/v2\/comments?post=1491"}],"version-history":[{"count":1,"href":"https:\/\/www.kieliluotsi.fi\/lokikirja\/wp-json\/wp\/v2\/posts\/1491\/revisions"}],"predecessor-version":[{"id":1492,"href":"https:\/\/www.kieliluotsi.fi\/lokikirja\/wp-json\/wp\/v2\/posts\/1491\/revisions\/1492"}],"wp:featuredmedia":[{"embeddable":true,"href":"https:\/\/www.kieliluotsi.fi\/lokikirja\/wp-json\/wp\/v2\/media\/1297"}],"wp:attachment":[{"href":"https:\/\/www.kieliluotsi.fi\/lokikirja\/wp-json\/wp\/v2\/media?parent=1491"}],"wp:term":[{"taxonomy":"category","embeddable":true,"href":"https:\/\/www.kieliluotsi.fi\/lokikirja\/wp-json\/wp\/v2\/categories?post=1491"},{"taxonomy":"post_tag","embeddable":true,"href":"https:\/\/www.kieliluotsi.fi\/lokikirja\/wp-json\/wp\/v2\/tags?post=1491"}],"curies":[{"name":"wp","href":"https:\/\/api.w.org\/{rel}","templated":true}]}}