{"id":1495,"date":"2022-06-20T11:50:26","date_gmt":"2022-06-20T08:50:26","guid":{"rendered":"https:\/\/www.kieliluotsi.fi\/lokikirja\/?p=1495"},"modified":"2022-06-20T11:50:36","modified_gmt":"2022-06-20T08:50:36","slug":"kesakuun-2022-kielivinkki","status":"publish","type":"post","link":"https:\/\/www.kieliluotsi.fi\/lokikirja\/kesakuun-2022-kielivinkki\/","title":{"rendered":"Kes\u00e4kuun 2022 kielivinkki"},"content":{"rendered":"\n<p>Viime aikoina olen t\u00f6rm\u00e4nnyt melko usein virheisiin ilmauksissa \u201dyh\u00e4 ilmeisemmin\u201d ja \u201dmit\u00e4 ilmeisimmin\u201d. Nopealla silm\u00e4yksell\u00e4 saattaa n\u00e4ytt\u00e4\u00e4, ett\u00e4 ilmauksissa on eroa vain ensimm\u00e4isess\u00e4 sanassa, mutta n\u00e4inh\u00e4n asia ei ole.<\/p>\n\n\n\n<!--more-->\n\n\n\n<p>Kun katsoo tarkemmin, huomaa, ett\u00e4 j\u00e4lkimm\u00e4inen sana on eri muodossa: Yh\u00e4-sanan kanssa k\u00e4ytet\u00e4\u00e4n komparatiivia (ilmeisempi -> ilmeisemmin). Mit\u00e4-sanan kanssa taas k\u00e4ytet\u00e4\u00e4n superlatiivia (ilmeisin -> ilmeisimmin).<\/p>\n\n\n\n<p>Sama s\u00e4\u00e4nt\u00f6 koskee tietysti muitakin sanoja kuin \u201dilmeinen\u201d. Jos \u201dh\u00e4n ostaa yh\u00e4 eksoottisempia hedelmi\u00e4\u201d, silloinkin pit\u00e4\u00e4 muistaa k\u00e4ytt\u00e4\u00e4 komparatiivia (eksoottisempi -> eksoottisempia). Ja vastaavasti jos \u201dh\u00e4n ostaa mit\u00e4 eksoottisimpia hedelmi\u00e4\u201d, tulee aina k\u00e4ytt\u00e4\u00e4 superlatiivia (eksoottisin -> eksoottisimpia).<\/p>\n\n\n\n<p>Peruss\u00e4\u00e4nt\u00f6 on siis yksinkertainen: yh\u00e4-sanan kanssa tulee komparatiivi, mit\u00e4-sanan kanssa superlatiivi. Kun sen muistaa, virheit\u00e4 tulee yh\u00e4 harvemmin ja lopulta tuollaiset kohdat selvitt\u00e4\u00e4 mit\u00e4 helpoimmin! <\/p>\n","protected":false},"excerpt":{"rendered":"<p>Viime aikoina olen t\u00f6rm\u00e4nnyt melko usein virheisiin ilmauksissa \u201dyh\u00e4 ilmeisemmin\u201d ja \u201dmit\u00e4 ilmeisimmin\u201d. Nopealla silm\u00e4yksell\u00e4 saattaa n\u00e4ytt\u00e4\u00e4, ett\u00e4 ilmauksissa on eroa vain ensimm\u00e4isess\u00e4 sanassa, mutta n\u00e4inh\u00e4n asia ei ole.<\/p>\n","protected":false},"author":3,"featured_media":1297,"comment_status":"open","ping_status":"open","sticky":false,"template":"","format":"standard","meta":[],"categories":[255],"tags":[256,273,259,274],"yoast_head":"<!-- This site is optimized with the Yoast SEO plugin v20.13 - https:\/\/yoast.com\/wordpress\/plugins\/seo\/ -->\n<title>Kes\u00e4kuun 2022 kielivinkki \u2013 Kieliluotsin lokikirja<\/title>\n<meta name=\"description\" content=\"Onko ilmauksien \u201dyh\u00e4 ilmeisemmin\u201d ja \u201dmit\u00e4 ilmeisimmin\u201d muodostaminen sinulla hallussa? Tied\u00e4tk\u00f6, mit\u00e4 muotoa k\u00e4ytet\u00e4\u00e4n milloinkin?\" \/>\n<meta name=\"robots\" content=\"index, follow, max-snippet:-1, max-image-preview:large, max-video-preview:-1\" \/>\n<link rel=\"canonical\" href=\"https:\/\/www.kieliluotsi.fi\/lokikirja\/kesakuun-2022-kielivinkki\/\" \/>\n<meta property=\"og:locale\" content=\"fi_FI\" \/>\n<meta property=\"og:type\" content=\"article\" \/>\n<meta property=\"og:title\" content=\"Kes\u00e4kuun 2022 kielivinkki \u2013 Kieliluotsin lokikirja\" \/>\n<meta property=\"og:description\" content=\"Onko ilmauksien \u201dyh\u00e4 ilmeisemmin\u201d ja \u201dmit\u00e4 ilmeisimmin\u201d muodostaminen sinulla hallussa? Tied\u00e4tk\u00f6, mit\u00e4 muotoa k\u00e4ytet\u00e4\u00e4n milloinkin?\" \/>\n<meta property=\"og:url\" content=\"https:\/\/www.kieliluotsi.fi\/lokikirja\/kesakuun-2022-kielivinkki\/\" \/>\n<meta property=\"og:site_name\" content=\"Kieliluotsin lokikirja\" \/>\n<meta property=\"article:published_time\" content=\"2022-06-20T08:50:26+00:00\" \/>\n<meta property=\"article:modified_time\" content=\"2022-06-20T08:50:36+00:00\" \/>\n<meta property=\"og:image\" content=\"https:\/\/www.kieliluotsi.fi\/lokikirja\/media\/2020\/04\/kuukauden-kielivinkki-artikkelikuva.jpg\" \/>\n\t<meta property=\"og:image:width\" content=\"1001\" \/>\n\t<meta property=\"og:image:height\" content=\"1000\" \/>\n\t<meta property=\"og:image:type\" content=\"image\/jpeg\" \/>\n<meta name=\"author\" content=\"Jutta Posti\" \/>\n<meta name=\"twitter:label1\" content=\"Kirjoittanut\" \/>\n\t<meta name=\"twitter:data1\" content=\"Jutta Posti\" \/>\n\t<meta name=\"twitter:label2\" content=\"Arvioitu lukuaika\" \/>\n\t<meta name=\"twitter:data2\" content=\"1 minuutti\" \/>\n<script type=\"application\/ld+json\" class=\"yoast-schema-graph\">{\"@context\":\"https:\/\/schema.org\",\"@graph\":[{\"@type\":\"WebPage\",\"@id\":\"https:\/\/www.kieliluotsi.fi\/lokikirja\/kesakuun-2022-kielivinkki\/\",\"url\":\"https:\/\/www.kieliluotsi.fi\/lokikirja\/kesakuun-2022-kielivinkki\/\",\"name\":\"Kes\u00e4kuun 2022 kielivinkki \u2013 Kieliluotsin lokikirja\",\"isPartOf\":{\"@id\":\"https:\/\/www.kieliluotsi.fi\/lokikirja\/#website\"},\"datePublished\":\"2022-06-20T08:50:26+00:00\",\"dateModified\":\"2022-06-20T08:50:36+00:00\",\"author\":{\"@id\":\"https:\/\/www.kieliluotsi.fi\/lokikirja\/#\/schema\/person\/be983f8146cb3edad975db1e1f487dc3\"},\"description\":\"Onko ilmauksien \u201dyh\u00e4 ilmeisemmin\u201d ja \u201dmit\u00e4 ilmeisimmin\u201d muodostaminen sinulla hallussa? Tied\u00e4tk\u00f6, mit\u00e4 muotoa k\u00e4ytet\u00e4\u00e4n milloinkin?\",\"breadcrumb\":{\"@id\":\"https:\/\/www.kieliluotsi.fi\/lokikirja\/kesakuun-2022-kielivinkki\/#breadcrumb\"},\"inLanguage\":\"fi\",\"potentialAction\":[{\"@type\":\"ReadAction\",\"target\":[\"https:\/\/www.kieliluotsi.fi\/lokikirja\/kesakuun-2022-kielivinkki\/\"]}]},{\"@type\":\"BreadcrumbList\",\"@id\":\"https:\/\/www.kieliluotsi.fi\/lokikirja\/kesakuun-2022-kielivinkki\/#breadcrumb\",\"itemListElement\":[{\"@type\":\"ListItem\",\"position\":1,\"name\":\"Etusivu\",\"item\":\"https:\/\/www.kieliluotsi.fi\/lokikirja\/\"},{\"@type\":\"ListItem\",\"position\":2,\"name\":\"Kes\u00e4kuun 2022 kielivinkki\"}]},{\"@type\":\"WebSite\",\"@id\":\"https:\/\/www.kieliluotsi.fi\/lokikirja\/#website\",\"url\":\"https:\/\/www.kieliluotsi.fi\/lokikirja\/\",\"name\":\"Kieliluotsin lokikirja\",\"description\":\"havaintoja kielest\u00e4 ja sen ilmi\u00f6ist\u00e4\",\"potentialAction\":[{\"@type\":\"SearchAction\",\"target\":{\"@type\":\"EntryPoint\",\"urlTemplate\":\"https:\/\/www.kieliluotsi.fi\/lokikirja\/?s={search_term_string}\"},\"query-input\":\"required name=search_term_string\"}],\"inLanguage\":\"fi\"},{\"@type\":\"Person\",\"@id\":\"https:\/\/www.kieliluotsi.fi\/lokikirja\/#\/schema\/person\/be983f8146cb3edad975db1e1f487dc3\",\"name\":\"Jutta Posti\",\"image\":{\"@type\":\"ImageObject\",\"inLanguage\":\"fi\",\"@id\":\"https:\/\/www.kieliluotsi.fi\/lokikirja\/#\/schema\/person\/image\/\",\"url\":\"https:\/\/www.kieliluotsi.fi\/lokikirja\/media\/2017\/11\/Jutta-Posti_avatar_1511473595-96x96.jpg\",\"contentUrl\":\"https:\/\/www.kieliluotsi.fi\/lokikirja\/media\/2017\/11\/Jutta-Posti_avatar_1511473595-96x96.jpg\",\"caption\":\"Jutta Posti\"},\"description\":\"Jutta Posti (FM) on haminalainen humanisti ja kielifriikki. H\u00e4n on kielipalveluja tarjoavan Kieliluotsin perustaja ja kieliasiantuntija.\",\"sameAs\":[\"https:\/\/www.kieliluotsi.fi\"],\"url\":\"https:\/\/www.kieliluotsi.fi\/lokikirja\/author\/jutta_jarvansalo\/\"}]}<\/script>\n<!-- \/ Yoast SEO plugin. -->","yoast_head_json":{"title":"Kes\u00e4kuun 2022 kielivinkki \u2013 Kieliluotsin lokikirja","description":"Onko ilmauksien \u201dyh\u00e4 ilmeisemmin\u201d ja \u201dmit\u00e4 ilmeisimmin\u201d muodostaminen sinulla hallussa? Tied\u00e4tk\u00f6, mit\u00e4 muotoa k\u00e4ytet\u00e4\u00e4n milloinkin?","robots":{"index":"index","follow":"follow","max-snippet":"max-snippet:-1","max-image-preview":"max-image-preview:large","max-video-preview":"max-video-preview:-1"},"canonical":"https:\/\/www.kieliluotsi.fi\/lokikirja\/kesakuun-2022-kielivinkki\/","og_locale":"fi_FI","og_type":"article","og_title":"Kes\u00e4kuun 2022 kielivinkki \u2013 Kieliluotsin lokikirja","og_description":"Onko ilmauksien \u201dyh\u00e4 ilmeisemmin\u201d ja \u201dmit\u00e4 ilmeisimmin\u201d muodostaminen sinulla hallussa? Tied\u00e4tk\u00f6, mit\u00e4 muotoa k\u00e4ytet\u00e4\u00e4n milloinkin?","og_url":"https:\/\/www.kieliluotsi.fi\/lokikirja\/kesakuun-2022-kielivinkki\/","og_site_name":"Kieliluotsin lokikirja","article_published_time":"2022-06-20T08:50:26+00:00","article_modified_time":"2022-06-20T08:50:36+00:00","og_image":[{"width":1001,"height":1000,"url":"https:\/\/www.kieliluotsi.fi\/lokikirja\/media\/2020\/04\/kuukauden-kielivinkki-artikkelikuva.jpg","type":"image\/jpeg"}],"author":"Jutta Posti","twitter_misc":{"Kirjoittanut":"Jutta Posti","Arvioitu lukuaika":"1 minuutti"},"schema":{"@context":"https:\/\/schema.org","@graph":[{"@type":"WebPage","@id":"https:\/\/www.kieliluotsi.fi\/lokikirja\/kesakuun-2022-kielivinkki\/","url":"https:\/\/www.kieliluotsi.fi\/lokikirja\/kesakuun-2022-kielivinkki\/","name":"Kes\u00e4kuun 2022 kielivinkki \u2013 Kieliluotsin lokikirja","isPartOf":{"@id":"https:\/\/www.kieliluotsi.fi\/lokikirja\/#website"},"datePublished":"2022-06-20T08:50:26+00:00","dateModified":"2022-06-20T08:50:36+00:00","author":{"@id":"https:\/\/www.kieliluotsi.fi\/lokikirja\/#\/schema\/person\/be983f8146cb3edad975db1e1f487dc3"},"description":"Onko ilmauksien \u201dyh\u00e4 ilmeisemmin\u201d ja \u201dmit\u00e4 ilmeisimmin\u201d muodostaminen sinulla hallussa? Tied\u00e4tk\u00f6, mit\u00e4 muotoa k\u00e4ytet\u00e4\u00e4n milloinkin?","breadcrumb":{"@id":"https:\/\/www.kieliluotsi.fi\/lokikirja\/kesakuun-2022-kielivinkki\/#breadcrumb"},"inLanguage":"fi","potentialAction":[{"@type":"ReadAction","target":["https:\/\/www.kieliluotsi.fi\/lokikirja\/kesakuun-2022-kielivinkki\/"]}]},{"@type":"BreadcrumbList","@id":"https:\/\/www.kieliluotsi.fi\/lokikirja\/kesakuun-2022-kielivinkki\/#breadcrumb","itemListElement":[{"@type":"ListItem","position":1,"name":"Etusivu","item":"https:\/\/www.kieliluotsi.fi\/lokikirja\/"},{"@type":"ListItem","position":2,"name":"Kes\u00e4kuun 2022 kielivinkki"}]},{"@type":"WebSite","@id":"https:\/\/www.kieliluotsi.fi\/lokikirja\/#website","url":"https:\/\/www.kieliluotsi.fi\/lokikirja\/","name":"Kieliluotsin lokikirja","description":"havaintoja kielest\u00e4 ja sen ilmi\u00f6ist\u00e4","potentialAction":[{"@type":"SearchAction","target":{"@type":"EntryPoint","urlTemplate":"https:\/\/www.kieliluotsi.fi\/lokikirja\/?s={search_term_string}"},"query-input":"required name=search_term_string"}],"inLanguage":"fi"},{"@type":"Person","@id":"https:\/\/www.kieliluotsi.fi\/lokikirja\/#\/schema\/person\/be983f8146cb3edad975db1e1f487dc3","name":"Jutta Posti","image":{"@type":"ImageObject","inLanguage":"fi","@id":"https:\/\/www.kieliluotsi.fi\/lokikirja\/#\/schema\/person\/image\/","url":"https:\/\/www.kieliluotsi.fi\/lokikirja\/media\/2017\/11\/Jutta-Posti_avatar_1511473595-96x96.jpg","contentUrl":"https:\/\/www.kieliluotsi.fi\/lokikirja\/media\/2017\/11\/Jutta-Posti_avatar_1511473595-96x96.jpg","caption":"Jutta Posti"},"description":"Jutta Posti (FM) on haminalainen humanisti ja kielifriikki. H\u00e4n on kielipalveluja tarjoavan Kieliluotsin perustaja ja kieliasiantuntija.","sameAs":["https:\/\/www.kieliluotsi.fi"],"url":"https:\/\/www.kieliluotsi.fi\/lokikirja\/author\/jutta_jarvansalo\/"}]}},"_links":{"self":[{"href":"https:\/\/www.kieliluotsi.fi\/lokikirja\/wp-json\/wp\/v2\/posts\/1495"}],"collection":[{"href":"https:\/\/www.kieliluotsi.fi\/lokikirja\/wp-json\/wp\/v2\/posts"}],"about":[{"href":"https:\/\/www.kieliluotsi.fi\/lokikirja\/wp-json\/wp\/v2\/types\/post"}],"author":[{"embeddable":true,"href":"https:\/\/www.kieliluotsi.fi\/lokikirja\/wp-json\/wp\/v2\/users\/3"}],"replies":[{"embeddable":true,"href":"https:\/\/www.kieliluotsi.fi\/lokikirja\/wp-json\/wp\/v2\/comments?post=1495"}],"version-history":[{"count":2,"href":"https:\/\/www.kieliluotsi.fi\/lokikirja\/wp-json\/wp\/v2\/posts\/1495\/revisions"}],"predecessor-version":[{"id":1497,"href":"https:\/\/www.kieliluotsi.fi\/lokikirja\/wp-json\/wp\/v2\/posts\/1495\/revisions\/1497"}],"wp:featuredmedia":[{"embeddable":true,"href":"https:\/\/www.kieliluotsi.fi\/lokikirja\/wp-json\/wp\/v2\/media\/1297"}],"wp:attachment":[{"href":"https:\/\/www.kieliluotsi.fi\/lokikirja\/wp-json\/wp\/v2\/media?parent=1495"}],"wp:term":[{"taxonomy":"category","embeddable":true,"href":"https:\/\/www.kieliluotsi.fi\/lokikirja\/wp-json\/wp\/v2\/categories?post=1495"},{"taxonomy":"post_tag","embeddable":true,"href":"https:\/\/www.kieliluotsi.fi\/lokikirja\/wp-json\/wp\/v2\/tags?post=1495"}],"curies":[{"name":"wp","href":"https:\/\/api.w.org\/{rel}","templated":true}]}}