{"id":1521,"date":"2022-11-21T19:33:15","date_gmt":"2022-11-21T17:33:15","guid":{"rendered":"https:\/\/www.kieliluotsi.fi\/lokikirja\/?p=1521"},"modified":"2022-11-21T19:33:29","modified_gmt":"2022-11-21T17:33:29","slug":"marraskuun-2022-kielivinkki","status":"publish","type":"post","link":"https:\/\/www.kieliluotsi.fi\/lokikirja\/marraskuun-2022-kielivinkki\/","title":{"rendered":"Marraskuun 2022 kielivinkki"},"content":{"rendered":"\n<p>\u201dHuom!\u201d, \u201dHuom.\u201d ja \u201dHuom.!\u201d \u2013 kaikkia kolmea n\u00e4kee kirjoitetuissa teksteiss\u00e4 korostamassa t\u00e4rkeit\u00e4 asioita. Mutta ovatko ne kaikki kieliopillisesti oikein?<\/p>\n\n\n\n<!--more-->\n\n\n\n<p>Eiv\u00e4t ole. Oikein ovat vain \u201dHuom.\u201d ja \u201dHuom.!\u201d. Toisin sanoen \u201dHuom!\u201d, joka kuitenkin lienee noista yleisimmin k\u00e4ytetty, on v\u00e4\u00e4rin.<\/p>\n\n\n\n<p>\u201dHuom.\u201d on lyhenne huomaa- tai huomautus-sanasta. Niinp\u00e4 se k\u00e4ytt\u00e4ytyy samoin kuin muutkin lyhenteet: lyhenteen piste s\u00e4ilyy v\u00e4limerkin edell\u00e4. Esimerkkein\u00e4 toimivat vaikkapa \u201dHuom.! Muista tulla ajoissa.\u201d ja \u201dTuo kyni\u00e4, paperia jne.!\u201d. Molemmissa siis lyhenteen piste s\u00e4ilyy, vaikka per\u00e4\u00e4n tuleekin huutomerkki.<\/p>\n\n\n\n<p>Poikkeuksena on tilanne, jossa tuo toinenkin v\u00e4limerkki on piste. Kahta pistett\u00e4 kun ei koskaan kirjoiteta per\u00e4kk\u00e4in. Esimerkiksi tapauksissa \u201dHuom. Muista tulla ajoissa.\u201d ja \u201dTuon kyni\u00e4, paperia jne.\u201d lyhenteen per\u00e4\u00e4n ei koskaan tule toista pistett\u00e4.<\/p>\n\n\n\n<p>Ero noiden kahden oikean version v\u00e4lill\u00e4 on vain siin\u00e4, ett\u00e4 \u201dHuom.!\u201d on painokkaampi kuin \u201dHuom.\u201d. Ja painokkuus ilmaistaan siis huutomerkill\u00e4.<\/p>\n\n\n\n<p>Huom.! T\u00e4m\u00e4 kielivinkki kannattaa painaa mieleen. <\/p>\n","protected":false},"excerpt":{"rendered":"<p>\u201dHuom!\u201d, \u201dHuom.\u201d ja \u201dHuom.!\u201d \u2013 kaikkia kolmea n\u00e4kee kirjoitetuissa teksteiss\u00e4 korostamassa t\u00e4rkeit\u00e4 asioita. Mutta ovatko ne kaikki kieliopillisesti oikein?<\/p>\n","protected":false},"author":3,"featured_media":1297,"comment_status":"open","ping_status":"open","sticky":false,"template":"","format":"standard","meta":[],"categories":[255],"tags":[256,249,118],"yoast_head":"<!-- This site is optimized with the Yoast SEO plugin v20.13 - https:\/\/yoast.com\/wordpress\/plugins\/seo\/ -->\n<title>Marraskuun 2022 kielivinkki \u2013 Kieliluotsin lokikirja<\/title>\n<meta name=\"description\" content=\"Huom!\u201d, \u201dHuom.\u201d ja \u201dHuom.!\u201d \u2013 kaikkia kolmea n\u00e4kee kirjoitetuissa teksteiss\u00e4 korostamassa t\u00e4rkeit\u00e4 asioita. Mutta ovatko ne kaikki oikein?\" \/>\n<meta name=\"robots\" content=\"index, follow, max-snippet:-1, max-image-preview:large, max-video-preview:-1\" \/>\n<link rel=\"canonical\" href=\"https:\/\/www.kieliluotsi.fi\/lokikirja\/marraskuun-2022-kielivinkki\/\" \/>\n<meta property=\"og:locale\" content=\"fi_FI\" \/>\n<meta property=\"og:type\" content=\"article\" \/>\n<meta property=\"og:title\" content=\"Marraskuun 2022 kielivinkki \u2013 Kieliluotsin lokikirja\" \/>\n<meta property=\"og:description\" content=\"Huom!\u201d, \u201dHuom.\u201d ja \u201dHuom.!\u201d \u2013 kaikkia kolmea n\u00e4kee kirjoitetuissa teksteiss\u00e4 korostamassa t\u00e4rkeit\u00e4 asioita. Mutta ovatko ne kaikki oikein?\" \/>\n<meta property=\"og:url\" content=\"https:\/\/www.kieliluotsi.fi\/lokikirja\/marraskuun-2022-kielivinkki\/\" \/>\n<meta property=\"og:site_name\" content=\"Kieliluotsin lokikirja\" \/>\n<meta property=\"article:published_time\" content=\"2022-11-21T17:33:15+00:00\" \/>\n<meta property=\"article:modified_time\" content=\"2022-11-21T17:33:29+00:00\" \/>\n<meta property=\"og:image\" content=\"https:\/\/www.kieliluotsi.fi\/lokikirja\/media\/2020\/04\/kuukauden-kielivinkki-artikkelikuva.jpg\" \/>\n\t<meta property=\"og:image:width\" content=\"1001\" \/>\n\t<meta property=\"og:image:height\" content=\"1000\" \/>\n\t<meta property=\"og:image:type\" content=\"image\/jpeg\" \/>\n<meta name=\"author\" content=\"Jutta Posti\" \/>\n<meta name=\"twitter:label1\" content=\"Kirjoittanut\" \/>\n\t<meta name=\"twitter:data1\" content=\"Jutta Posti\" \/>\n\t<meta name=\"twitter:label2\" content=\"Arvioitu lukuaika\" \/>\n\t<meta name=\"twitter:data2\" content=\"1 minuutti\" \/>\n<script type=\"application\/ld+json\" class=\"yoast-schema-graph\">{\"@context\":\"https:\/\/schema.org\",\"@graph\":[{\"@type\":\"WebPage\",\"@id\":\"https:\/\/www.kieliluotsi.fi\/lokikirja\/marraskuun-2022-kielivinkki\/\",\"url\":\"https:\/\/www.kieliluotsi.fi\/lokikirja\/marraskuun-2022-kielivinkki\/\",\"name\":\"Marraskuun 2022 kielivinkki \u2013 Kieliluotsin lokikirja\",\"isPartOf\":{\"@id\":\"https:\/\/www.kieliluotsi.fi\/lokikirja\/#website\"},\"datePublished\":\"2022-11-21T17:33:15+00:00\",\"dateModified\":\"2022-11-21T17:33:29+00:00\",\"author\":{\"@id\":\"https:\/\/www.kieliluotsi.fi\/lokikirja\/#\/schema\/person\/be983f8146cb3edad975db1e1f487dc3\"},\"description\":\"Huom!\u201d, \u201dHuom.\u201d ja \u201dHuom.!\u201d \u2013 kaikkia kolmea n\u00e4kee kirjoitetuissa teksteiss\u00e4 korostamassa t\u00e4rkeit\u00e4 asioita. Mutta ovatko ne kaikki oikein?\",\"breadcrumb\":{\"@id\":\"https:\/\/www.kieliluotsi.fi\/lokikirja\/marraskuun-2022-kielivinkki\/#breadcrumb\"},\"inLanguage\":\"fi\",\"potentialAction\":[{\"@type\":\"ReadAction\",\"target\":[\"https:\/\/www.kieliluotsi.fi\/lokikirja\/marraskuun-2022-kielivinkki\/\"]}]},{\"@type\":\"BreadcrumbList\",\"@id\":\"https:\/\/www.kieliluotsi.fi\/lokikirja\/marraskuun-2022-kielivinkki\/#breadcrumb\",\"itemListElement\":[{\"@type\":\"ListItem\",\"position\":1,\"name\":\"Etusivu\",\"item\":\"https:\/\/www.kieliluotsi.fi\/lokikirja\/\"},{\"@type\":\"ListItem\",\"position\":2,\"name\":\"Marraskuun 2022 kielivinkki\"}]},{\"@type\":\"WebSite\",\"@id\":\"https:\/\/www.kieliluotsi.fi\/lokikirja\/#website\",\"url\":\"https:\/\/www.kieliluotsi.fi\/lokikirja\/\",\"name\":\"Kieliluotsin lokikirja\",\"description\":\"havaintoja kielest\u00e4 ja sen ilmi\u00f6ist\u00e4\",\"potentialAction\":[{\"@type\":\"SearchAction\",\"target\":{\"@type\":\"EntryPoint\",\"urlTemplate\":\"https:\/\/www.kieliluotsi.fi\/lokikirja\/?s={search_term_string}\"},\"query-input\":\"required name=search_term_string\"}],\"inLanguage\":\"fi\"},{\"@type\":\"Person\",\"@id\":\"https:\/\/www.kieliluotsi.fi\/lokikirja\/#\/schema\/person\/be983f8146cb3edad975db1e1f487dc3\",\"name\":\"Jutta Posti\",\"image\":{\"@type\":\"ImageObject\",\"inLanguage\":\"fi\",\"@id\":\"https:\/\/www.kieliluotsi.fi\/lokikirja\/#\/schema\/person\/image\/\",\"url\":\"https:\/\/www.kieliluotsi.fi\/lokikirja\/media\/2017\/11\/Jutta-Posti_avatar_1511473595-96x96.jpg\",\"contentUrl\":\"https:\/\/www.kieliluotsi.fi\/lokikirja\/media\/2017\/11\/Jutta-Posti_avatar_1511473595-96x96.jpg\",\"caption\":\"Jutta Posti\"},\"description\":\"Jutta Posti (FM) on haminalainen humanisti ja kielifriikki. H\u00e4n on kielipalveluja tarjoavan Kieliluotsin perustaja ja kieliasiantuntija.\",\"sameAs\":[\"https:\/\/www.kieliluotsi.fi\"],\"url\":\"https:\/\/www.kieliluotsi.fi\/lokikirja\/author\/jutta_jarvansalo\/\"}]}<\/script>\n<!-- \/ Yoast SEO plugin. -->","yoast_head_json":{"title":"Marraskuun 2022 kielivinkki \u2013 Kieliluotsin lokikirja","description":"Huom!\u201d, \u201dHuom.\u201d ja \u201dHuom.!\u201d \u2013 kaikkia kolmea n\u00e4kee kirjoitetuissa teksteiss\u00e4 korostamassa t\u00e4rkeit\u00e4 asioita. Mutta ovatko ne kaikki oikein?","robots":{"index":"index","follow":"follow","max-snippet":"max-snippet:-1","max-image-preview":"max-image-preview:large","max-video-preview":"max-video-preview:-1"},"canonical":"https:\/\/www.kieliluotsi.fi\/lokikirja\/marraskuun-2022-kielivinkki\/","og_locale":"fi_FI","og_type":"article","og_title":"Marraskuun 2022 kielivinkki \u2013 Kieliluotsin lokikirja","og_description":"Huom!\u201d, \u201dHuom.\u201d ja \u201dHuom.!\u201d \u2013 kaikkia kolmea n\u00e4kee kirjoitetuissa teksteiss\u00e4 korostamassa t\u00e4rkeit\u00e4 asioita. Mutta ovatko ne kaikki oikein?","og_url":"https:\/\/www.kieliluotsi.fi\/lokikirja\/marraskuun-2022-kielivinkki\/","og_site_name":"Kieliluotsin lokikirja","article_published_time":"2022-11-21T17:33:15+00:00","article_modified_time":"2022-11-21T17:33:29+00:00","og_image":[{"width":1001,"height":1000,"url":"https:\/\/www.kieliluotsi.fi\/lokikirja\/media\/2020\/04\/kuukauden-kielivinkki-artikkelikuva.jpg","type":"image\/jpeg"}],"author":"Jutta Posti","twitter_misc":{"Kirjoittanut":"Jutta Posti","Arvioitu lukuaika":"1 minuutti"},"schema":{"@context":"https:\/\/schema.org","@graph":[{"@type":"WebPage","@id":"https:\/\/www.kieliluotsi.fi\/lokikirja\/marraskuun-2022-kielivinkki\/","url":"https:\/\/www.kieliluotsi.fi\/lokikirja\/marraskuun-2022-kielivinkki\/","name":"Marraskuun 2022 kielivinkki \u2013 Kieliluotsin lokikirja","isPartOf":{"@id":"https:\/\/www.kieliluotsi.fi\/lokikirja\/#website"},"datePublished":"2022-11-21T17:33:15+00:00","dateModified":"2022-11-21T17:33:29+00:00","author":{"@id":"https:\/\/www.kieliluotsi.fi\/lokikirja\/#\/schema\/person\/be983f8146cb3edad975db1e1f487dc3"},"description":"Huom!\u201d, \u201dHuom.\u201d ja \u201dHuom.!\u201d \u2013 kaikkia kolmea n\u00e4kee kirjoitetuissa teksteiss\u00e4 korostamassa t\u00e4rkeit\u00e4 asioita. Mutta ovatko ne kaikki oikein?","breadcrumb":{"@id":"https:\/\/www.kieliluotsi.fi\/lokikirja\/marraskuun-2022-kielivinkki\/#breadcrumb"},"inLanguage":"fi","potentialAction":[{"@type":"ReadAction","target":["https:\/\/www.kieliluotsi.fi\/lokikirja\/marraskuun-2022-kielivinkki\/"]}]},{"@type":"BreadcrumbList","@id":"https:\/\/www.kieliluotsi.fi\/lokikirja\/marraskuun-2022-kielivinkki\/#breadcrumb","itemListElement":[{"@type":"ListItem","position":1,"name":"Etusivu","item":"https:\/\/www.kieliluotsi.fi\/lokikirja\/"},{"@type":"ListItem","position":2,"name":"Marraskuun 2022 kielivinkki"}]},{"@type":"WebSite","@id":"https:\/\/www.kieliluotsi.fi\/lokikirja\/#website","url":"https:\/\/www.kieliluotsi.fi\/lokikirja\/","name":"Kieliluotsin lokikirja","description":"havaintoja kielest\u00e4 ja sen ilmi\u00f6ist\u00e4","potentialAction":[{"@type":"SearchAction","target":{"@type":"EntryPoint","urlTemplate":"https:\/\/www.kieliluotsi.fi\/lokikirja\/?s={search_term_string}"},"query-input":"required name=search_term_string"}],"inLanguage":"fi"},{"@type":"Person","@id":"https:\/\/www.kieliluotsi.fi\/lokikirja\/#\/schema\/person\/be983f8146cb3edad975db1e1f487dc3","name":"Jutta Posti","image":{"@type":"ImageObject","inLanguage":"fi","@id":"https:\/\/www.kieliluotsi.fi\/lokikirja\/#\/schema\/person\/image\/","url":"https:\/\/www.kieliluotsi.fi\/lokikirja\/media\/2017\/11\/Jutta-Posti_avatar_1511473595-96x96.jpg","contentUrl":"https:\/\/www.kieliluotsi.fi\/lokikirja\/media\/2017\/11\/Jutta-Posti_avatar_1511473595-96x96.jpg","caption":"Jutta Posti"},"description":"Jutta Posti (FM) on haminalainen humanisti ja kielifriikki. H\u00e4n on kielipalveluja tarjoavan Kieliluotsin perustaja ja kieliasiantuntija.","sameAs":["https:\/\/www.kieliluotsi.fi"],"url":"https:\/\/www.kieliluotsi.fi\/lokikirja\/author\/jutta_jarvansalo\/"}]}},"_links":{"self":[{"href":"https:\/\/www.kieliluotsi.fi\/lokikirja\/wp-json\/wp\/v2\/posts\/1521"}],"collection":[{"href":"https:\/\/www.kieliluotsi.fi\/lokikirja\/wp-json\/wp\/v2\/posts"}],"about":[{"href":"https:\/\/www.kieliluotsi.fi\/lokikirja\/wp-json\/wp\/v2\/types\/post"}],"author":[{"embeddable":true,"href":"https:\/\/www.kieliluotsi.fi\/lokikirja\/wp-json\/wp\/v2\/users\/3"}],"replies":[{"embeddable":true,"href":"https:\/\/www.kieliluotsi.fi\/lokikirja\/wp-json\/wp\/v2\/comments?post=1521"}],"version-history":[{"count":1,"href":"https:\/\/www.kieliluotsi.fi\/lokikirja\/wp-json\/wp\/v2\/posts\/1521\/revisions"}],"predecessor-version":[{"id":1522,"href":"https:\/\/www.kieliluotsi.fi\/lokikirja\/wp-json\/wp\/v2\/posts\/1521\/revisions\/1522"}],"wp:featuredmedia":[{"embeddable":true,"href":"https:\/\/www.kieliluotsi.fi\/lokikirja\/wp-json\/wp\/v2\/media\/1297"}],"wp:attachment":[{"href":"https:\/\/www.kieliluotsi.fi\/lokikirja\/wp-json\/wp\/v2\/media?parent=1521"}],"wp:term":[{"taxonomy":"category","embeddable":true,"href":"https:\/\/www.kieliluotsi.fi\/lokikirja\/wp-json\/wp\/v2\/categories?post=1521"},{"taxonomy":"post_tag","embeddable":true,"href":"https:\/\/www.kieliluotsi.fi\/lokikirja\/wp-json\/wp\/v2\/tags?post=1521"}],"curies":[{"name":"wp","href":"https:\/\/api.w.org\/{rel}","templated":true}]}}