{"id":1540,"date":"2023-04-20T10:18:20","date_gmt":"2023-04-20T07:18:20","guid":{"rendered":"https:\/\/www.kieliluotsi.fi\/lokikirja\/?p=1540"},"modified":"2023-04-20T10:19:17","modified_gmt":"2023-04-20T07:19:17","slug":"huhtikuun-2023-kielivinkki","status":"publish","type":"post","link":"https:\/\/www.kieliluotsi.fi\/lokikirja\/huhtikuun-2023-kielivinkki\/","title":{"rendered":"Huhtikuun 2023 kielivinkki"},"content":{"rendered":"\n<p>Arvonlis\u00e4vero \u2013 kaikille tuttu mutta sanana aika pitk\u00e4. Miten se oikein lyhennet\u00e4\u00e4n? ALV, alv, Alv, ALV., alv. vai Alv.?<\/p>\n\n\n\n<!--more-->\n\n\n\n<p>Oikeita vastauksia on kolme: alv., ALV ja alv (ilman pistett\u00e4).<\/p>\n\n\n\n<p>Alun perin suositeltavimmat vaihtoehdot olivat alv. ja ALV (ilman pistett\u00e4). My\u00f6hemmin my\u00f6s alv on saanut kieli-ihmisten hyv\u00e4ksynn\u00e4n. Sen sijaan ALV., Alv. ja Alv ovat v\u00e4\u00e4rin, vaikka niit\u00e4kin joskus n\u00e4kee.<\/p>\n\n\n\n<p>Miten noita sitten taivutetaan?<\/p>\n\n\n\n<p>Riippuu siit\u00e4, halutaanko lukijan puhuvan \u201daa \u00e4l veest\u00e4\u201d kirjaimittain vai \u201darvonlis\u00e4verosta\u201d kokonaisena sanana.<\/p>\n\n\n\n<p>Jos halutaan lukijan puhuvan \u201daa \u00e4l veest\u00e4\u201d, taivutusp\u00e4\u00e4te menee \u201dveen\u201d mukaan: alv:t\u00e4 tai ALV:t\u00e4, alv:ss\u00e4 tai ALV:ss\u00e4, alv:hen tai ALV:hen.<\/p>\n\n\n\n<p>Jos taas halutaan lukijan puhuvan \u201darvonlis\u00e4verosta\u201d, taivutusp\u00e4\u00e4te menee \u201dveron\u201d mukaan: alv:a tai ALV:a, alv:ssa tai ALV:ssa, alv:oon tai ALV:oon.<\/p>\n\n\n\n<p>Tietyiss\u00e4 konteksteissa voi tosin oikoa ja puhua vain arkisesti alvista. Virallisissa yhteyksiss\u00e4 sit\u00e4 ei kuitenkaan suositella.<\/p>\n\n\n\n<p>Ei muuta kuin alv:t\u00e4, alv:a, ALV:t\u00e4 tai ALV:a makselemaan! <\/p>\n","protected":false},"excerpt":{"rendered":"<p>Arvonlis\u00e4vero \u2013 kaikille tuttu mutta sanana aika pitk\u00e4. Miten se oikein lyhennet\u00e4\u00e4n? ALV, alv, Alv, ALV., alv. vai Alv.?<\/p>\n","protected":false},"author":3,"featured_media":1297,"comment_status":"open","ping_status":"open","sticky":false,"template":"","format":"standard","meta":[],"categories":[255],"tags":[256,249,142],"yoast_head":"<!-- This site is optimized with the Yoast SEO plugin v20.13 - https:\/\/yoast.com\/wordpress\/plugins\/seo\/ -->\n<title>Huhtikuun 2023 kielivinkki \u2013 Kieliluotsin lokikirja<\/title>\n<meta name=\"description\" content=\"Arvonlis\u00e4vero \u2013 kaikille tuttu mutta sanana aika pitk\u00e4. Miten se oikein lyhennet\u00e4\u00e4n? ALV, alv, Alv, ALV., alv. vai Alv.?\" \/>\n<meta name=\"robots\" content=\"index, follow, max-snippet:-1, max-image-preview:large, max-video-preview:-1\" \/>\n<link rel=\"canonical\" href=\"https:\/\/www.kieliluotsi.fi\/lokikirja\/huhtikuun-2023-kielivinkki\/\" \/>\n<meta property=\"og:locale\" content=\"fi_FI\" \/>\n<meta property=\"og:type\" content=\"article\" \/>\n<meta property=\"og:title\" content=\"Huhtikuun 2023 kielivinkki \u2013 Kieliluotsin lokikirja\" \/>\n<meta property=\"og:description\" content=\"Arvonlis\u00e4vero \u2013 kaikille tuttu mutta sanana aika pitk\u00e4. Miten se oikein lyhennet\u00e4\u00e4n? ALV, alv, Alv, ALV., alv. vai Alv.?\" \/>\n<meta property=\"og:url\" content=\"https:\/\/www.kieliluotsi.fi\/lokikirja\/huhtikuun-2023-kielivinkki\/\" \/>\n<meta property=\"og:site_name\" content=\"Kieliluotsin lokikirja\" \/>\n<meta property=\"article:published_time\" content=\"2023-04-20T07:18:20+00:00\" \/>\n<meta property=\"article:modified_time\" content=\"2023-04-20T07:19:17+00:00\" \/>\n<meta property=\"og:image\" content=\"https:\/\/www.kieliluotsi.fi\/lokikirja\/media\/2020\/04\/kuukauden-kielivinkki-artikkelikuva.jpg\" \/>\n\t<meta property=\"og:image:width\" content=\"1001\" \/>\n\t<meta property=\"og:image:height\" content=\"1000\" \/>\n\t<meta property=\"og:image:type\" content=\"image\/jpeg\" \/>\n<meta name=\"author\" content=\"Jutta Posti\" \/>\n<meta name=\"twitter:label1\" content=\"Kirjoittanut\" \/>\n\t<meta name=\"twitter:data1\" content=\"Jutta Posti\" \/>\n\t<meta name=\"twitter:label2\" content=\"Arvioitu lukuaika\" \/>\n\t<meta name=\"twitter:data2\" content=\"1 minuutti\" \/>\n<script type=\"application\/ld+json\" class=\"yoast-schema-graph\">{\"@context\":\"https:\/\/schema.org\",\"@graph\":[{\"@type\":\"WebPage\",\"@id\":\"https:\/\/www.kieliluotsi.fi\/lokikirja\/huhtikuun-2023-kielivinkki\/\",\"url\":\"https:\/\/www.kieliluotsi.fi\/lokikirja\/huhtikuun-2023-kielivinkki\/\",\"name\":\"Huhtikuun 2023 kielivinkki \u2013 Kieliluotsin lokikirja\",\"isPartOf\":{\"@id\":\"https:\/\/www.kieliluotsi.fi\/lokikirja\/#website\"},\"datePublished\":\"2023-04-20T07:18:20+00:00\",\"dateModified\":\"2023-04-20T07:19:17+00:00\",\"author\":{\"@id\":\"https:\/\/www.kieliluotsi.fi\/lokikirja\/#\/schema\/person\/be983f8146cb3edad975db1e1f487dc3\"},\"description\":\"Arvonlis\u00e4vero \u2013 kaikille tuttu mutta sanana aika pitk\u00e4. Miten se oikein lyhennet\u00e4\u00e4n? ALV, alv, Alv, ALV., alv. vai Alv.?\",\"breadcrumb\":{\"@id\":\"https:\/\/www.kieliluotsi.fi\/lokikirja\/huhtikuun-2023-kielivinkki\/#breadcrumb\"},\"inLanguage\":\"fi\",\"potentialAction\":[{\"@type\":\"ReadAction\",\"target\":[\"https:\/\/www.kieliluotsi.fi\/lokikirja\/huhtikuun-2023-kielivinkki\/\"]}]},{\"@type\":\"BreadcrumbList\",\"@id\":\"https:\/\/www.kieliluotsi.fi\/lokikirja\/huhtikuun-2023-kielivinkki\/#breadcrumb\",\"itemListElement\":[{\"@type\":\"ListItem\",\"position\":1,\"name\":\"Etusivu\",\"item\":\"https:\/\/www.kieliluotsi.fi\/lokikirja\/\"},{\"@type\":\"ListItem\",\"position\":2,\"name\":\"Huhtikuun 2023 kielivinkki\"}]},{\"@type\":\"WebSite\",\"@id\":\"https:\/\/www.kieliluotsi.fi\/lokikirja\/#website\",\"url\":\"https:\/\/www.kieliluotsi.fi\/lokikirja\/\",\"name\":\"Kieliluotsin lokikirja\",\"description\":\"havaintoja kielest\u00e4 ja sen ilmi\u00f6ist\u00e4\",\"potentialAction\":[{\"@type\":\"SearchAction\",\"target\":{\"@type\":\"EntryPoint\",\"urlTemplate\":\"https:\/\/www.kieliluotsi.fi\/lokikirja\/?s={search_term_string}\"},\"query-input\":\"required name=search_term_string\"}],\"inLanguage\":\"fi\"},{\"@type\":\"Person\",\"@id\":\"https:\/\/www.kieliluotsi.fi\/lokikirja\/#\/schema\/person\/be983f8146cb3edad975db1e1f487dc3\",\"name\":\"Jutta Posti\",\"image\":{\"@type\":\"ImageObject\",\"inLanguage\":\"fi\",\"@id\":\"https:\/\/www.kieliluotsi.fi\/lokikirja\/#\/schema\/person\/image\/\",\"url\":\"https:\/\/www.kieliluotsi.fi\/lokikirja\/media\/2017\/11\/Jutta-Posti_avatar_1511473595-96x96.jpg\",\"contentUrl\":\"https:\/\/www.kieliluotsi.fi\/lokikirja\/media\/2017\/11\/Jutta-Posti_avatar_1511473595-96x96.jpg\",\"caption\":\"Jutta Posti\"},\"description\":\"Jutta Posti (FM) on haminalainen humanisti ja kielifriikki. H\u00e4n on kielipalveluja tarjoavan Kieliluotsin perustaja ja kieliasiantuntija.\",\"sameAs\":[\"https:\/\/www.kieliluotsi.fi\"],\"url\":\"https:\/\/www.kieliluotsi.fi\/lokikirja\/author\/jutta_jarvansalo\/\"}]}<\/script>\n<!-- \/ Yoast SEO plugin. -->","yoast_head_json":{"title":"Huhtikuun 2023 kielivinkki \u2013 Kieliluotsin lokikirja","description":"Arvonlis\u00e4vero \u2013 kaikille tuttu mutta sanana aika pitk\u00e4. Miten se oikein lyhennet\u00e4\u00e4n? ALV, alv, Alv, ALV., alv. vai Alv.?","robots":{"index":"index","follow":"follow","max-snippet":"max-snippet:-1","max-image-preview":"max-image-preview:large","max-video-preview":"max-video-preview:-1"},"canonical":"https:\/\/www.kieliluotsi.fi\/lokikirja\/huhtikuun-2023-kielivinkki\/","og_locale":"fi_FI","og_type":"article","og_title":"Huhtikuun 2023 kielivinkki \u2013 Kieliluotsin lokikirja","og_description":"Arvonlis\u00e4vero \u2013 kaikille tuttu mutta sanana aika pitk\u00e4. Miten se oikein lyhennet\u00e4\u00e4n? ALV, alv, Alv, ALV., alv. vai Alv.?","og_url":"https:\/\/www.kieliluotsi.fi\/lokikirja\/huhtikuun-2023-kielivinkki\/","og_site_name":"Kieliluotsin lokikirja","article_published_time":"2023-04-20T07:18:20+00:00","article_modified_time":"2023-04-20T07:19:17+00:00","og_image":[{"width":1001,"height":1000,"url":"https:\/\/www.kieliluotsi.fi\/lokikirja\/media\/2020\/04\/kuukauden-kielivinkki-artikkelikuva.jpg","type":"image\/jpeg"}],"author":"Jutta Posti","twitter_misc":{"Kirjoittanut":"Jutta Posti","Arvioitu lukuaika":"1 minuutti"},"schema":{"@context":"https:\/\/schema.org","@graph":[{"@type":"WebPage","@id":"https:\/\/www.kieliluotsi.fi\/lokikirja\/huhtikuun-2023-kielivinkki\/","url":"https:\/\/www.kieliluotsi.fi\/lokikirja\/huhtikuun-2023-kielivinkki\/","name":"Huhtikuun 2023 kielivinkki \u2013 Kieliluotsin lokikirja","isPartOf":{"@id":"https:\/\/www.kieliluotsi.fi\/lokikirja\/#website"},"datePublished":"2023-04-20T07:18:20+00:00","dateModified":"2023-04-20T07:19:17+00:00","author":{"@id":"https:\/\/www.kieliluotsi.fi\/lokikirja\/#\/schema\/person\/be983f8146cb3edad975db1e1f487dc3"},"description":"Arvonlis\u00e4vero \u2013 kaikille tuttu mutta sanana aika pitk\u00e4. Miten se oikein lyhennet\u00e4\u00e4n? ALV, alv, Alv, ALV., alv. vai Alv.?","breadcrumb":{"@id":"https:\/\/www.kieliluotsi.fi\/lokikirja\/huhtikuun-2023-kielivinkki\/#breadcrumb"},"inLanguage":"fi","potentialAction":[{"@type":"ReadAction","target":["https:\/\/www.kieliluotsi.fi\/lokikirja\/huhtikuun-2023-kielivinkki\/"]}]},{"@type":"BreadcrumbList","@id":"https:\/\/www.kieliluotsi.fi\/lokikirja\/huhtikuun-2023-kielivinkki\/#breadcrumb","itemListElement":[{"@type":"ListItem","position":1,"name":"Etusivu","item":"https:\/\/www.kieliluotsi.fi\/lokikirja\/"},{"@type":"ListItem","position":2,"name":"Huhtikuun 2023 kielivinkki"}]},{"@type":"WebSite","@id":"https:\/\/www.kieliluotsi.fi\/lokikirja\/#website","url":"https:\/\/www.kieliluotsi.fi\/lokikirja\/","name":"Kieliluotsin lokikirja","description":"havaintoja kielest\u00e4 ja sen ilmi\u00f6ist\u00e4","potentialAction":[{"@type":"SearchAction","target":{"@type":"EntryPoint","urlTemplate":"https:\/\/www.kieliluotsi.fi\/lokikirja\/?s={search_term_string}"},"query-input":"required name=search_term_string"}],"inLanguage":"fi"},{"@type":"Person","@id":"https:\/\/www.kieliluotsi.fi\/lokikirja\/#\/schema\/person\/be983f8146cb3edad975db1e1f487dc3","name":"Jutta Posti","image":{"@type":"ImageObject","inLanguage":"fi","@id":"https:\/\/www.kieliluotsi.fi\/lokikirja\/#\/schema\/person\/image\/","url":"https:\/\/www.kieliluotsi.fi\/lokikirja\/media\/2017\/11\/Jutta-Posti_avatar_1511473595-96x96.jpg","contentUrl":"https:\/\/www.kieliluotsi.fi\/lokikirja\/media\/2017\/11\/Jutta-Posti_avatar_1511473595-96x96.jpg","caption":"Jutta Posti"},"description":"Jutta Posti (FM) on haminalainen humanisti ja kielifriikki. H\u00e4n on kielipalveluja tarjoavan Kieliluotsin perustaja ja kieliasiantuntija.","sameAs":["https:\/\/www.kieliluotsi.fi"],"url":"https:\/\/www.kieliluotsi.fi\/lokikirja\/author\/jutta_jarvansalo\/"}]}},"_links":{"self":[{"href":"https:\/\/www.kieliluotsi.fi\/lokikirja\/wp-json\/wp\/v2\/posts\/1540"}],"collection":[{"href":"https:\/\/www.kieliluotsi.fi\/lokikirja\/wp-json\/wp\/v2\/posts"}],"about":[{"href":"https:\/\/www.kieliluotsi.fi\/lokikirja\/wp-json\/wp\/v2\/types\/post"}],"author":[{"embeddable":true,"href":"https:\/\/www.kieliluotsi.fi\/lokikirja\/wp-json\/wp\/v2\/users\/3"}],"replies":[{"embeddable":true,"href":"https:\/\/www.kieliluotsi.fi\/lokikirja\/wp-json\/wp\/v2\/comments?post=1540"}],"version-history":[{"count":1,"href":"https:\/\/www.kieliluotsi.fi\/lokikirja\/wp-json\/wp\/v2\/posts\/1540\/revisions"}],"predecessor-version":[{"id":1541,"href":"https:\/\/www.kieliluotsi.fi\/lokikirja\/wp-json\/wp\/v2\/posts\/1540\/revisions\/1541"}],"wp:featuredmedia":[{"embeddable":true,"href":"https:\/\/www.kieliluotsi.fi\/lokikirja\/wp-json\/wp\/v2\/media\/1297"}],"wp:attachment":[{"href":"https:\/\/www.kieliluotsi.fi\/lokikirja\/wp-json\/wp\/v2\/media?parent=1540"}],"wp:term":[{"taxonomy":"category","embeddable":true,"href":"https:\/\/www.kieliluotsi.fi\/lokikirja\/wp-json\/wp\/v2\/categories?post=1540"},{"taxonomy":"post_tag","embeddable":true,"href":"https:\/\/www.kieliluotsi.fi\/lokikirja\/wp-json\/wp\/v2\/tags?post=1540"}],"curies":[{"name":"wp","href":"https:\/\/api.w.org\/{rel}","templated":true}]}}