{"id":1547,"date":"2023-06-20T15:05:52","date_gmt":"2023-06-20T12:05:52","guid":{"rendered":"https:\/\/www.kieliluotsi.fi\/lokikirja\/?p=1547"},"modified":"2023-06-20T15:06:25","modified_gmt":"2023-06-20T12:06:25","slug":"kesakuun-2023-kielivinkki","status":"publish","type":"post","link":"https:\/\/www.kieliluotsi.fi\/lokikirja\/kesakuun-2023-kielivinkki\/","title":{"rendered":"Kes\u00e4kuun 2023 kielivinkki"},"content":{"rendered":"\n<p>Usein kuulee, ett\u00e4 \u201dpoliitikko on pakotettu vaikeisiin ratkaisuihin\u201d. Hyv\u00e4\u00e4 suomea tuo lause ei kuitenkaan (ainakaan yleens\u00e4) ole. Se, ett\u00e4 on pakko tehd\u00e4 jotakin, ei nimitt\u00e4in ole sama asia kuin ett\u00e4 on pakotettu tekem\u00e4\u00e4n jotakin.<\/p>\n\n\n\n<!--more-->\n\n\n\n<p>\u201dOn pakko\u201d on perinteinen suomalainen rakenne, joka tulee jokaisella natiivipuhujalla selk\u00e4ytimest\u00e4. Sen avulla siis kerrotaan, mit\u00e4 on aivan v\u00e4ltt\u00e4m\u00e4t\u00f6nt\u00e4 tehd\u00e4. Se, kenen on pakko tehd\u00e4, ilmaistaan genetiivill\u00e4: minun on pakko, meid\u00e4n on pakko, poliitikon on pakko jne.<\/p>\n\n\n\n<p>Merkille pantavaa on, ett\u00e4 vaikka on pakko, pakottamassa ei v\u00e4ltt\u00e4m\u00e4tt\u00e4 ole kukaan ihminen. V\u00e4ltt\u00e4m\u00e4tt\u00f6myys saattaa johtua pelk\u00e4st\u00e4\u00e4n tilanteesta tai olosuhteista.<\/p>\n\n\n\n<p>\u201dPakotettu\u201d taas tulee pakottaa-verbist\u00e4. Se, kenet on pakotettu tekem\u00e4\u00e4n, ilmaistaan akkusatiivilla (joka monissa sanoissa n\u00e4ytt\u00e4\u00e4 nominatiivilta): minut on pakotettu, meid\u00e4t on pakotettu, poliitikko on pakotettu jne. Persoonapronominien yhteydess\u00e4 n\u00e4kee ja kuulee usein my\u00f6s muotoja olen pakotettu, olemme pakotettuja jne.<\/p>\n\n\n\n<p>Pakottaa-verbiin liittyy periaatteessa kuitenkin aina joku, joka pakottaa tai muuten m\u00e4\u00e4r\u00e4\u00e4 niin, ettei valinnanvaraa ole. Esimerkiksi ry\u00f6st\u00e4j\u00e4 voi pakottaa uhrin antamaan rahat aseella uhaten, jolloin uhri on pakotettu tyhjent\u00e4m\u00e4\u00e4n taskunsa.<\/p>\n\n\n\n<p>Ja toki rikolliset tai muut kelmit voivat \u2013 ainakin yritt\u00e4\u00e4 \u2013 pakottaa my\u00f6s poliitikkoja vaikeisiin ratkaisuihin. Silloin tuo alussa mainittu esimerkki onkin aivan kelvollinen.<\/p>\n\n\n\n<p>Suomessa pakottamistapaukset ovat kuitenkin onneksi melko harvinaisia. Siksi emme my\u00f6sk\u00e4\u00e4n ole pakotettuja k\u00e4ytt\u00e4m\u00e4\u00e4n rakennetta kauniissa kieless\u00e4mme!<\/p>\n","protected":false},"excerpt":{"rendered":"<p>Usein kuulee, ett\u00e4 \u201dpoliitikko on pakotettu vaikeisiin ratkaisuihin\u201d. Hyv\u00e4\u00e4 suomea tuo lause ei kuitenkaan (ainakaan yleens\u00e4) ole. Se, ett\u00e4 on pakko tehd\u00e4 jotakin, ei nimitt\u00e4in ole sama asia kuin ett\u00e4 on pakotettu tekem\u00e4\u00e4n jotakin.<\/p>\n","protected":false},"author":3,"featured_media":1297,"comment_status":"open","ping_status":"open","sticky":false,"template":"","format":"standard","meta":[],"categories":[255],"tags":[256,278,166,214],"yoast_head":"<!-- This site is optimized with the Yoast SEO plugin v20.13 - https:\/\/yoast.com\/wordpress\/plugins\/seo\/ -->\n<title>Kes\u00e4kuun 2023 kielivinkki \u2013 Kieliluotsin lokikirja<\/title>\n<meta name=\"description\" content=\"Usein kuulee, ett\u00e4 \u201dpoliitikko on pakotettu vaikeisiin ratkaisuihin\u201d. Se, ett\u00e4 on pakko, ei kuitenkaan ole sama kuin ett\u00e4 on pakotettu.\" \/>\n<meta name=\"robots\" content=\"index, follow, max-snippet:-1, max-image-preview:large, max-video-preview:-1\" \/>\n<link rel=\"canonical\" href=\"https:\/\/www.kieliluotsi.fi\/lokikirja\/kesakuun-2023-kielivinkki\/\" \/>\n<meta property=\"og:locale\" content=\"fi_FI\" \/>\n<meta property=\"og:type\" content=\"article\" \/>\n<meta property=\"og:title\" content=\"Kes\u00e4kuun 2023 kielivinkki \u2013 Kieliluotsin lokikirja\" \/>\n<meta property=\"og:description\" content=\"Usein kuulee, ett\u00e4 \u201dpoliitikko on pakotettu vaikeisiin ratkaisuihin\u201d. Se, ett\u00e4 on pakko, ei kuitenkaan ole sama kuin ett\u00e4 on pakotettu.\" \/>\n<meta property=\"og:url\" content=\"https:\/\/www.kieliluotsi.fi\/lokikirja\/kesakuun-2023-kielivinkki\/\" \/>\n<meta property=\"og:site_name\" content=\"Kieliluotsin lokikirja\" \/>\n<meta property=\"article:published_time\" content=\"2023-06-20T12:05:52+00:00\" \/>\n<meta property=\"article:modified_time\" content=\"2023-06-20T12:06:25+00:00\" \/>\n<meta property=\"og:image\" content=\"https:\/\/www.kieliluotsi.fi\/lokikirja\/media\/2020\/04\/kuukauden-kielivinkki-artikkelikuva.jpg\" \/>\n\t<meta property=\"og:image:width\" content=\"1001\" \/>\n\t<meta property=\"og:image:height\" content=\"1000\" \/>\n\t<meta property=\"og:image:type\" content=\"image\/jpeg\" \/>\n<meta name=\"author\" content=\"Jutta Posti\" \/>\n<meta name=\"twitter:label1\" content=\"Kirjoittanut\" \/>\n\t<meta name=\"twitter:data1\" content=\"Jutta Posti\" \/>\n\t<meta name=\"twitter:label2\" content=\"Arvioitu lukuaika\" \/>\n\t<meta name=\"twitter:data2\" content=\"2 minuuttia\" \/>\n<script type=\"application\/ld+json\" class=\"yoast-schema-graph\">{\"@context\":\"https:\/\/schema.org\",\"@graph\":[{\"@type\":\"WebPage\",\"@id\":\"https:\/\/www.kieliluotsi.fi\/lokikirja\/kesakuun-2023-kielivinkki\/\",\"url\":\"https:\/\/www.kieliluotsi.fi\/lokikirja\/kesakuun-2023-kielivinkki\/\",\"name\":\"Kes\u00e4kuun 2023 kielivinkki \u2013 Kieliluotsin lokikirja\",\"isPartOf\":{\"@id\":\"https:\/\/www.kieliluotsi.fi\/lokikirja\/#website\"},\"datePublished\":\"2023-06-20T12:05:52+00:00\",\"dateModified\":\"2023-06-20T12:06:25+00:00\",\"author\":{\"@id\":\"https:\/\/www.kieliluotsi.fi\/lokikirja\/#\/schema\/person\/be983f8146cb3edad975db1e1f487dc3\"},\"description\":\"Usein kuulee, ett\u00e4 \u201dpoliitikko on pakotettu vaikeisiin ratkaisuihin\u201d. Se, ett\u00e4 on pakko, ei kuitenkaan ole sama kuin ett\u00e4 on pakotettu.\",\"breadcrumb\":{\"@id\":\"https:\/\/www.kieliluotsi.fi\/lokikirja\/kesakuun-2023-kielivinkki\/#breadcrumb\"},\"inLanguage\":\"fi\",\"potentialAction\":[{\"@type\":\"ReadAction\",\"target\":[\"https:\/\/www.kieliluotsi.fi\/lokikirja\/kesakuun-2023-kielivinkki\/\"]}]},{\"@type\":\"BreadcrumbList\",\"@id\":\"https:\/\/www.kieliluotsi.fi\/lokikirja\/kesakuun-2023-kielivinkki\/#breadcrumb\",\"itemListElement\":[{\"@type\":\"ListItem\",\"position\":1,\"name\":\"Etusivu\",\"item\":\"https:\/\/www.kieliluotsi.fi\/lokikirja\/\"},{\"@type\":\"ListItem\",\"position\":2,\"name\":\"Kes\u00e4kuun 2023 kielivinkki\"}]},{\"@type\":\"WebSite\",\"@id\":\"https:\/\/www.kieliluotsi.fi\/lokikirja\/#website\",\"url\":\"https:\/\/www.kieliluotsi.fi\/lokikirja\/\",\"name\":\"Kieliluotsin lokikirja\",\"description\":\"havaintoja kielest\u00e4 ja sen ilmi\u00f6ist\u00e4\",\"potentialAction\":[{\"@type\":\"SearchAction\",\"target\":{\"@type\":\"EntryPoint\",\"urlTemplate\":\"https:\/\/www.kieliluotsi.fi\/lokikirja\/?s={search_term_string}\"},\"query-input\":\"required name=search_term_string\"}],\"inLanguage\":\"fi\"},{\"@type\":\"Person\",\"@id\":\"https:\/\/www.kieliluotsi.fi\/lokikirja\/#\/schema\/person\/be983f8146cb3edad975db1e1f487dc3\",\"name\":\"Jutta Posti\",\"image\":{\"@type\":\"ImageObject\",\"inLanguage\":\"fi\",\"@id\":\"https:\/\/www.kieliluotsi.fi\/lokikirja\/#\/schema\/person\/image\/\",\"url\":\"https:\/\/www.kieliluotsi.fi\/lokikirja\/media\/2017\/11\/Jutta-Posti_avatar_1511473595-96x96.jpg\",\"contentUrl\":\"https:\/\/www.kieliluotsi.fi\/lokikirja\/media\/2017\/11\/Jutta-Posti_avatar_1511473595-96x96.jpg\",\"caption\":\"Jutta Posti\"},\"description\":\"Jutta Posti (FM) on haminalainen humanisti ja kielifriikki. H\u00e4n on kielipalveluja tarjoavan Kieliluotsin perustaja ja kieliasiantuntija.\",\"sameAs\":[\"https:\/\/www.kieliluotsi.fi\"],\"url\":\"https:\/\/www.kieliluotsi.fi\/lokikirja\/author\/jutta_jarvansalo\/\"}]}<\/script>\n<!-- \/ Yoast SEO plugin. -->","yoast_head_json":{"title":"Kes\u00e4kuun 2023 kielivinkki \u2013 Kieliluotsin lokikirja","description":"Usein kuulee, ett\u00e4 \u201dpoliitikko on pakotettu vaikeisiin ratkaisuihin\u201d. Se, ett\u00e4 on pakko, ei kuitenkaan ole sama kuin ett\u00e4 on pakotettu.","robots":{"index":"index","follow":"follow","max-snippet":"max-snippet:-1","max-image-preview":"max-image-preview:large","max-video-preview":"max-video-preview:-1"},"canonical":"https:\/\/www.kieliluotsi.fi\/lokikirja\/kesakuun-2023-kielivinkki\/","og_locale":"fi_FI","og_type":"article","og_title":"Kes\u00e4kuun 2023 kielivinkki \u2013 Kieliluotsin lokikirja","og_description":"Usein kuulee, ett\u00e4 \u201dpoliitikko on pakotettu vaikeisiin ratkaisuihin\u201d. Se, ett\u00e4 on pakko, ei kuitenkaan ole sama kuin ett\u00e4 on pakotettu.","og_url":"https:\/\/www.kieliluotsi.fi\/lokikirja\/kesakuun-2023-kielivinkki\/","og_site_name":"Kieliluotsin lokikirja","article_published_time":"2023-06-20T12:05:52+00:00","article_modified_time":"2023-06-20T12:06:25+00:00","og_image":[{"width":1001,"height":1000,"url":"https:\/\/www.kieliluotsi.fi\/lokikirja\/media\/2020\/04\/kuukauden-kielivinkki-artikkelikuva.jpg","type":"image\/jpeg"}],"author":"Jutta Posti","twitter_misc":{"Kirjoittanut":"Jutta Posti","Arvioitu lukuaika":"2 minuuttia"},"schema":{"@context":"https:\/\/schema.org","@graph":[{"@type":"WebPage","@id":"https:\/\/www.kieliluotsi.fi\/lokikirja\/kesakuun-2023-kielivinkki\/","url":"https:\/\/www.kieliluotsi.fi\/lokikirja\/kesakuun-2023-kielivinkki\/","name":"Kes\u00e4kuun 2023 kielivinkki \u2013 Kieliluotsin lokikirja","isPartOf":{"@id":"https:\/\/www.kieliluotsi.fi\/lokikirja\/#website"},"datePublished":"2023-06-20T12:05:52+00:00","dateModified":"2023-06-20T12:06:25+00:00","author":{"@id":"https:\/\/www.kieliluotsi.fi\/lokikirja\/#\/schema\/person\/be983f8146cb3edad975db1e1f487dc3"},"description":"Usein kuulee, ett\u00e4 \u201dpoliitikko on pakotettu vaikeisiin ratkaisuihin\u201d. Se, ett\u00e4 on pakko, ei kuitenkaan ole sama kuin ett\u00e4 on pakotettu.","breadcrumb":{"@id":"https:\/\/www.kieliluotsi.fi\/lokikirja\/kesakuun-2023-kielivinkki\/#breadcrumb"},"inLanguage":"fi","potentialAction":[{"@type":"ReadAction","target":["https:\/\/www.kieliluotsi.fi\/lokikirja\/kesakuun-2023-kielivinkki\/"]}]},{"@type":"BreadcrumbList","@id":"https:\/\/www.kieliluotsi.fi\/lokikirja\/kesakuun-2023-kielivinkki\/#breadcrumb","itemListElement":[{"@type":"ListItem","position":1,"name":"Etusivu","item":"https:\/\/www.kieliluotsi.fi\/lokikirja\/"},{"@type":"ListItem","position":2,"name":"Kes\u00e4kuun 2023 kielivinkki"}]},{"@type":"WebSite","@id":"https:\/\/www.kieliluotsi.fi\/lokikirja\/#website","url":"https:\/\/www.kieliluotsi.fi\/lokikirja\/","name":"Kieliluotsin lokikirja","description":"havaintoja kielest\u00e4 ja sen ilmi\u00f6ist\u00e4","potentialAction":[{"@type":"SearchAction","target":{"@type":"EntryPoint","urlTemplate":"https:\/\/www.kieliluotsi.fi\/lokikirja\/?s={search_term_string}"},"query-input":"required name=search_term_string"}],"inLanguage":"fi"},{"@type":"Person","@id":"https:\/\/www.kieliluotsi.fi\/lokikirja\/#\/schema\/person\/be983f8146cb3edad975db1e1f487dc3","name":"Jutta Posti","image":{"@type":"ImageObject","inLanguage":"fi","@id":"https:\/\/www.kieliluotsi.fi\/lokikirja\/#\/schema\/person\/image\/","url":"https:\/\/www.kieliluotsi.fi\/lokikirja\/media\/2017\/11\/Jutta-Posti_avatar_1511473595-96x96.jpg","contentUrl":"https:\/\/www.kieliluotsi.fi\/lokikirja\/media\/2017\/11\/Jutta-Posti_avatar_1511473595-96x96.jpg","caption":"Jutta Posti"},"description":"Jutta Posti (FM) on haminalainen humanisti ja kielifriikki. H\u00e4n on kielipalveluja tarjoavan Kieliluotsin perustaja ja kieliasiantuntija.","sameAs":["https:\/\/www.kieliluotsi.fi"],"url":"https:\/\/www.kieliluotsi.fi\/lokikirja\/author\/jutta_jarvansalo\/"}]}},"_links":{"self":[{"href":"https:\/\/www.kieliluotsi.fi\/lokikirja\/wp-json\/wp\/v2\/posts\/1547"}],"collection":[{"href":"https:\/\/www.kieliluotsi.fi\/lokikirja\/wp-json\/wp\/v2\/posts"}],"about":[{"href":"https:\/\/www.kieliluotsi.fi\/lokikirja\/wp-json\/wp\/v2\/types\/post"}],"author":[{"embeddable":true,"href":"https:\/\/www.kieliluotsi.fi\/lokikirja\/wp-json\/wp\/v2\/users\/3"}],"replies":[{"embeddable":true,"href":"https:\/\/www.kieliluotsi.fi\/lokikirja\/wp-json\/wp\/v2\/comments?post=1547"}],"version-history":[{"count":2,"href":"https:\/\/www.kieliluotsi.fi\/lokikirja\/wp-json\/wp\/v2\/posts\/1547\/revisions"}],"predecessor-version":[{"id":1549,"href":"https:\/\/www.kieliluotsi.fi\/lokikirja\/wp-json\/wp\/v2\/posts\/1547\/revisions\/1549"}],"wp:featuredmedia":[{"embeddable":true,"href":"https:\/\/www.kieliluotsi.fi\/lokikirja\/wp-json\/wp\/v2\/media\/1297"}],"wp:attachment":[{"href":"https:\/\/www.kieliluotsi.fi\/lokikirja\/wp-json\/wp\/v2\/media?parent=1547"}],"wp:term":[{"taxonomy":"category","embeddable":true,"href":"https:\/\/www.kieliluotsi.fi\/lokikirja\/wp-json\/wp\/v2\/categories?post=1547"},{"taxonomy":"post_tag","embeddable":true,"href":"https:\/\/www.kieliluotsi.fi\/lokikirja\/wp-json\/wp\/v2\/tags?post=1547"}],"curies":[{"name":"wp","href":"https:\/\/api.w.org\/{rel}","templated":true}]}}