{"id":1626,"date":"2024-12-20T20:06:58","date_gmt":"2024-12-20T18:06:58","guid":{"rendered":"https:\/\/www.kieliluotsi.fi\/lokikirja\/?p=1626"},"modified":"2024-12-20T20:07:50","modified_gmt":"2024-12-20T18:07:50","slug":"joulukuun-2024-kielivinkki","status":"publish","type":"post","link":"https:\/\/www.kieliluotsi.fi\/lokikirja\/joulukuun-2024-kielivinkki\/","title":{"rendered":"Joulukuun 2024 kielivinkki"},"content":{"rendered":"\n<p>Er\u00e4\u00e4ss\u00e4 lehtijutussa mainittiin \u201dsuureelliset\u201d pikkujoulut. Kontekstista pystyi kuitenkin p\u00e4\u00e4ttelem\u00e4\u00e4n, ett\u00e4 kirjoittaja tarkoitti \u201dsuurellisia\u201d. Oletko sin\u00e4 selvill\u00e4, mit\u00e4 eroa suurellisella ja suureellisella on?<\/p>\n\n\n\n<!--more-->\n\n\n\n<p>\u201dSuurellinen\u201d yhdell\u00e4 eell\u00e4 tarkoittaa Kielitoimiston sanakirjan mukaan komeilevaa, mahtailevaa, isottelevaa ja p\u00f6yhke\u00e4\u00e4. Sanan pohjana on adjektiivi \u201dsuuri\u201d: suuri + -llinen = suurellinen (vrt. k\u00e4si -&gt; k\u00e4dellinen).<\/p>\n\n\n\n<p>\u201dSuureellinen\u201d kahdella eell\u00e4 taas pohjautuu substantiiviin \u201dsuure\u201d: suure + -llinen = suureellinen (vrt. murhe -&gt; murheellinen). \u201dSuure\u201d taas on Kielitoimiston sanakirjan mukaan jokin, joka on mitattavissa tai jonka suuruus on m\u00e4\u00e4ritett\u00e4viss\u00e4.<\/p>\n\n\n\n<p>Suomessa pit\u00e4\u00e4 tosiaan olla tarkkana, kun k\u00e4ytt\u00e4\u00e4 sanoja, jotka sekoittuvat helposti kesken\u00e4\u00e4n. Suurellinen asia kun ei aina edes ole suureellinen!<\/p>\n\n\n\n<p>Kieliluotsi toivottaa kaikille oikein mukavaa joulun aikaa ja onnellista uutta vuotta!<\/p>\n","protected":false},"excerpt":{"rendered":"<p>Er\u00e4\u00e4ss\u00e4 lehtijutussa mainittiin \u201dsuureelliset\u201d pikkujoulut. Kontekstista pystyi kuitenkin p\u00e4\u00e4ttelem\u00e4\u00e4n, ett\u00e4 kirjoittaja tarkoitti \u201dsuurellisia\u201d. Oletko sin\u00e4 selvill\u00e4, mit\u00e4 eroa suurellisella ja suureellisella on?<\/p>\n","protected":false},"author":3,"featured_media":1297,"comment_status":"open","ping_status":"open","sticky":false,"template":"","format":"standard","meta":[],"categories":[255],"tags":[243,256,162,166],"yoast_head":"<!-- This site is optimized with the Yoast SEO plugin v20.13 - https:\/\/yoast.com\/wordpress\/plugins\/seo\/ -->\n<title>Joulukuun 2024 kielivinkki \u2013 Kieliluotsin lokikirja<\/title>\n<meta name=\"description\" content=\"Er\u00e4\u00e4ss\u00e4 lehtijutussa mainittiin \u201dsuureelliset\u201d pikkujoulut. Kontekstista pystyi kuitenkin p\u00e4\u00e4ttelem\u00e4\u00e4n, ett\u00e4 kirjoittaja tarkoitti \u201dsuurellisia\u201d.\" \/>\n<meta name=\"robots\" content=\"index, follow, max-snippet:-1, max-image-preview:large, max-video-preview:-1\" \/>\n<link rel=\"canonical\" href=\"https:\/\/www.kieliluotsi.fi\/lokikirja\/joulukuun-2024-kielivinkki\/\" \/>\n<meta property=\"og:locale\" content=\"fi_FI\" \/>\n<meta property=\"og:type\" content=\"article\" \/>\n<meta property=\"og:title\" content=\"Joulukuun 2024 kielivinkki \u2013 Kieliluotsin lokikirja\" \/>\n<meta property=\"og:description\" content=\"Er\u00e4\u00e4ss\u00e4 lehtijutussa mainittiin \u201dsuureelliset\u201d pikkujoulut. Kontekstista pystyi kuitenkin p\u00e4\u00e4ttelem\u00e4\u00e4n, ett\u00e4 kirjoittaja tarkoitti \u201dsuurellisia\u201d.\" \/>\n<meta property=\"og:url\" content=\"https:\/\/www.kieliluotsi.fi\/lokikirja\/joulukuun-2024-kielivinkki\/\" \/>\n<meta property=\"og:site_name\" content=\"Kieliluotsin lokikirja\" \/>\n<meta property=\"article:published_time\" content=\"2024-12-20T18:06:58+00:00\" \/>\n<meta property=\"article:modified_time\" content=\"2024-12-20T18:07:50+00:00\" \/>\n<meta property=\"og:image\" content=\"https:\/\/www.kieliluotsi.fi\/lokikirja\/media\/2020\/04\/kuukauden-kielivinkki-artikkelikuva.jpg\" \/>\n\t<meta property=\"og:image:width\" content=\"1001\" \/>\n\t<meta property=\"og:image:height\" content=\"1000\" \/>\n\t<meta property=\"og:image:type\" content=\"image\/jpeg\" \/>\n<meta name=\"author\" content=\"Jutta Posti\" \/>\n<meta name=\"twitter:label1\" content=\"Kirjoittanut\" \/>\n\t<meta name=\"twitter:data1\" content=\"Jutta Posti\" \/>\n\t<meta name=\"twitter:label2\" content=\"Arvioitu lukuaika\" \/>\n\t<meta name=\"twitter:data2\" content=\"1 minuutti\" \/>\n<script type=\"application\/ld+json\" class=\"yoast-schema-graph\">{\"@context\":\"https:\/\/schema.org\",\"@graph\":[{\"@type\":\"WebPage\",\"@id\":\"https:\/\/www.kieliluotsi.fi\/lokikirja\/joulukuun-2024-kielivinkki\/\",\"url\":\"https:\/\/www.kieliluotsi.fi\/lokikirja\/joulukuun-2024-kielivinkki\/\",\"name\":\"Joulukuun 2024 kielivinkki \u2013 Kieliluotsin lokikirja\",\"isPartOf\":{\"@id\":\"https:\/\/www.kieliluotsi.fi\/lokikirja\/#website\"},\"datePublished\":\"2024-12-20T18:06:58+00:00\",\"dateModified\":\"2024-12-20T18:07:50+00:00\",\"author\":{\"@id\":\"https:\/\/www.kieliluotsi.fi\/lokikirja\/#\/schema\/person\/be983f8146cb3edad975db1e1f487dc3\"},\"description\":\"Er\u00e4\u00e4ss\u00e4 lehtijutussa mainittiin \u201dsuureelliset\u201d pikkujoulut. Kontekstista pystyi kuitenkin p\u00e4\u00e4ttelem\u00e4\u00e4n, ett\u00e4 kirjoittaja tarkoitti \u201dsuurellisia\u201d.\",\"breadcrumb\":{\"@id\":\"https:\/\/www.kieliluotsi.fi\/lokikirja\/joulukuun-2024-kielivinkki\/#breadcrumb\"},\"inLanguage\":\"fi\",\"potentialAction\":[{\"@type\":\"ReadAction\",\"target\":[\"https:\/\/www.kieliluotsi.fi\/lokikirja\/joulukuun-2024-kielivinkki\/\"]}]},{\"@type\":\"BreadcrumbList\",\"@id\":\"https:\/\/www.kieliluotsi.fi\/lokikirja\/joulukuun-2024-kielivinkki\/#breadcrumb\",\"itemListElement\":[{\"@type\":\"ListItem\",\"position\":1,\"name\":\"Etusivu\",\"item\":\"https:\/\/www.kieliluotsi.fi\/lokikirja\/\"},{\"@type\":\"ListItem\",\"position\":2,\"name\":\"Joulukuun 2024 kielivinkki\"}]},{\"@type\":\"WebSite\",\"@id\":\"https:\/\/www.kieliluotsi.fi\/lokikirja\/#website\",\"url\":\"https:\/\/www.kieliluotsi.fi\/lokikirja\/\",\"name\":\"Kieliluotsin lokikirja\",\"description\":\"havaintoja kielest\u00e4 ja sen ilmi\u00f6ist\u00e4\",\"potentialAction\":[{\"@type\":\"SearchAction\",\"target\":{\"@type\":\"EntryPoint\",\"urlTemplate\":\"https:\/\/www.kieliluotsi.fi\/lokikirja\/?s={search_term_string}\"},\"query-input\":\"required name=search_term_string\"}],\"inLanguage\":\"fi\"},{\"@type\":\"Person\",\"@id\":\"https:\/\/www.kieliluotsi.fi\/lokikirja\/#\/schema\/person\/be983f8146cb3edad975db1e1f487dc3\",\"name\":\"Jutta Posti\",\"image\":{\"@type\":\"ImageObject\",\"inLanguage\":\"fi\",\"@id\":\"https:\/\/www.kieliluotsi.fi\/lokikirja\/#\/schema\/person\/image\/\",\"url\":\"https:\/\/www.kieliluotsi.fi\/lokikirja\/media\/2017\/11\/Jutta-Posti_avatar_1511473595-96x96.jpg\",\"contentUrl\":\"https:\/\/www.kieliluotsi.fi\/lokikirja\/media\/2017\/11\/Jutta-Posti_avatar_1511473595-96x96.jpg\",\"caption\":\"Jutta Posti\"},\"description\":\"Jutta Posti (FM) on haminalainen humanisti ja kielifriikki. H\u00e4n on kielipalveluja tarjoavan Kieliluotsin perustaja ja kieliasiantuntija.\",\"sameAs\":[\"https:\/\/www.kieliluotsi.fi\"],\"url\":\"https:\/\/www.kieliluotsi.fi\/lokikirja\/author\/jutta_jarvansalo\/\"}]}<\/script>\n<!-- \/ Yoast SEO plugin. -->","yoast_head_json":{"title":"Joulukuun 2024 kielivinkki \u2013 Kieliluotsin lokikirja","description":"Er\u00e4\u00e4ss\u00e4 lehtijutussa mainittiin \u201dsuureelliset\u201d pikkujoulut. Kontekstista pystyi kuitenkin p\u00e4\u00e4ttelem\u00e4\u00e4n, ett\u00e4 kirjoittaja tarkoitti \u201dsuurellisia\u201d.","robots":{"index":"index","follow":"follow","max-snippet":"max-snippet:-1","max-image-preview":"max-image-preview:large","max-video-preview":"max-video-preview:-1"},"canonical":"https:\/\/www.kieliluotsi.fi\/lokikirja\/joulukuun-2024-kielivinkki\/","og_locale":"fi_FI","og_type":"article","og_title":"Joulukuun 2024 kielivinkki \u2013 Kieliluotsin lokikirja","og_description":"Er\u00e4\u00e4ss\u00e4 lehtijutussa mainittiin \u201dsuureelliset\u201d pikkujoulut. Kontekstista pystyi kuitenkin p\u00e4\u00e4ttelem\u00e4\u00e4n, ett\u00e4 kirjoittaja tarkoitti \u201dsuurellisia\u201d.","og_url":"https:\/\/www.kieliluotsi.fi\/lokikirja\/joulukuun-2024-kielivinkki\/","og_site_name":"Kieliluotsin lokikirja","article_published_time":"2024-12-20T18:06:58+00:00","article_modified_time":"2024-12-20T18:07:50+00:00","og_image":[{"width":1001,"height":1000,"url":"https:\/\/www.kieliluotsi.fi\/lokikirja\/media\/2020\/04\/kuukauden-kielivinkki-artikkelikuva.jpg","type":"image\/jpeg"}],"author":"Jutta Posti","twitter_misc":{"Kirjoittanut":"Jutta Posti","Arvioitu lukuaika":"1 minuutti"},"schema":{"@context":"https:\/\/schema.org","@graph":[{"@type":"WebPage","@id":"https:\/\/www.kieliluotsi.fi\/lokikirja\/joulukuun-2024-kielivinkki\/","url":"https:\/\/www.kieliluotsi.fi\/lokikirja\/joulukuun-2024-kielivinkki\/","name":"Joulukuun 2024 kielivinkki \u2013 Kieliluotsin lokikirja","isPartOf":{"@id":"https:\/\/www.kieliluotsi.fi\/lokikirja\/#website"},"datePublished":"2024-12-20T18:06:58+00:00","dateModified":"2024-12-20T18:07:50+00:00","author":{"@id":"https:\/\/www.kieliluotsi.fi\/lokikirja\/#\/schema\/person\/be983f8146cb3edad975db1e1f487dc3"},"description":"Er\u00e4\u00e4ss\u00e4 lehtijutussa mainittiin \u201dsuureelliset\u201d pikkujoulut. Kontekstista pystyi kuitenkin p\u00e4\u00e4ttelem\u00e4\u00e4n, ett\u00e4 kirjoittaja tarkoitti \u201dsuurellisia\u201d.","breadcrumb":{"@id":"https:\/\/www.kieliluotsi.fi\/lokikirja\/joulukuun-2024-kielivinkki\/#breadcrumb"},"inLanguage":"fi","potentialAction":[{"@type":"ReadAction","target":["https:\/\/www.kieliluotsi.fi\/lokikirja\/joulukuun-2024-kielivinkki\/"]}]},{"@type":"BreadcrumbList","@id":"https:\/\/www.kieliluotsi.fi\/lokikirja\/joulukuun-2024-kielivinkki\/#breadcrumb","itemListElement":[{"@type":"ListItem","position":1,"name":"Etusivu","item":"https:\/\/www.kieliluotsi.fi\/lokikirja\/"},{"@type":"ListItem","position":2,"name":"Joulukuun 2024 kielivinkki"}]},{"@type":"WebSite","@id":"https:\/\/www.kieliluotsi.fi\/lokikirja\/#website","url":"https:\/\/www.kieliluotsi.fi\/lokikirja\/","name":"Kieliluotsin lokikirja","description":"havaintoja kielest\u00e4 ja sen ilmi\u00f6ist\u00e4","potentialAction":[{"@type":"SearchAction","target":{"@type":"EntryPoint","urlTemplate":"https:\/\/www.kieliluotsi.fi\/lokikirja\/?s={search_term_string}"},"query-input":"required name=search_term_string"}],"inLanguage":"fi"},{"@type":"Person","@id":"https:\/\/www.kieliluotsi.fi\/lokikirja\/#\/schema\/person\/be983f8146cb3edad975db1e1f487dc3","name":"Jutta Posti","image":{"@type":"ImageObject","inLanguage":"fi","@id":"https:\/\/www.kieliluotsi.fi\/lokikirja\/#\/schema\/person\/image\/","url":"https:\/\/www.kieliluotsi.fi\/lokikirja\/media\/2017\/11\/Jutta-Posti_avatar_1511473595-96x96.jpg","contentUrl":"https:\/\/www.kieliluotsi.fi\/lokikirja\/media\/2017\/11\/Jutta-Posti_avatar_1511473595-96x96.jpg","caption":"Jutta Posti"},"description":"Jutta Posti (FM) on haminalainen humanisti ja kielifriikki. H\u00e4n on kielipalveluja tarjoavan Kieliluotsin perustaja ja kieliasiantuntija.","sameAs":["https:\/\/www.kieliluotsi.fi"],"url":"https:\/\/www.kieliluotsi.fi\/lokikirja\/author\/jutta_jarvansalo\/"}]}},"_links":{"self":[{"href":"https:\/\/www.kieliluotsi.fi\/lokikirja\/wp-json\/wp\/v2\/posts\/1626"}],"collection":[{"href":"https:\/\/www.kieliluotsi.fi\/lokikirja\/wp-json\/wp\/v2\/posts"}],"about":[{"href":"https:\/\/www.kieliluotsi.fi\/lokikirja\/wp-json\/wp\/v2\/types\/post"}],"author":[{"embeddable":true,"href":"https:\/\/www.kieliluotsi.fi\/lokikirja\/wp-json\/wp\/v2\/users\/3"}],"replies":[{"embeddable":true,"href":"https:\/\/www.kieliluotsi.fi\/lokikirja\/wp-json\/wp\/v2\/comments?post=1626"}],"version-history":[{"count":2,"href":"https:\/\/www.kieliluotsi.fi\/lokikirja\/wp-json\/wp\/v2\/posts\/1626\/revisions"}],"predecessor-version":[{"id":1628,"href":"https:\/\/www.kieliluotsi.fi\/lokikirja\/wp-json\/wp\/v2\/posts\/1626\/revisions\/1628"}],"wp:featuredmedia":[{"embeddable":true,"href":"https:\/\/www.kieliluotsi.fi\/lokikirja\/wp-json\/wp\/v2\/media\/1297"}],"wp:attachment":[{"href":"https:\/\/www.kieliluotsi.fi\/lokikirja\/wp-json\/wp\/v2\/media?parent=1626"}],"wp:term":[{"taxonomy":"category","embeddable":true,"href":"https:\/\/www.kieliluotsi.fi\/lokikirja\/wp-json\/wp\/v2\/categories?post=1626"},{"taxonomy":"post_tag","embeddable":true,"href":"https:\/\/www.kieliluotsi.fi\/lokikirja\/wp-json\/wp\/v2\/tags?post=1626"}],"curies":[{"name":"wp","href":"https:\/\/api.w.org\/{rel}","templated":true}]}}