{"id":163,"date":"2014-05-03T14:12:52","date_gmt":"2014-05-03T11:12:52","guid":{"rendered":"https:\/\/www.kieliluotsi.fi\/lokikirja\/?p=163"},"modified":"2020-04-25T21:11:37","modified_gmt":"2020-04-25T18:11:37","slug":"kieli-ihmisen-euroviisut","status":"publish","type":"post","link":"https:\/\/www.kieliluotsi.fi\/lokikirja\/kieli-ihmisen-euroviisut\/","title":{"rendered":"Kieli-ihmisen Euroviisut"},"content":{"rendered":"<p>Toukokuussa Suomen kev\u00e4t on kauneimmillaan. Yksi toukokuuhun kuuluvista jokavuotisista kev\u00e4tilmi\u00f6ist\u00e4 on Euroviisut, viralliselta nimelt\u00e4\u00e4n Eurovision laulukilpailu. My\u00f6s Suomi on osallistunut kilpailuun monena vuonna ja voittanutkin sen yhden kerran, vuonna 2006, jolloin hard rock- ja heavy metal -yhtye Lordi villitsi \u00e4\u00e4nest\u00e4j\u00e4t.<\/p>\n<p><!--more--><\/p>\n<p>T\u00e4n\u00e4 vuonna Euroviisuja is\u00e4nn\u00f6i Tanska 6.\u201310. toukokuuta. Suomea kisassa edustaa rokkia soittava Softengine. Laulamisen ja esiintymisen lis\u00e4ksi my\u00f6s kieli on t\u00e4rke\u00e4 osa Euroviisuja. Mutta millainen Euroviisujen kielipolitiikka on ja miten suomen kieli on n\u00e4kynyt Euroviisuissa kautta aikojen?<\/p>\n<h2>Euroviisujen kielipolitiikkaa<\/h2>\n<p>Euroviisujen alkuaikoina oli tapana, ett\u00e4 osallistujat esittiv\u00e4t kappaleensa omalla \u00e4idinkielell\u00e4\u00e4n. Vuonna 1965 Ruotsi kuitenkin l\u00e4hetti kisaan englanninkielisen laulun. Niinp\u00e4 laadittiin s\u00e4\u00e4nt\u00f6, jonka mukaan kilpailijoiden tuli esitt\u00e4\u00e4 kilpailukappaleensa edustamansa maan virallisella kielell\u00e4. Jos valtiossa oli k\u00e4yt\u00f6ss\u00e4 useita virallisia kieli\u00e4, valinta niiden v\u00e4lill\u00e4 oli vapaa.<\/p>\n<p>Kappaleen sanoituksessa sallittiin kuitenkin enint\u00e4\u00e4n kuusi vieraan kielen sanaa, ja my\u00f6s poikkeuslupia tuohon s\u00e4\u00e4nt\u00f6\u00f6n oli mahdollista saada pyyt\u00e4m\u00e4ll\u00e4. S\u00e4\u00e4nt\u00f6 oli voimassa vuosina 1966\u20131972 ja 1978\u20131998. Nyky\u00e4\u00e4n Euroviisuihin osallistuvien kappaleiden esityskielt\u00e4 ei en\u00e4\u00e4 rajoiteta mitenk\u00e4\u00e4n.<\/p>\n<p>Euroviisuissa huomio kiinnittyy my\u00f6s siihen, ett\u00e4 englannin lis\u00e4ksi vallalla on ranskan kieli. Kilpailu juonnetaan englanniksi ja ranskaksi, ja ranskaa on mahdollista k\u00e4ytt\u00e4\u00e4 my\u00f6s pisteiden ilmoittamisessa.<\/p>\n<p>On toki ymm\u00e4rrett\u00e4v\u00e4\u00e4, ett\u00e4 juuri ranska on k\u00e4yt\u00f6ss\u00e4 Euroviisuissa. Ranskahan on perinteisesti Euroopan sivistyskieli ja diplomatian kieli. Ihmettelen kuitenkin hieman sit\u00e4, ett\u00e4 englanti ei ole syrj\u00e4ytt\u00e4nyt ranskaa kokonaan Euroviisuissa, vaikka se muuten jyr\u00e4\u00e4 my\u00f6s musiikin maailmassa.<\/p>\n<p>Ranska on jollakin ihmeen konstilla onnistunut s\u00e4ilytt\u00e4m\u00e4\u00e4n asemansa Euroviisu-kielen\u00e4. Ranska on kyll\u00e4 toki yksi kilpailun alullepanijoista ja suurimmista rahoittajista, mutta niin on esimerkiksi Saksakin, ja saksan kielih\u00e4n ei n\u00e4y Euroviisuissa yleens\u00e4 juuri mitenk\u00e4\u00e4n. Niinp\u00e4 painavin syy ranskan kielen asemaan Euroviisuissa lienee se, ett\u00e4 ranska on toinen kilpailun p\u00e4\u00e4j\u00e4rjest\u00e4j\u00e4n, Euroopan yleisradiounionin, virallisista kielist\u00e4.<\/p>\n<h2>Suomen kieli Euroviisuissa<\/h2>\n<p>Suomalaisartistit lauloivat tietysti suomeksi Euroviisujen alkuaikoina sek\u00e4 kielis\u00e4\u00e4nn\u00f6n ollessa voimassa vuosina 1966\u20131972 ja 1978\u20131998. Noiden vuosien lis\u00e4ksi suomea on kuultu Euroviisu-lavalla vuosina 2008 ja 2010. Muina vuosina Suomen kappaleet ovat olleet englanninkielisi\u00e4, paitsi vuosina 1990 ja 2012, jolloin esityskielen\u00e4 oli ruotsi.<\/p>\n<p>Vaikka Suomella on ollut Euroviisuissa enemm\u00e4n suomen- kuin muunkielisi\u00e4 kappaleita, viime aikoina Euroviisujen suomalaiskappaleet ovat olleet p\u00e4\u00e4osin englanninkielisi\u00e4. Miksi Suomi ei k\u00e4yt\u00e4 tilaisuutta hyv\u00e4kseen, laula suomeksi Euroviisuissa ja edist\u00e4 samalla suomen kielen n\u00e4kyvyytt\u00e4 Euroopassa ja muuallakin maailmalla? Se tekisi varmasti hyv\u00e4\u00e4 my\u00f6s suomen kielen asemalle sek\u00e4 kotimaassa ett\u00e4 ulkomailla.<\/p>\n<p>Syit\u00e4 Suomen Euroviisu-kappaleiden englanninkielisyyteen on varmasti monia. Suomen Euroviisu-edustaja valitaan nyky\u00e4\u00e4n Uuden musiikin kilpailun avulla, ja todella monet kilpailuun osallistuvat kappaleet ovat englanninkielisi\u00e4. Suomalaisille artisteille on luontevaa laulaa englanniksi, ja englanninkielisell\u00e4 musiikilla on aina paremmat mahdollisuudet menesty\u00e4 maailmalla kuin suomenkielisell\u00e4 musiikilla. Harva artisti ajattelee musiikkiaan kielipoliittisesti.<\/p>\n<p>Toinen syy siihen, miksi Suomen kilpailukappaleet ovat usein englanninkielisi\u00e4, on kappaleen sanojen ymm\u00e4rt\u00e4misen varmistaminen. Monet artistit luonnollisesti haluavat, ett\u00e4 kuulijat ymm\u00e4rt\u00e4v\u00e4t heid\u00e4n kappaleensa sanoman. Ja koska Euroviisu-kappaleet tekstitet\u00e4\u00e4n televisiossa vain Suomessa ja Virossa, sanoma ei levi\u00e4isi kovin laajalle suomea k\u00e4ytt\u00e4m\u00e4ll\u00e4. Se voi olla yksi syy kaikkien ymm\u00e4rt\u00e4m\u00e4n englannin k\u00e4ytt\u00e4miseen Euroviisuissa.<\/p>\n<p>Kolmantena syyn\u00e4 voi olla my\u00f6s yleinen k\u00e4yt\u00e4nt\u00f6: \u201dkaikki muutkin\u201d laulavat englanniksi. Aika moni maa tosiaan on valinnut englanninkielisen linjan, eiv\u00e4t kuitenkaan kaikki. T\u00e4n\u00e4 vuonna Euroviisuihin osallistuu 37 maata, mutta vain nelj\u00e4n maan kilpailukappaleen nimi on jotain muuta kielt\u00e4 kuin englantia.<\/p>\n<p>Nuo rohkeat maat ovat Portugali, Montenegro, Puola ja Italia. Suomi ei siis valitettavasti ole tuossa nelikossa. Toivoa sopii, ett\u00e4 tulevina vuosina Suomen edustuskappaleiksi valittaisiin rohkeasti suomenkielisi\u00e4 lauluja. Jos kappaleet olisivat viel\u00e4 kaiken lis\u00e4ksi hyv\u00e4\u00e4 musiikkia, suomen kielen asema ja kiinnostus suomea kohtaan sek\u00e4 Suomessa ett\u00e4 maailmalla paranisivat varmasti.<\/p>\n<h2>Euroviisut 2014<\/h2>\n<p>T\u00e4m\u00e4n vuoden Euroviisuissa on j\u00e4nnitt\u00e4v\u00e4\u00e4 n\u00e4hd\u00e4, miten is\u00e4nt\u00e4maa Tanskan kieli tulee esille kilpailun j\u00e4rjestelyiss\u00e4, vai tuleeko mitenk\u00e4\u00e4n. Tanskalaisethan ovat tunnetusti hyvinkin kansanv\u00e4lisi\u00e4 ja mainiosti englantia osaavia. Luontevin areena tanskan kielelle olisi ehk\u00e4 is\u00e4nt\u00e4maan kulttuuriesittely, joten toivotaan, ett\u00e4 tanskalaiset k\u00e4ytt\u00e4v\u00e4t tilaisuutta hyv\u00e4kseen edist\u00e4\u00e4kseen my\u00f6s omaa pohjoismaista kielt\u00e4\u00e4n.<\/p>\n<p>Luvassa on joka tapauksessa englannin ja ranskan lis\u00e4ksi italiaa, montenegroa (jota muuten puhuu vain parikymment\u00e4 prosenttia Montenegron v\u00e4est\u00f6st\u00e4!), portugalia ja puolaa, joten my\u00f6s kielten suhteen kilpailussa riitt\u00e4\u00e4 kiinnostavaa kuunneltavaa. Laajempi kielikirjo olisi tosin ilahduttanut minua kieli-ihmisen\u00e4 enemm\u00e4n\u2026<\/p>\n<p>Tuosta pienest\u00e4 kielipettymyksest\u00e4 huolimatta Kieliluotsi toivottaa Suomen edustajalle menestyst\u00e4 Euroviisuihin ja kaikille kuuntelijoille mukavia hetki\u00e4 eurooppalaisen musiikin ja muutaman Euroopassa puhuttavan kielen parissa!<\/p>\n<div id=\"attachment_164\" style=\"width: 510px\" class=\"wp-caption aligncenter\"><a href=\"https:\/\/www.kieliluotsi.fi\/lokikirja\/media\/2014\/05\/Euroviisut_2014.jpg\"><img aria-describedby=\"caption-attachment-164\" decoding=\"async\" loading=\"lazy\" class=\"wp-image-164 size-full\" src=\"https:\/\/www.kieliluotsi.fi\/lokikirja\/media\/2014\/05\/Euroviisut_2014.jpg\" alt=\"Euroviisut 2014\" width=\"500\" height=\"280\" srcset=\"https:\/\/www.kieliluotsi.fi\/lokikirja\/media\/2014\/05\/Euroviisut_2014.jpg 500w, https:\/\/www.kieliluotsi.fi\/lokikirja\/media\/2014\/05\/Euroviisut_2014-300x168.jpg 300w\" sizes=\"(max-width: 500px) 100vw, 500px\" \/><\/a><p id=\"caption-attachment-164\" class=\"wp-caption-text\">Euroviisut j\u00e4rjestet\u00e4\u00e4n t\u00e4n\u00e4 vuonna Tanskassa 6.\u201310. toukokuuta. Laulamisen ja esiintymisen lis\u00e4ksi kannattaa kiinnitt\u00e4\u00e4 huomiota Euroviisuissa k\u00e4ytett\u00e4viin kieliin.<\/p><\/div>\n","protected":false},"excerpt":{"rendered":"<p>Toukokuussa Suomen kev\u00e4t on kauneimmillaan. Yksi toukokuuhun kuuluvista jokavuotisista kev\u00e4tilmi\u00f6ist\u00e4 on Euroviisut, viralliselta nimelt\u00e4\u00e4n Eurovision laulukilpailu. My\u00f6s Suomi on osallistunut kilpailuun monena vuonna ja voittanutkin sen yhden kerran, vuonna 2006, jolloin hard rock- ja heavy metal -yhtye Lordi villitsi \u00e4\u00e4nest\u00e4j\u00e4t.<\/p>\n","protected":false},"author":3,"featured_media":164,"comment_status":"open","ping_status":"open","sticky":false,"template":"","format":"standard","meta":[],"categories":[1],"tags":[82,83,87,84,86,55,85],"yoast_head":"<!-- This site is optimized with the Yoast SEO plugin v20.13 - https:\/\/yoast.com\/wordpress\/plugins\/seo\/ -->\n<title>Kieli-ihmisen Euroviisut \u2013 Kieliluotsin lokikirja<\/title>\n<meta name=\"description\" content=\"Euroviisut pidet\u00e4\u00e4n Tanskassa 6.\u201310.5.2014. My\u00f6s kieli on t\u00e4rke\u00e4 osa kilpailua. Millainen Euroviisujen kielipolitiikka on ja miten suomi n\u00e4kyy kilpailussa?\" \/>\n<meta name=\"robots\" content=\"index, follow, max-snippet:-1, max-image-preview:large, max-video-preview:-1\" \/>\n<link rel=\"canonical\" href=\"https:\/\/www.kieliluotsi.fi\/lokikirja\/kieli-ihmisen-euroviisut\/\" \/>\n<meta property=\"og:locale\" content=\"fi_FI\" \/>\n<meta property=\"og:type\" content=\"article\" \/>\n<meta property=\"og:title\" content=\"Kieli-ihmisen Euroviisut \u2013 Kieliluotsin lokikirja\" \/>\n<meta property=\"og:description\" content=\"Euroviisut pidet\u00e4\u00e4n Tanskassa 6.\u201310.5.2014. My\u00f6s kieli on t\u00e4rke\u00e4 osa kilpailua. Millainen Euroviisujen kielipolitiikka on ja miten suomi n\u00e4kyy kilpailussa?\" \/>\n<meta property=\"og:url\" content=\"https:\/\/www.kieliluotsi.fi\/lokikirja\/kieli-ihmisen-euroviisut\/\" \/>\n<meta property=\"og:site_name\" content=\"Kieliluotsin lokikirja\" \/>\n<meta property=\"article:published_time\" content=\"2014-05-03T11:12:52+00:00\" \/>\n<meta property=\"article:modified_time\" content=\"2020-04-25T18:11:37+00:00\" \/>\n<meta property=\"og:image\" content=\"https:\/\/www.kieliluotsi.fi\/lokikirja\/media\/2014\/05\/Euroviisut_2014.jpg\" \/>\n\t<meta property=\"og:image:width\" content=\"500\" \/>\n\t<meta property=\"og:image:height\" content=\"280\" \/>\n\t<meta property=\"og:image:type\" content=\"image\/jpeg\" \/>\n<meta name=\"author\" content=\"Jutta Posti\" \/>\n<meta name=\"twitter:label1\" content=\"Kirjoittanut\" \/>\n\t<meta name=\"twitter:data1\" content=\"Jutta Posti\" \/>\n\t<meta name=\"twitter:label2\" content=\"Arvioitu lukuaika\" \/>\n\t<meta name=\"twitter:data2\" content=\"4 minuuttia\" \/>\n<script type=\"application\/ld+json\" class=\"yoast-schema-graph\">{\"@context\":\"https:\/\/schema.org\",\"@graph\":[{\"@type\":\"WebPage\",\"@id\":\"https:\/\/www.kieliluotsi.fi\/lokikirja\/kieli-ihmisen-euroviisut\/\",\"url\":\"https:\/\/www.kieliluotsi.fi\/lokikirja\/kieli-ihmisen-euroviisut\/\",\"name\":\"Kieli-ihmisen Euroviisut \u2013 Kieliluotsin lokikirja\",\"isPartOf\":{\"@id\":\"https:\/\/www.kieliluotsi.fi\/lokikirja\/#website\"},\"datePublished\":\"2014-05-03T11:12:52+00:00\",\"dateModified\":\"2020-04-25T18:11:37+00:00\",\"author\":{\"@id\":\"https:\/\/www.kieliluotsi.fi\/lokikirja\/#\/schema\/person\/be983f8146cb3edad975db1e1f487dc3\"},\"description\":\"Euroviisut pidet\u00e4\u00e4n Tanskassa 6.\u201310.5.2014. My\u00f6s kieli on t\u00e4rke\u00e4 osa kilpailua. Millainen Euroviisujen kielipolitiikka on ja miten suomi n\u00e4kyy kilpailussa?\",\"breadcrumb\":{\"@id\":\"https:\/\/www.kieliluotsi.fi\/lokikirja\/kieli-ihmisen-euroviisut\/#breadcrumb\"},\"inLanguage\":\"fi\",\"potentialAction\":[{\"@type\":\"ReadAction\",\"target\":[\"https:\/\/www.kieliluotsi.fi\/lokikirja\/kieli-ihmisen-euroviisut\/\"]}]},{\"@type\":\"BreadcrumbList\",\"@id\":\"https:\/\/www.kieliluotsi.fi\/lokikirja\/kieli-ihmisen-euroviisut\/#breadcrumb\",\"itemListElement\":[{\"@type\":\"ListItem\",\"position\":1,\"name\":\"Etusivu\",\"item\":\"https:\/\/www.kieliluotsi.fi\/lokikirja\/\"},{\"@type\":\"ListItem\",\"position\":2,\"name\":\"Kieli-ihmisen Euroviisut\"}]},{\"@type\":\"WebSite\",\"@id\":\"https:\/\/www.kieliluotsi.fi\/lokikirja\/#website\",\"url\":\"https:\/\/www.kieliluotsi.fi\/lokikirja\/\",\"name\":\"Kieliluotsin lokikirja\",\"description\":\"havaintoja kielest\u00e4 ja sen ilmi\u00f6ist\u00e4\",\"potentialAction\":[{\"@type\":\"SearchAction\",\"target\":{\"@type\":\"EntryPoint\",\"urlTemplate\":\"https:\/\/www.kieliluotsi.fi\/lokikirja\/?s={search_term_string}\"},\"query-input\":\"required name=search_term_string\"}],\"inLanguage\":\"fi\"},{\"@type\":\"Person\",\"@id\":\"https:\/\/www.kieliluotsi.fi\/lokikirja\/#\/schema\/person\/be983f8146cb3edad975db1e1f487dc3\",\"name\":\"Jutta Posti\",\"image\":{\"@type\":\"ImageObject\",\"inLanguage\":\"fi\",\"@id\":\"https:\/\/www.kieliluotsi.fi\/lokikirja\/#\/schema\/person\/image\/\",\"url\":\"https:\/\/www.kieliluotsi.fi\/lokikirja\/media\/2017\/11\/Jutta-Posti_avatar_1511473595-96x96.jpg\",\"contentUrl\":\"https:\/\/www.kieliluotsi.fi\/lokikirja\/media\/2017\/11\/Jutta-Posti_avatar_1511473595-96x96.jpg\",\"caption\":\"Jutta Posti\"},\"description\":\"Jutta Posti (FM) on haminalainen humanisti ja kielifriikki. H\u00e4n on kielipalveluja tarjoavan Kieliluotsin perustaja ja kieliasiantuntija.\",\"sameAs\":[\"https:\/\/www.kieliluotsi.fi\"],\"url\":\"https:\/\/www.kieliluotsi.fi\/lokikirja\/author\/jutta_jarvansalo\/\"}]}<\/script>\n<!-- \/ Yoast SEO plugin. -->","yoast_head_json":{"title":"Kieli-ihmisen Euroviisut \u2013 Kieliluotsin lokikirja","description":"Euroviisut pidet\u00e4\u00e4n Tanskassa 6.\u201310.5.2014. My\u00f6s kieli on t\u00e4rke\u00e4 osa kilpailua. Millainen Euroviisujen kielipolitiikka on ja miten suomi n\u00e4kyy kilpailussa?","robots":{"index":"index","follow":"follow","max-snippet":"max-snippet:-1","max-image-preview":"max-image-preview:large","max-video-preview":"max-video-preview:-1"},"canonical":"https:\/\/www.kieliluotsi.fi\/lokikirja\/kieli-ihmisen-euroviisut\/","og_locale":"fi_FI","og_type":"article","og_title":"Kieli-ihmisen Euroviisut \u2013 Kieliluotsin lokikirja","og_description":"Euroviisut pidet\u00e4\u00e4n Tanskassa 6.\u201310.5.2014. My\u00f6s kieli on t\u00e4rke\u00e4 osa kilpailua. Millainen Euroviisujen kielipolitiikka on ja miten suomi n\u00e4kyy kilpailussa?","og_url":"https:\/\/www.kieliluotsi.fi\/lokikirja\/kieli-ihmisen-euroviisut\/","og_site_name":"Kieliluotsin lokikirja","article_published_time":"2014-05-03T11:12:52+00:00","article_modified_time":"2020-04-25T18:11:37+00:00","og_image":[{"width":500,"height":280,"url":"https:\/\/www.kieliluotsi.fi\/lokikirja\/media\/2014\/05\/Euroviisut_2014.jpg","type":"image\/jpeg"}],"author":"Jutta Posti","twitter_misc":{"Kirjoittanut":"Jutta Posti","Arvioitu lukuaika":"4 minuuttia"},"schema":{"@context":"https:\/\/schema.org","@graph":[{"@type":"WebPage","@id":"https:\/\/www.kieliluotsi.fi\/lokikirja\/kieli-ihmisen-euroviisut\/","url":"https:\/\/www.kieliluotsi.fi\/lokikirja\/kieli-ihmisen-euroviisut\/","name":"Kieli-ihmisen Euroviisut \u2013 Kieliluotsin lokikirja","isPartOf":{"@id":"https:\/\/www.kieliluotsi.fi\/lokikirja\/#website"},"datePublished":"2014-05-03T11:12:52+00:00","dateModified":"2020-04-25T18:11:37+00:00","author":{"@id":"https:\/\/www.kieliluotsi.fi\/lokikirja\/#\/schema\/person\/be983f8146cb3edad975db1e1f487dc3"},"description":"Euroviisut pidet\u00e4\u00e4n Tanskassa 6.\u201310.5.2014. My\u00f6s kieli on t\u00e4rke\u00e4 osa kilpailua. Millainen Euroviisujen kielipolitiikka on ja miten suomi n\u00e4kyy kilpailussa?","breadcrumb":{"@id":"https:\/\/www.kieliluotsi.fi\/lokikirja\/kieli-ihmisen-euroviisut\/#breadcrumb"},"inLanguage":"fi","potentialAction":[{"@type":"ReadAction","target":["https:\/\/www.kieliluotsi.fi\/lokikirja\/kieli-ihmisen-euroviisut\/"]}]},{"@type":"BreadcrumbList","@id":"https:\/\/www.kieliluotsi.fi\/lokikirja\/kieli-ihmisen-euroviisut\/#breadcrumb","itemListElement":[{"@type":"ListItem","position":1,"name":"Etusivu","item":"https:\/\/www.kieliluotsi.fi\/lokikirja\/"},{"@type":"ListItem","position":2,"name":"Kieli-ihmisen Euroviisut"}]},{"@type":"WebSite","@id":"https:\/\/www.kieliluotsi.fi\/lokikirja\/#website","url":"https:\/\/www.kieliluotsi.fi\/lokikirja\/","name":"Kieliluotsin lokikirja","description":"havaintoja kielest\u00e4 ja sen ilmi\u00f6ist\u00e4","potentialAction":[{"@type":"SearchAction","target":{"@type":"EntryPoint","urlTemplate":"https:\/\/www.kieliluotsi.fi\/lokikirja\/?s={search_term_string}"},"query-input":"required name=search_term_string"}],"inLanguage":"fi"},{"@type":"Person","@id":"https:\/\/www.kieliluotsi.fi\/lokikirja\/#\/schema\/person\/be983f8146cb3edad975db1e1f487dc3","name":"Jutta Posti","image":{"@type":"ImageObject","inLanguage":"fi","@id":"https:\/\/www.kieliluotsi.fi\/lokikirja\/#\/schema\/person\/image\/","url":"https:\/\/www.kieliluotsi.fi\/lokikirja\/media\/2017\/11\/Jutta-Posti_avatar_1511473595-96x96.jpg","contentUrl":"https:\/\/www.kieliluotsi.fi\/lokikirja\/media\/2017\/11\/Jutta-Posti_avatar_1511473595-96x96.jpg","caption":"Jutta Posti"},"description":"Jutta Posti (FM) on haminalainen humanisti ja kielifriikki. H\u00e4n on kielipalveluja tarjoavan Kieliluotsin perustaja ja kieliasiantuntija.","sameAs":["https:\/\/www.kieliluotsi.fi"],"url":"https:\/\/www.kieliluotsi.fi\/lokikirja\/author\/jutta_jarvansalo\/"}]}},"_links":{"self":[{"href":"https:\/\/www.kieliluotsi.fi\/lokikirja\/wp-json\/wp\/v2\/posts\/163"}],"collection":[{"href":"https:\/\/www.kieliluotsi.fi\/lokikirja\/wp-json\/wp\/v2\/posts"}],"about":[{"href":"https:\/\/www.kieliluotsi.fi\/lokikirja\/wp-json\/wp\/v2\/types\/post"}],"author":[{"embeddable":true,"href":"https:\/\/www.kieliluotsi.fi\/lokikirja\/wp-json\/wp\/v2\/users\/3"}],"replies":[{"embeddable":true,"href":"https:\/\/www.kieliluotsi.fi\/lokikirja\/wp-json\/wp\/v2\/comments?post=163"}],"version-history":[{"count":8,"href":"https:\/\/www.kieliluotsi.fi\/lokikirja\/wp-json\/wp\/v2\/posts\/163\/revisions"}],"predecessor-version":[{"id":1354,"href":"https:\/\/www.kieliluotsi.fi\/lokikirja\/wp-json\/wp\/v2\/posts\/163\/revisions\/1354"}],"wp:featuredmedia":[{"embeddable":true,"href":"https:\/\/www.kieliluotsi.fi\/lokikirja\/wp-json\/wp\/v2\/media\/164"}],"wp:attachment":[{"href":"https:\/\/www.kieliluotsi.fi\/lokikirja\/wp-json\/wp\/v2\/media?parent=163"}],"wp:term":[{"taxonomy":"category","embeddable":true,"href":"https:\/\/www.kieliluotsi.fi\/lokikirja\/wp-json\/wp\/v2\/categories?post=163"},{"taxonomy":"post_tag","embeddable":true,"href":"https:\/\/www.kieliluotsi.fi\/lokikirja\/wp-json\/wp\/v2\/tags?post=163"}],"curies":[{"name":"wp","href":"https:\/\/api.w.org\/{rel}","templated":true}]}}