{"id":1679,"date":"2026-01-20T20:32:35","date_gmt":"2026-01-20T18:32:35","guid":{"rendered":"https:\/\/www.kieliluotsi.fi\/lokikirja\/?p=1679"},"modified":"2026-01-20T20:32:52","modified_gmt":"2026-01-20T18:32:52","slug":"tammikuun-2026-kielivinkki","status":"publish","type":"post","link":"https:\/\/www.kieliluotsi.fi\/lokikirja\/tammikuun-2026-kielivinkki\/","title":{"rendered":"Tammikuun 2026 kielivinkki"},"content":{"rendered":"\n<p>Vaatteita on myyt\u00e4v\u00e4n\u00e4 kaikenlaisia: monenv\u00e4risi\u00e4 ja monenkokoisia. Toisin sanoen niit\u00e4 myyd\u00e4\u00e4n monissa v\u00e4reiss\u00e4 ja monissa\u2026 hmmm\u2026 miten ihmeess\u00e4 se koko-substantiivi taas taipuikaan?<\/p>\n\n\n\n<!--more-->\n\n\n\n<p>Oikea vastaus: ko\u2019oissa. Vaatteita on siis myyt\u00e4v\u00e4n\u00e4 monissa v\u00e4reiss\u00e4 ja monissa ko\u2019oissa.<\/p>\n\n\n\n<p>Mutta miksi ihmeess\u00e4 t\u00e4ysin suomenkieliseen sanaan tulee yht\u00e4kki\u00e4 heittomerkki keskelle? Onko se jokin poikkeus?<\/p>\n\n\n\n<p>Ei edes ole. Suomen kieless\u00e4 heittomerkill\u00e4 erotetaan kaksi samaa, per\u00e4kk\u00e4in olevaa vokaalia, jotka kuuluvat eri tavuihin (t\u00e4ss\u00e4 tapauksessa siis o:t), ja koko-sana noudattaa tuota s\u00e4\u00e4nt\u00f6\u00e4. Keskimm\u00e4inen k nimitt\u00e4in h\u00e4vi\u00e4\u00e4 taivutettaessa astevaihtelun takia.<\/p>\n\n\n\n<p>Mutta jos ko\u2019oissa-muoto tuntuu oudolta ja vaikealta muistaa, ei h\u00e4t\u00e4\u00e4. Saman asian ilmaisemiseen voi yleens\u00e4 k\u00e4ytt\u00e4\u00e4 kokoinen-loppuista sanaa, joka on korvalle tutumpi. Kielipulmia voi olla monenkokoisia, ja kannattaakin aina valita ko\u2019oista se kaikkein pienin!<\/p>\n","protected":false},"excerpt":{"rendered":"<p>Vaatteita on myyt\u00e4v\u00e4n\u00e4 kaikenlaisia: monenv\u00e4risi\u00e4 ja monenkokoisia. Toisin sanoen niit\u00e4 myyd\u00e4\u00e4n monissa v\u00e4reiss\u00e4 ja monissa\u2026 hmmm\u2026 miten ihmeess\u00e4 se koko-substantiivi taas taipuikaan?<\/p>\n","protected":false},"author":3,"featured_media":1297,"comment_status":"open","ping_status":"open","sticky":false,"template":"","format":"standard","meta":[],"categories":[255],"tags":[262,256,162,268,142],"yoast_head":"<!-- This site is optimized with the Yoast SEO plugin v20.13 - https:\/\/yoast.com\/wordpress\/plugins\/seo\/ -->\n<title>Tammikuun 2026 kielivinkki \u2013 Kieliluotsin lokikirja<\/title>\n<meta name=\"description\" content=\"Vaatteita on myyt\u00e4v\u00e4n\u00e4 monenv\u00e4risi\u00e4 ja monenkokoisia, eli niit\u00e4 myyd\u00e4\u00e4n monissa v\u00e4reiss\u00e4 ja monissa\u2026 hmmm\u2026 miten se &quot;koko&quot; taas taipuikaan?\" \/>\n<meta name=\"robots\" content=\"index, follow, max-snippet:-1, max-image-preview:large, max-video-preview:-1\" \/>\n<link rel=\"canonical\" href=\"https:\/\/www.kieliluotsi.fi\/lokikirja\/tammikuun-2026-kielivinkki\/\" \/>\n<meta property=\"og:locale\" content=\"fi_FI\" \/>\n<meta property=\"og:type\" content=\"article\" \/>\n<meta property=\"og:title\" content=\"Tammikuun 2026 kielivinkki \u2013 Kieliluotsin lokikirja\" \/>\n<meta property=\"og:description\" content=\"Vaatteita on myyt\u00e4v\u00e4n\u00e4 monenv\u00e4risi\u00e4 ja monenkokoisia, eli niit\u00e4 myyd\u00e4\u00e4n monissa v\u00e4reiss\u00e4 ja monissa\u2026 hmmm\u2026 miten se &quot;koko&quot; taas taipuikaan?\" \/>\n<meta property=\"og:url\" content=\"https:\/\/www.kieliluotsi.fi\/lokikirja\/tammikuun-2026-kielivinkki\/\" \/>\n<meta property=\"og:site_name\" content=\"Kieliluotsin lokikirja\" \/>\n<meta property=\"article:published_time\" content=\"2026-01-20T18:32:35+00:00\" \/>\n<meta property=\"article:modified_time\" content=\"2026-01-20T18:32:52+00:00\" \/>\n<meta property=\"og:image\" content=\"https:\/\/www.kieliluotsi.fi\/lokikirja\/media\/2020\/04\/kuukauden-kielivinkki-artikkelikuva.jpg\" \/>\n\t<meta property=\"og:image:width\" content=\"1001\" \/>\n\t<meta property=\"og:image:height\" content=\"1000\" \/>\n\t<meta property=\"og:image:type\" content=\"image\/jpeg\" \/>\n<meta name=\"author\" content=\"Jutta Posti\" \/>\n<meta name=\"twitter:label1\" content=\"Kirjoittanut\" \/>\n\t<meta name=\"twitter:data1\" content=\"Jutta Posti\" \/>\n\t<meta name=\"twitter:label2\" content=\"Arvioitu lukuaika\" \/>\n\t<meta name=\"twitter:data2\" content=\"1 minuutti\" \/>\n<script type=\"application\/ld+json\" class=\"yoast-schema-graph\">{\"@context\":\"https:\/\/schema.org\",\"@graph\":[{\"@type\":\"WebPage\",\"@id\":\"https:\/\/www.kieliluotsi.fi\/lokikirja\/tammikuun-2026-kielivinkki\/\",\"url\":\"https:\/\/www.kieliluotsi.fi\/lokikirja\/tammikuun-2026-kielivinkki\/\",\"name\":\"Tammikuun 2026 kielivinkki \u2013 Kieliluotsin lokikirja\",\"isPartOf\":{\"@id\":\"https:\/\/www.kieliluotsi.fi\/lokikirja\/#website\"},\"datePublished\":\"2026-01-20T18:32:35+00:00\",\"dateModified\":\"2026-01-20T18:32:52+00:00\",\"author\":{\"@id\":\"https:\/\/www.kieliluotsi.fi\/lokikirja\/#\/schema\/person\/be983f8146cb3edad975db1e1f487dc3\"},\"description\":\"Vaatteita on myyt\u00e4v\u00e4n\u00e4 monenv\u00e4risi\u00e4 ja monenkokoisia, eli niit\u00e4 myyd\u00e4\u00e4n monissa v\u00e4reiss\u00e4 ja monissa\u2026 hmmm\u2026 miten se \\\"koko\\\" taas taipuikaan?\",\"breadcrumb\":{\"@id\":\"https:\/\/www.kieliluotsi.fi\/lokikirja\/tammikuun-2026-kielivinkki\/#breadcrumb\"},\"inLanguage\":\"fi\",\"potentialAction\":[{\"@type\":\"ReadAction\",\"target\":[\"https:\/\/www.kieliluotsi.fi\/lokikirja\/tammikuun-2026-kielivinkki\/\"]}]},{\"@type\":\"BreadcrumbList\",\"@id\":\"https:\/\/www.kieliluotsi.fi\/lokikirja\/tammikuun-2026-kielivinkki\/#breadcrumb\",\"itemListElement\":[{\"@type\":\"ListItem\",\"position\":1,\"name\":\"Etusivu\",\"item\":\"https:\/\/www.kieliluotsi.fi\/lokikirja\/\"},{\"@type\":\"ListItem\",\"position\":2,\"name\":\"Tammikuun 2026 kielivinkki\"}]},{\"@type\":\"WebSite\",\"@id\":\"https:\/\/www.kieliluotsi.fi\/lokikirja\/#website\",\"url\":\"https:\/\/www.kieliluotsi.fi\/lokikirja\/\",\"name\":\"Kieliluotsin lokikirja\",\"description\":\"havaintoja kielest\u00e4 ja sen ilmi\u00f6ist\u00e4\",\"potentialAction\":[{\"@type\":\"SearchAction\",\"target\":{\"@type\":\"EntryPoint\",\"urlTemplate\":\"https:\/\/www.kieliluotsi.fi\/lokikirja\/?s={search_term_string}\"},\"query-input\":\"required name=search_term_string\"}],\"inLanguage\":\"fi\"},{\"@type\":\"Person\",\"@id\":\"https:\/\/www.kieliluotsi.fi\/lokikirja\/#\/schema\/person\/be983f8146cb3edad975db1e1f487dc3\",\"name\":\"Jutta Posti\",\"image\":{\"@type\":\"ImageObject\",\"inLanguage\":\"fi\",\"@id\":\"https:\/\/www.kieliluotsi.fi\/lokikirja\/#\/schema\/person\/image\/\",\"url\":\"https:\/\/www.kieliluotsi.fi\/lokikirja\/media\/2017\/11\/Jutta-Posti_avatar_1511473595-96x96.jpg\",\"contentUrl\":\"https:\/\/www.kieliluotsi.fi\/lokikirja\/media\/2017\/11\/Jutta-Posti_avatar_1511473595-96x96.jpg\",\"caption\":\"Jutta Posti\"},\"description\":\"Jutta Posti (FM) on haminalainen humanisti ja kielifriikki. H\u00e4n on kielipalveluja tarjoavan Kieliluotsin perustaja ja kieliasiantuntija.\",\"sameAs\":[\"https:\/\/www.kieliluotsi.fi\"],\"url\":\"https:\/\/www.kieliluotsi.fi\/lokikirja\/author\/jutta_jarvansalo\/\"}]}<\/script>\n<!-- \/ Yoast SEO plugin. -->","yoast_head_json":{"title":"Tammikuun 2026 kielivinkki \u2013 Kieliluotsin lokikirja","description":"Vaatteita on myyt\u00e4v\u00e4n\u00e4 monenv\u00e4risi\u00e4 ja monenkokoisia, eli niit\u00e4 myyd\u00e4\u00e4n monissa v\u00e4reiss\u00e4 ja monissa\u2026 hmmm\u2026 miten se \"koko\" taas taipuikaan?","robots":{"index":"index","follow":"follow","max-snippet":"max-snippet:-1","max-image-preview":"max-image-preview:large","max-video-preview":"max-video-preview:-1"},"canonical":"https:\/\/www.kieliluotsi.fi\/lokikirja\/tammikuun-2026-kielivinkki\/","og_locale":"fi_FI","og_type":"article","og_title":"Tammikuun 2026 kielivinkki \u2013 Kieliluotsin lokikirja","og_description":"Vaatteita on myyt\u00e4v\u00e4n\u00e4 monenv\u00e4risi\u00e4 ja monenkokoisia, eli niit\u00e4 myyd\u00e4\u00e4n monissa v\u00e4reiss\u00e4 ja monissa\u2026 hmmm\u2026 miten se \"koko\" taas taipuikaan?","og_url":"https:\/\/www.kieliluotsi.fi\/lokikirja\/tammikuun-2026-kielivinkki\/","og_site_name":"Kieliluotsin lokikirja","article_published_time":"2026-01-20T18:32:35+00:00","article_modified_time":"2026-01-20T18:32:52+00:00","og_image":[{"width":1001,"height":1000,"url":"https:\/\/www.kieliluotsi.fi\/lokikirja\/media\/2020\/04\/kuukauden-kielivinkki-artikkelikuva.jpg","type":"image\/jpeg"}],"author":"Jutta Posti","twitter_misc":{"Kirjoittanut":"Jutta Posti","Arvioitu lukuaika":"1 minuutti"},"schema":{"@context":"https:\/\/schema.org","@graph":[{"@type":"WebPage","@id":"https:\/\/www.kieliluotsi.fi\/lokikirja\/tammikuun-2026-kielivinkki\/","url":"https:\/\/www.kieliluotsi.fi\/lokikirja\/tammikuun-2026-kielivinkki\/","name":"Tammikuun 2026 kielivinkki \u2013 Kieliluotsin lokikirja","isPartOf":{"@id":"https:\/\/www.kieliluotsi.fi\/lokikirja\/#website"},"datePublished":"2026-01-20T18:32:35+00:00","dateModified":"2026-01-20T18:32:52+00:00","author":{"@id":"https:\/\/www.kieliluotsi.fi\/lokikirja\/#\/schema\/person\/be983f8146cb3edad975db1e1f487dc3"},"description":"Vaatteita on myyt\u00e4v\u00e4n\u00e4 monenv\u00e4risi\u00e4 ja monenkokoisia, eli niit\u00e4 myyd\u00e4\u00e4n monissa v\u00e4reiss\u00e4 ja monissa\u2026 hmmm\u2026 miten se \"koko\" taas taipuikaan?","breadcrumb":{"@id":"https:\/\/www.kieliluotsi.fi\/lokikirja\/tammikuun-2026-kielivinkki\/#breadcrumb"},"inLanguage":"fi","potentialAction":[{"@type":"ReadAction","target":["https:\/\/www.kieliluotsi.fi\/lokikirja\/tammikuun-2026-kielivinkki\/"]}]},{"@type":"BreadcrumbList","@id":"https:\/\/www.kieliluotsi.fi\/lokikirja\/tammikuun-2026-kielivinkki\/#breadcrumb","itemListElement":[{"@type":"ListItem","position":1,"name":"Etusivu","item":"https:\/\/www.kieliluotsi.fi\/lokikirja\/"},{"@type":"ListItem","position":2,"name":"Tammikuun 2026 kielivinkki"}]},{"@type":"WebSite","@id":"https:\/\/www.kieliluotsi.fi\/lokikirja\/#website","url":"https:\/\/www.kieliluotsi.fi\/lokikirja\/","name":"Kieliluotsin lokikirja","description":"havaintoja kielest\u00e4 ja sen ilmi\u00f6ist\u00e4","potentialAction":[{"@type":"SearchAction","target":{"@type":"EntryPoint","urlTemplate":"https:\/\/www.kieliluotsi.fi\/lokikirja\/?s={search_term_string}"},"query-input":"required name=search_term_string"}],"inLanguage":"fi"},{"@type":"Person","@id":"https:\/\/www.kieliluotsi.fi\/lokikirja\/#\/schema\/person\/be983f8146cb3edad975db1e1f487dc3","name":"Jutta Posti","image":{"@type":"ImageObject","inLanguage":"fi","@id":"https:\/\/www.kieliluotsi.fi\/lokikirja\/#\/schema\/person\/image\/","url":"https:\/\/www.kieliluotsi.fi\/lokikirja\/media\/2017\/11\/Jutta-Posti_avatar_1511473595-96x96.jpg","contentUrl":"https:\/\/www.kieliluotsi.fi\/lokikirja\/media\/2017\/11\/Jutta-Posti_avatar_1511473595-96x96.jpg","caption":"Jutta Posti"},"description":"Jutta Posti (FM) on haminalainen humanisti ja kielifriikki. H\u00e4n on kielipalveluja tarjoavan Kieliluotsin perustaja ja kieliasiantuntija.","sameAs":["https:\/\/www.kieliluotsi.fi"],"url":"https:\/\/www.kieliluotsi.fi\/lokikirja\/author\/jutta_jarvansalo\/"}]}},"_links":{"self":[{"href":"https:\/\/www.kieliluotsi.fi\/lokikirja\/wp-json\/wp\/v2\/posts\/1679"}],"collection":[{"href":"https:\/\/www.kieliluotsi.fi\/lokikirja\/wp-json\/wp\/v2\/posts"}],"about":[{"href":"https:\/\/www.kieliluotsi.fi\/lokikirja\/wp-json\/wp\/v2\/types\/post"}],"author":[{"embeddable":true,"href":"https:\/\/www.kieliluotsi.fi\/lokikirja\/wp-json\/wp\/v2\/users\/3"}],"replies":[{"embeddable":true,"href":"https:\/\/www.kieliluotsi.fi\/lokikirja\/wp-json\/wp\/v2\/comments?post=1679"}],"version-history":[{"count":2,"href":"https:\/\/www.kieliluotsi.fi\/lokikirja\/wp-json\/wp\/v2\/posts\/1679\/revisions"}],"predecessor-version":[{"id":1681,"href":"https:\/\/www.kieliluotsi.fi\/lokikirja\/wp-json\/wp\/v2\/posts\/1679\/revisions\/1681"}],"wp:featuredmedia":[{"embeddable":true,"href":"https:\/\/www.kieliluotsi.fi\/lokikirja\/wp-json\/wp\/v2\/media\/1297"}],"wp:attachment":[{"href":"https:\/\/www.kieliluotsi.fi\/lokikirja\/wp-json\/wp\/v2\/media?parent=1679"}],"wp:term":[{"taxonomy":"category","embeddable":true,"href":"https:\/\/www.kieliluotsi.fi\/lokikirja\/wp-json\/wp\/v2\/categories?post=1679"},{"taxonomy":"post_tag","embeddable":true,"href":"https:\/\/www.kieliluotsi.fi\/lokikirja\/wp-json\/wp\/v2\/tags?post=1679"}],"curies":[{"name":"wp","href":"https:\/\/api.w.org\/{rel}","templated":true}]}}