{"id":244,"date":"2014-08-23T17:23:59","date_gmt":"2014-08-23T14:23:59","guid":{"rendered":"https:\/\/www.kieliluotsi.fi\/lokikirja\/?p=244"},"modified":"2018-03-05T13:31:26","modified_gmt":"2018-03-05T11:31:26","slug":"puhetyyli-vaihtelee-tilanteen-mukaan","status":"publish","type":"post","link":"https:\/\/www.kieliluotsi.fi\/lokikirja\/puhetyyli-vaihtelee-tilanteen-mukaan\/","title":{"rendered":"Puhetyyli vaihtelee tilanteen mukaan"},"content":{"rendered":"<p>Oletko koskaan pannut merkille, ett\u00e4 ihmiset puhuvat eri tyylill\u00e4 erilaisissa tilanteissa ja erilaisten ihmisten kanssa? Se voi olla joko tiedostettu valinta tai sitten t\u00e4ysin tiedostamatonta. On my\u00f6s mahdollista, ett\u00e4 saman ihmisen erilainen puhetyyli on joissakin tilanteissa tiedostamatonta mutta toisissa taas tiedostettua.<\/p>\n<p><!--more--><\/p>\n<p>Ilmi\u00f6 on hyvin kiinnostava. Niinp\u00e4 kannattaakin alkaa tarkkailla my\u00f6s omaa puhetapaansa eri tilanteissa, etenkin jos luulee, ett\u00e4 oma puhumistyyli pysyy koko ajan samana tilanteesta riippumatta!<\/p>\n<h2>Keskustelukumppanit vaikuttavat puhetapaan<\/h2>\n<p>Itse olen saanut kuulla, ett\u00e4 puhetapani muuttuu niiden ihmisten mukaiseksi, joiden kanssa kulloinkin puhun. Lapsuudestani tuttu Lahen murre on huipussaan jutellessani siskoni kanssa. Kymenlaaksolainen puhetapa taas nostaa p\u00e4\u00e4t\u00e4\u00e4n oleskellessani mieheni ja h\u00e4nen sukulaistensa seurassa.<\/p>\n<p>Minulla ja veljell\u00e4ni puolestaan on aivan omanlainen, erikoinen puhetyyli, jota k\u00e4yt\u00e4mme vain kesken\u00e4mme. Ja kaikki t\u00e4m\u00e4 tapahtuu tiedostamatta! En koskaan itse huomaa, miss\u00e4 vaiheessa t\u00e4m\u00e4 siirtym\u00e4 murteesta toiseen tapahtuu. En edes tied\u00e4, tapahtuuko se pikkuhiljaa juttelun edetess\u00e4 vai kertarys\u00e4yksell\u00e4 heti keskustelutilanteen alkaessa. Pit\u00e4isi varmaan hankkia ulkopuolinen tarkkailija ottamaan siit\u00e4 selv\u00e4\u00e4\u2026<\/p>\n<h2>Rooli m\u00e4\u00e4r\u00e4\u00e4 puhetyylin<\/h2>\n<p>Ihmisen puhetapa vaihtelee my\u00f6s h\u00e4nen kulloisenkin roolinsa mukaan. Silloin puhetyylin vaihto on usein tietoista. Esimerkiksi Alexander Stubb on my\u00f6nt\u00e4nyt opetelleensa p\u00e4\u00e4ministerin roolia varten hidastamaan suomenkielist\u00e4 puhettaan ja j\u00e4tt\u00e4m\u00e4\u00e4n puhekielisyytt\u00e4 v\u00e4hemm\u00e4lle. Se on hyvin tyypillist\u00e4: monilla on erilainen puhetyyli t\u00f6iss\u00e4 kuin kotona.<\/p>\n<p>Yl\u00e4koulun opettajana toimiessani minulla j\u00e4i joskus vahingossa ty\u00f6rooli p\u00e4\u00e4lle viikonlopuksi, ja silloin olin kotonakin sek\u00e4 m\u00e4\u00e4r\u00e4ilev\u00e4 ett\u00e4 kova\u00e4\u00e4ninen. Asiakaspalveluty\u00f6ss\u00e4 toimiessani taas olen paljon yst\u00e4v\u00e4llisempi ja pehme\u00e4mpi ilmaisuissani kuin kotioloissa.<\/p>\n<p>Kun asiaa oikein pohtii, ei voi kuin ihmetell\u00e4, mist\u00e4 se johtuu. Miksi puhuttu kieli vaihtelee niin paljon samallakin ihmisell\u00e4 ja usein aivan tiedostamatta? Jos pyrkii ihanteelliseen puhetapaan ty\u00f6roolissaan, esimerkiksi asiakaspalvelussa, miksi sitten kotona antaa puhetyylins\u00e4 muuttua huonompaan suuntaan?<\/p>\n<h2>Puhetyylin vaihtelu rikastuttaa ja tasapainottaa kielt\u00e4<\/h2>\n<p>Oli syy puhetyylin vaihteluun sitten mik\u00e4 tahansa, se on kielt\u00e4 rikastuttava piirre. Jos kaikki ihmiset puhuisivat aina samalla, ihanteelliseksi todetulla tyylill\u00e4 kaikenlaisissa tilanteissa kaikenlaisten ihmisten kanssa, keskustelutilanteet olisivat helposti tylsi\u00e4 ja monotonisia.<\/p>\n<p>Toisaalta puhetilanteissa voisi my\u00f6s synty\u00e4 yll\u00e4tyksi\u00e4, jos tuo yksi ja sama tyyli ei olisikaan kaikilla ihmisill\u00e4 se ihanteellisin: milt\u00e4 kuulostaisi esimerkiksi siviiliammatiltaan opettajana toimineen presidentin uudenvuodenpuhe opettajan rooliin kuuluvalla k\u00e4skev\u00e4ll\u00e4 ja kova\u00e4\u00e4nisell\u00e4 tyylill\u00e4? Puhetavan vaihtelulla on siis my\u00f6s kielt\u00e4 tasapainottava rooli, jota ei ehk\u00e4 heti tule ajatelleeksi.<\/p>\n<h2>Puhetyylin vaihtelulla voi leikki\u00e4<\/h2>\n<p>Puhetyylin erilaisuus eri tilanteissa ja eri ihmisten kanssa on tosiaan luonnollista, eik\u00e4 sit\u00e4 v\u00e4ltt\u00e4m\u00e4tt\u00e4 ole edes tarvetta pyrki\u00e4 muuttamaan. Sill\u00e4 voi my\u00f6s leikki\u00e4, ja siit\u00e4 voi saada jopa hyv\u00e4t naurut! Kokeile joskus l\u00e4hipiiriss\u00e4si puhua tietoisesti eri tyylill\u00e4 kuin mill\u00e4 yleens\u00e4 puhut ja tarkkaile, miten h\u00e4mmentyneit\u00e4 reaktioita se voi aiheuttaa.<\/p>\n<p>Min\u00e4 esimerkiksi voisin seuraavaksi yritt\u00e4\u00e4 tietoisesti puhua siskolleni kymenlaaksolaista asiakaspalvelijaa sen tyypillisen Lahen murteen sijaan. Mahtavat h\u00e4nen silm\u00e4ns\u00e4 py\u00f6risty\u00e4!<\/p>\n<div id=\"attachment_245\" style=\"width: 610px\" class=\"wp-caption aligncenter\"><a href=\"https:\/\/www.kieliluotsi.fi\/lokikirja\/media\/2014\/08\/naamarit.png\"><img aria-describedby=\"caption-attachment-245\" decoding=\"async\" loading=\"lazy\" class=\"wp-image-245 size-full\" src=\"https:\/\/www.kieliluotsi.fi\/lokikirja\/media\/2014\/08\/naamarit.png\" alt=\"Rooli m\u00e4\u00e4r\u00e4\u00e4 puhetyylin\" width=\"600\" height=\"443\" srcset=\"https:\/\/www.kieliluotsi.fi\/lokikirja\/media\/2014\/08\/naamarit.png 600w, https:\/\/www.kieliluotsi.fi\/lokikirja\/media\/2014\/08\/naamarit-300x221.png 300w\" sizes=\"(max-width: 600px) 100vw, 600px\" \/><\/a><p id=\"caption-attachment-245\" class=\"wp-caption-text\">Rooli m\u00e4\u00e4r\u00e4\u00e4 puhetyylin.<\/p><\/div>\n","protected":false},"excerpt":{"rendered":"<p>Oletko koskaan pannut merkille, ett\u00e4 ihmiset puhuvat eri tyylill\u00e4 erilaisissa tilanteissa ja erilaisten ihmisten kanssa? Se voi olla joko tiedostettu valinta tai sitten t\u00e4ysin tiedostamatonta. On my\u00f6s mahdollista, ett\u00e4 saman ihmisen erilainen puhetyyli on joissakin tilanteissa tiedostamatonta mutta toisissa taas tiedostettua.<\/p>\n","protected":false},"author":3,"featured_media":245,"comment_status":"open","ping_status":"open","sticky":false,"template":"","format":"standard","meta":[],"categories":[1],"tags":[38,154,17,152,153],"yoast_head":"<!-- This site is optimized with the Yoast SEO plugin v20.13 - https:\/\/yoast.com\/wordpress\/plugins\/seo\/ -->\n<title>Puhetyyli vaihtelee tilanteen mukaan \u2013 Kieliluotsin lokikirja<\/title>\n<meta name=\"description\" content=\"Ihmiset puhuvat eri tyylill\u00e4 erilaisissa tilanteissa ja erilaisten ihmisten kanssa. Onko se tiedostettu valinta vai t\u00e4ysin tiedostamatonta?\" \/>\n<meta name=\"robots\" content=\"index, follow, max-snippet:-1, max-image-preview:large, max-video-preview:-1\" \/>\n<link rel=\"canonical\" href=\"https:\/\/www.kieliluotsi.fi\/lokikirja\/puhetyyli-vaihtelee-tilanteen-mukaan\/\" \/>\n<meta property=\"og:locale\" content=\"fi_FI\" \/>\n<meta property=\"og:type\" content=\"article\" \/>\n<meta property=\"og:title\" content=\"Puhetyyli vaihtelee tilanteen mukaan \u2013 Kieliluotsin lokikirja\" \/>\n<meta property=\"og:description\" content=\"Ihmiset puhuvat eri tyylill\u00e4 erilaisissa tilanteissa ja erilaisten ihmisten kanssa. Onko se tiedostettu valinta vai t\u00e4ysin tiedostamatonta?\" \/>\n<meta property=\"og:url\" content=\"https:\/\/www.kieliluotsi.fi\/lokikirja\/puhetyyli-vaihtelee-tilanteen-mukaan\/\" \/>\n<meta property=\"og:site_name\" content=\"Kieliluotsin lokikirja\" \/>\n<meta property=\"article:published_time\" content=\"2014-08-23T14:23:59+00:00\" \/>\n<meta property=\"article:modified_time\" content=\"2018-03-05T11:31:26+00:00\" \/>\n<meta property=\"og:image\" content=\"https:\/\/www.kieliluotsi.fi\/lokikirja\/media\/2014\/08\/naamarit.png\" \/>\n\t<meta property=\"og:image:width\" content=\"600\" \/>\n\t<meta property=\"og:image:height\" content=\"443\" \/>\n\t<meta property=\"og:image:type\" content=\"image\/png\" \/>\n<meta name=\"author\" content=\"Jutta Posti\" \/>\n<meta name=\"twitter:label1\" content=\"Kirjoittanut\" \/>\n\t<meta name=\"twitter:data1\" content=\"Jutta Posti\" \/>\n\t<meta name=\"twitter:label2\" content=\"Arvioitu lukuaika\" \/>\n\t<meta name=\"twitter:data2\" content=\"2 minuuttia\" \/>\n<script type=\"application\/ld+json\" class=\"yoast-schema-graph\">{\"@context\":\"https:\/\/schema.org\",\"@graph\":[{\"@type\":\"WebPage\",\"@id\":\"https:\/\/www.kieliluotsi.fi\/lokikirja\/puhetyyli-vaihtelee-tilanteen-mukaan\/\",\"url\":\"https:\/\/www.kieliluotsi.fi\/lokikirja\/puhetyyli-vaihtelee-tilanteen-mukaan\/\",\"name\":\"Puhetyyli vaihtelee tilanteen mukaan \u2013 Kieliluotsin lokikirja\",\"isPartOf\":{\"@id\":\"https:\/\/www.kieliluotsi.fi\/lokikirja\/#website\"},\"datePublished\":\"2014-08-23T14:23:59+00:00\",\"dateModified\":\"2018-03-05T11:31:26+00:00\",\"author\":{\"@id\":\"https:\/\/www.kieliluotsi.fi\/lokikirja\/#\/schema\/person\/be983f8146cb3edad975db1e1f487dc3\"},\"description\":\"Ihmiset puhuvat eri tyylill\u00e4 erilaisissa tilanteissa ja erilaisten ihmisten kanssa. Onko se tiedostettu valinta vai t\u00e4ysin tiedostamatonta?\",\"breadcrumb\":{\"@id\":\"https:\/\/www.kieliluotsi.fi\/lokikirja\/puhetyyli-vaihtelee-tilanteen-mukaan\/#breadcrumb\"},\"inLanguage\":\"fi\",\"potentialAction\":[{\"@type\":\"ReadAction\",\"target\":[\"https:\/\/www.kieliluotsi.fi\/lokikirja\/puhetyyli-vaihtelee-tilanteen-mukaan\/\"]}]},{\"@type\":\"BreadcrumbList\",\"@id\":\"https:\/\/www.kieliluotsi.fi\/lokikirja\/puhetyyli-vaihtelee-tilanteen-mukaan\/#breadcrumb\",\"itemListElement\":[{\"@type\":\"ListItem\",\"position\":1,\"name\":\"Etusivu\",\"item\":\"https:\/\/www.kieliluotsi.fi\/lokikirja\/\"},{\"@type\":\"ListItem\",\"position\":2,\"name\":\"Puhetyyli vaihtelee tilanteen mukaan\"}]},{\"@type\":\"WebSite\",\"@id\":\"https:\/\/www.kieliluotsi.fi\/lokikirja\/#website\",\"url\":\"https:\/\/www.kieliluotsi.fi\/lokikirja\/\",\"name\":\"Kieliluotsin lokikirja\",\"description\":\"havaintoja kielest\u00e4 ja sen ilmi\u00f6ist\u00e4\",\"potentialAction\":[{\"@type\":\"SearchAction\",\"target\":{\"@type\":\"EntryPoint\",\"urlTemplate\":\"https:\/\/www.kieliluotsi.fi\/lokikirja\/?s={search_term_string}\"},\"query-input\":\"required name=search_term_string\"}],\"inLanguage\":\"fi\"},{\"@type\":\"Person\",\"@id\":\"https:\/\/www.kieliluotsi.fi\/lokikirja\/#\/schema\/person\/be983f8146cb3edad975db1e1f487dc3\",\"name\":\"Jutta Posti\",\"image\":{\"@type\":\"ImageObject\",\"inLanguage\":\"fi\",\"@id\":\"https:\/\/www.kieliluotsi.fi\/lokikirja\/#\/schema\/person\/image\/\",\"url\":\"https:\/\/www.kieliluotsi.fi\/lokikirja\/media\/2017\/11\/Jutta-Posti_avatar_1511473595-96x96.jpg\",\"contentUrl\":\"https:\/\/www.kieliluotsi.fi\/lokikirja\/media\/2017\/11\/Jutta-Posti_avatar_1511473595-96x96.jpg\",\"caption\":\"Jutta Posti\"},\"description\":\"Jutta Posti (FM) on haminalainen humanisti ja kielifriikki. H\u00e4n on kielipalveluja tarjoavan Kieliluotsin perustaja ja kieliasiantuntija.\",\"sameAs\":[\"https:\/\/www.kieliluotsi.fi\"],\"url\":\"https:\/\/www.kieliluotsi.fi\/lokikirja\/author\/jutta_jarvansalo\/\"}]}<\/script>\n<!-- \/ Yoast SEO plugin. -->","yoast_head_json":{"title":"Puhetyyli vaihtelee tilanteen mukaan \u2013 Kieliluotsin lokikirja","description":"Ihmiset puhuvat eri tyylill\u00e4 erilaisissa tilanteissa ja erilaisten ihmisten kanssa. Onko se tiedostettu valinta vai t\u00e4ysin tiedostamatonta?","robots":{"index":"index","follow":"follow","max-snippet":"max-snippet:-1","max-image-preview":"max-image-preview:large","max-video-preview":"max-video-preview:-1"},"canonical":"https:\/\/www.kieliluotsi.fi\/lokikirja\/puhetyyli-vaihtelee-tilanteen-mukaan\/","og_locale":"fi_FI","og_type":"article","og_title":"Puhetyyli vaihtelee tilanteen mukaan \u2013 Kieliluotsin lokikirja","og_description":"Ihmiset puhuvat eri tyylill\u00e4 erilaisissa tilanteissa ja erilaisten ihmisten kanssa. Onko se tiedostettu valinta vai t\u00e4ysin tiedostamatonta?","og_url":"https:\/\/www.kieliluotsi.fi\/lokikirja\/puhetyyli-vaihtelee-tilanteen-mukaan\/","og_site_name":"Kieliluotsin lokikirja","article_published_time":"2014-08-23T14:23:59+00:00","article_modified_time":"2018-03-05T11:31:26+00:00","og_image":[{"width":600,"height":443,"url":"https:\/\/www.kieliluotsi.fi\/lokikirja\/media\/2014\/08\/naamarit.png","type":"image\/png"}],"author":"Jutta Posti","twitter_misc":{"Kirjoittanut":"Jutta Posti","Arvioitu lukuaika":"2 minuuttia"},"schema":{"@context":"https:\/\/schema.org","@graph":[{"@type":"WebPage","@id":"https:\/\/www.kieliluotsi.fi\/lokikirja\/puhetyyli-vaihtelee-tilanteen-mukaan\/","url":"https:\/\/www.kieliluotsi.fi\/lokikirja\/puhetyyli-vaihtelee-tilanteen-mukaan\/","name":"Puhetyyli vaihtelee tilanteen mukaan \u2013 Kieliluotsin lokikirja","isPartOf":{"@id":"https:\/\/www.kieliluotsi.fi\/lokikirja\/#website"},"datePublished":"2014-08-23T14:23:59+00:00","dateModified":"2018-03-05T11:31:26+00:00","author":{"@id":"https:\/\/www.kieliluotsi.fi\/lokikirja\/#\/schema\/person\/be983f8146cb3edad975db1e1f487dc3"},"description":"Ihmiset puhuvat eri tyylill\u00e4 erilaisissa tilanteissa ja erilaisten ihmisten kanssa. Onko se tiedostettu valinta vai t\u00e4ysin tiedostamatonta?","breadcrumb":{"@id":"https:\/\/www.kieliluotsi.fi\/lokikirja\/puhetyyli-vaihtelee-tilanteen-mukaan\/#breadcrumb"},"inLanguage":"fi","potentialAction":[{"@type":"ReadAction","target":["https:\/\/www.kieliluotsi.fi\/lokikirja\/puhetyyli-vaihtelee-tilanteen-mukaan\/"]}]},{"@type":"BreadcrumbList","@id":"https:\/\/www.kieliluotsi.fi\/lokikirja\/puhetyyli-vaihtelee-tilanteen-mukaan\/#breadcrumb","itemListElement":[{"@type":"ListItem","position":1,"name":"Etusivu","item":"https:\/\/www.kieliluotsi.fi\/lokikirja\/"},{"@type":"ListItem","position":2,"name":"Puhetyyli vaihtelee tilanteen mukaan"}]},{"@type":"WebSite","@id":"https:\/\/www.kieliluotsi.fi\/lokikirja\/#website","url":"https:\/\/www.kieliluotsi.fi\/lokikirja\/","name":"Kieliluotsin lokikirja","description":"havaintoja kielest\u00e4 ja sen ilmi\u00f6ist\u00e4","potentialAction":[{"@type":"SearchAction","target":{"@type":"EntryPoint","urlTemplate":"https:\/\/www.kieliluotsi.fi\/lokikirja\/?s={search_term_string}"},"query-input":"required name=search_term_string"}],"inLanguage":"fi"},{"@type":"Person","@id":"https:\/\/www.kieliluotsi.fi\/lokikirja\/#\/schema\/person\/be983f8146cb3edad975db1e1f487dc3","name":"Jutta Posti","image":{"@type":"ImageObject","inLanguage":"fi","@id":"https:\/\/www.kieliluotsi.fi\/lokikirja\/#\/schema\/person\/image\/","url":"https:\/\/www.kieliluotsi.fi\/lokikirja\/media\/2017\/11\/Jutta-Posti_avatar_1511473595-96x96.jpg","contentUrl":"https:\/\/www.kieliluotsi.fi\/lokikirja\/media\/2017\/11\/Jutta-Posti_avatar_1511473595-96x96.jpg","caption":"Jutta Posti"},"description":"Jutta Posti (FM) on haminalainen humanisti ja kielifriikki. H\u00e4n on kielipalveluja tarjoavan Kieliluotsin perustaja ja kieliasiantuntija.","sameAs":["https:\/\/www.kieliluotsi.fi"],"url":"https:\/\/www.kieliluotsi.fi\/lokikirja\/author\/jutta_jarvansalo\/"}]}},"_links":{"self":[{"href":"https:\/\/www.kieliluotsi.fi\/lokikirja\/wp-json\/wp\/v2\/posts\/244"}],"collection":[{"href":"https:\/\/www.kieliluotsi.fi\/lokikirja\/wp-json\/wp\/v2\/posts"}],"about":[{"href":"https:\/\/www.kieliluotsi.fi\/lokikirja\/wp-json\/wp\/v2\/types\/post"}],"author":[{"embeddable":true,"href":"https:\/\/www.kieliluotsi.fi\/lokikirja\/wp-json\/wp\/v2\/users\/3"}],"replies":[{"embeddable":true,"href":"https:\/\/www.kieliluotsi.fi\/lokikirja\/wp-json\/wp\/v2\/comments?post=244"}],"version-history":[{"count":6,"href":"https:\/\/www.kieliluotsi.fi\/lokikirja\/wp-json\/wp\/v2\/posts\/244\/revisions"}],"predecessor-version":[{"id":1058,"href":"https:\/\/www.kieliluotsi.fi\/lokikirja\/wp-json\/wp\/v2\/posts\/244\/revisions\/1058"}],"wp:featuredmedia":[{"embeddable":true,"href":"https:\/\/www.kieliluotsi.fi\/lokikirja\/wp-json\/wp\/v2\/media\/245"}],"wp:attachment":[{"href":"https:\/\/www.kieliluotsi.fi\/lokikirja\/wp-json\/wp\/v2\/media?parent=244"}],"wp:term":[{"taxonomy":"category","embeddable":true,"href":"https:\/\/www.kieliluotsi.fi\/lokikirja\/wp-json\/wp\/v2\/categories?post=244"},{"taxonomy":"post_tag","embeddable":true,"href":"https:\/\/www.kieliluotsi.fi\/lokikirja\/wp-json\/wp\/v2\/tags?post=244"}],"curies":[{"name":"wp","href":"https:\/\/api.w.org\/{rel}","templated":true}]}}