{"id":264,"date":"2014-09-21T17:39:56","date_gmt":"2014-09-21T14:39:56","guid":{"rendered":"https:\/\/www.kieliluotsi.fi\/lokikirja\/?p=264"},"modified":"2018-03-05T13:26:05","modified_gmt":"2018-03-05T11:26:05","slug":"omena-oo-ompompoo","status":"publish","type":"post","link":"https:\/\/www.kieliluotsi.fi\/lokikirja\/omena-oo-ompompoo\/","title":{"rendered":"Omena oo ompompoo&#8230;"},"content":{"rendered":"<p>Syksy on omenoiden aikaa. Omena on kaunis hedelm\u00e4 ja maukas v\u00e4lipala, mutta se on kiinnostava my\u00f6s sanana. Sanan historia kertoo my\u00f6s itse hedelm\u00e4n historiasta, ja lis\u00e4ksi omena on malliesimerkki monikon genetiivimuodoista. Ja rakkaalla herkkupalalla on tietysti my\u00f6s nimiv\u00e4\u00e4nn\u00f6ksens\u00e4!<\/p>\n<p><!--more--><\/p>\n<h2>Omaa sanastoa<\/h2>\n<p>Suomessa sana <em>omena<\/em> kuuluu omaan, vanhaan sanastoon. Asia on toisin esimerkiksi pohjoissaamessa, jonka omenaa tarkoittava <em>eahppel<\/em> (vaihtoehtoinen kirjoitusasu <em>eppel<\/em>) on lainasana pohjoismaisista kielist\u00e4, joko ruotsin sanasta <em>\u00e4pple<\/em> tai norjan sanasta <em>eple<\/em>.<\/p>\n<p>Ero sanan alkuper\u00e4ss\u00e4 n\u00e4inkin l\u00e4heisiss\u00e4 kieliss\u00e4 kuin suomi ja saame johtunee siit\u00e4, ett\u00e4 suomenkielisell\u00e4 alueella on perinteisesti kasvanut omenapuita, kun taas Saamenmaan karuissa oloissa on aina jouduttu turvautumaan tuontiomenoihin. Sek\u00e4 hedelm\u00e4 ett\u00e4 sen nimitys ovat siis saamessa lainaa, suomessa omaa tuotantoa.<\/p>\n<h2>Monikon genetiivi<\/h2>\n<p>Kun suomen kielen monikon genetiivin p\u00e4\u00e4tteit\u00e4 opetetaan ulkomaalaisille, esimerkkin\u00e4 k\u00e4ytet\u00e4\u00e4n usein juuri omenaa. Seh\u00e4n voi saada mink\u00e4 tahansa suomen viidest\u00e4 monikon genetiivin p\u00e4\u00e4tteest\u00e4. On aivan yht\u00e4 oikein sanoa <em>omenoiden<\/em>, <em>omenoitten<\/em>, <em>omenien<\/em>, <em>omenojen<\/em> kuin <em>omenain<\/em>kin. Valinta j\u00e4\u00e4 kielen k\u00e4ytt\u00e4j\u00e4n vastuulle; tosin eniten n\u00e4kee k\u00e4ytett\u00e4v\u00e4n kolmea ensiksi mainittua vaihtoehtoa. Lis\u00e4ksi omenassa on se helppous, ett\u00e4 sanan vartalo ei muutu taivutettaessa miksik\u00e4\u00e4n: se on aina <em>omen<\/em>-.<\/p>\n<h2>Lempinimi\u00e4<\/h2>\n<p>Omenan yleisin lempinimi lienee <em>omppu<\/em>. Etel\u00e4-Kymenlaaksossa se kyll\u00e4kin esiintyy muodossa <em>omppo<\/em>, mutta v\u00e4\u00e4nn\u00f6ksen muodostamisen p\u00e4\u00e4periaate on kuitenkin sama. Stadin slangissa omenasta esiintyy muun muassa muotoja <em>fiblu<\/em>, <em>fibeli<\/em>, <em>fiblari<\/em> ja <em>fibu<\/em>. Nuo sanat ovat syntyneet ruotsissa k\u00e4ytett\u00e4v\u00e4n fikon-salakielen my\u00f6t\u00e4, jolloin kantasanana on ollut ruotsin <em>\u00e4pple<\/em>.<\/p>\n<p>Kieliluotsi toivottaa kaikille oikein herkullista syksy\u00e4 omenoiden, omenoitten, omenien, omenojen ja omenain parissa!<\/p>\n<div id=\"attachment_266\" style=\"width: 610px\" class=\"wp-caption aligncenter\"><a href=\"https:\/\/www.kieliluotsi.fi\/lokikirja\/media\/2014\/09\/omena_oo_ompompoo.jpg\"><img aria-describedby=\"caption-attachment-266\" decoding=\"async\" loading=\"lazy\" class=\"wp-image-266 size-full\" src=\"https:\/\/www.kieliluotsi.fi\/lokikirja\/media\/2014\/09\/omena_oo_ompompoo.jpg\" alt=\"Omena taipuu maukkaasti sek\u00e4 suussa ett\u00e4 paperilla\" width=\"600\" height=\"477\" srcset=\"https:\/\/www.kieliluotsi.fi\/lokikirja\/media\/2014\/09\/omena_oo_ompompoo.jpg 600w, https:\/\/www.kieliluotsi.fi\/lokikirja\/media\/2014\/09\/omena_oo_ompompoo-300x238.jpg 300w\" sizes=\"(max-width: 600px) 100vw, 600px\" \/><\/a><p id=\"caption-attachment-266\" class=\"wp-caption-text\">Omena taipuu maukkaasti sek\u00e4 suussa ett\u00e4 paperilla.<\/p><\/div>\n","protected":false},"excerpt":{"rendered":"<p>Syksy on omenoiden aikaa. Omena on kaunis hedelm\u00e4 ja maukas v\u00e4lipala, mutta se on kiinnostava my\u00f6s sanana. Sanan historia kertoo my\u00f6s itse hedelm\u00e4n historiasta, ja lis\u00e4ksi omena on malliesimerkki monikon genetiivimuodoista. Ja rakkaalla herkkupalalla on tietysti my\u00f6s nimiv\u00e4\u00e4nn\u00f6ksens\u00e4!<\/p>\n","protected":false},"author":3,"featured_media":266,"comment_status":"open","ping_status":"open","sticky":false,"template":"","format":"standard","meta":[],"categories":[1],"tags":[123,102,163,164,54,142],"yoast_head":"<!-- This site is optimized with the Yoast SEO plugin v20.13 - https:\/\/yoast.com\/wordpress\/plugins\/seo\/ -->\n<title>Omena oo ompompoo... \u2013 Kieliluotsin lokikirja<\/title>\n<meta name=\"description\" content=\"Omena on maukas v\u00e4lipala, ja se on kiinnostava my\u00f6s sanana: Sanan historia kertoo hedelm\u00e4n historiasta. Omena on my\u00f6s hyv\u00e4 esimerkki monikon genetiivist\u00e4.\" \/>\n<meta name=\"robots\" content=\"index, follow, max-snippet:-1, max-image-preview:large, max-video-preview:-1\" \/>\n<link rel=\"canonical\" href=\"https:\/\/www.kieliluotsi.fi\/lokikirja\/omena-oo-ompompoo\/\" \/>\n<meta property=\"og:locale\" content=\"fi_FI\" \/>\n<meta property=\"og:type\" content=\"article\" \/>\n<meta property=\"og:title\" content=\"Omena oo ompompoo... \u2013 Kieliluotsin lokikirja\" \/>\n<meta property=\"og:description\" content=\"Omena on maukas v\u00e4lipala, ja se on kiinnostava my\u00f6s sanana: Sanan historia kertoo hedelm\u00e4n historiasta. Omena on my\u00f6s hyv\u00e4 esimerkki monikon genetiivist\u00e4.\" \/>\n<meta property=\"og:url\" content=\"https:\/\/www.kieliluotsi.fi\/lokikirja\/omena-oo-ompompoo\/\" \/>\n<meta property=\"og:site_name\" content=\"Kieliluotsin lokikirja\" \/>\n<meta property=\"article:published_time\" content=\"2014-09-21T14:39:56+00:00\" \/>\n<meta property=\"article:modified_time\" content=\"2018-03-05T11:26:05+00:00\" \/>\n<meta property=\"og:image\" content=\"https:\/\/www.kieliluotsi.fi\/lokikirja\/media\/2014\/09\/omena_oo_ompompoo.jpg\" \/>\n\t<meta property=\"og:image:width\" content=\"600\" \/>\n\t<meta property=\"og:image:height\" content=\"477\" \/>\n\t<meta property=\"og:image:type\" content=\"image\/jpeg\" \/>\n<meta name=\"author\" content=\"Jutta Posti\" \/>\n<meta name=\"twitter:label1\" content=\"Kirjoittanut\" \/>\n\t<meta name=\"twitter:data1\" content=\"Jutta Posti\" \/>\n\t<meta name=\"twitter:label2\" content=\"Arvioitu lukuaika\" \/>\n\t<meta name=\"twitter:data2\" content=\"1 minuutti\" \/>\n<script type=\"application\/ld+json\" class=\"yoast-schema-graph\">{\"@context\":\"https:\/\/schema.org\",\"@graph\":[{\"@type\":\"WebPage\",\"@id\":\"https:\/\/www.kieliluotsi.fi\/lokikirja\/omena-oo-ompompoo\/\",\"url\":\"https:\/\/www.kieliluotsi.fi\/lokikirja\/omena-oo-ompompoo\/\",\"name\":\"Omena oo ompompoo... \u2013 Kieliluotsin lokikirja\",\"isPartOf\":{\"@id\":\"https:\/\/www.kieliluotsi.fi\/lokikirja\/#website\"},\"datePublished\":\"2014-09-21T14:39:56+00:00\",\"dateModified\":\"2018-03-05T11:26:05+00:00\",\"author\":{\"@id\":\"https:\/\/www.kieliluotsi.fi\/lokikirja\/#\/schema\/person\/be983f8146cb3edad975db1e1f487dc3\"},\"description\":\"Omena on maukas v\u00e4lipala, ja se on kiinnostava my\u00f6s sanana: Sanan historia kertoo hedelm\u00e4n historiasta. Omena on my\u00f6s hyv\u00e4 esimerkki monikon genetiivist\u00e4.\",\"breadcrumb\":{\"@id\":\"https:\/\/www.kieliluotsi.fi\/lokikirja\/omena-oo-ompompoo\/#breadcrumb\"},\"inLanguage\":\"fi\",\"potentialAction\":[{\"@type\":\"ReadAction\",\"target\":[\"https:\/\/www.kieliluotsi.fi\/lokikirja\/omena-oo-ompompoo\/\"]}]},{\"@type\":\"BreadcrumbList\",\"@id\":\"https:\/\/www.kieliluotsi.fi\/lokikirja\/omena-oo-ompompoo\/#breadcrumb\",\"itemListElement\":[{\"@type\":\"ListItem\",\"position\":1,\"name\":\"Etusivu\",\"item\":\"https:\/\/www.kieliluotsi.fi\/lokikirja\/\"},{\"@type\":\"ListItem\",\"position\":2,\"name\":\"Omena oo ompompoo&#8230;\"}]},{\"@type\":\"WebSite\",\"@id\":\"https:\/\/www.kieliluotsi.fi\/lokikirja\/#website\",\"url\":\"https:\/\/www.kieliluotsi.fi\/lokikirja\/\",\"name\":\"Kieliluotsin lokikirja\",\"description\":\"havaintoja kielest\u00e4 ja sen ilmi\u00f6ist\u00e4\",\"potentialAction\":[{\"@type\":\"SearchAction\",\"target\":{\"@type\":\"EntryPoint\",\"urlTemplate\":\"https:\/\/www.kieliluotsi.fi\/lokikirja\/?s={search_term_string}\"},\"query-input\":\"required name=search_term_string\"}],\"inLanguage\":\"fi\"},{\"@type\":\"Person\",\"@id\":\"https:\/\/www.kieliluotsi.fi\/lokikirja\/#\/schema\/person\/be983f8146cb3edad975db1e1f487dc3\",\"name\":\"Jutta Posti\",\"image\":{\"@type\":\"ImageObject\",\"inLanguage\":\"fi\",\"@id\":\"https:\/\/www.kieliluotsi.fi\/lokikirja\/#\/schema\/person\/image\/\",\"url\":\"https:\/\/www.kieliluotsi.fi\/lokikirja\/media\/2017\/11\/Jutta-Posti_avatar_1511473595-96x96.jpg\",\"contentUrl\":\"https:\/\/www.kieliluotsi.fi\/lokikirja\/media\/2017\/11\/Jutta-Posti_avatar_1511473595-96x96.jpg\",\"caption\":\"Jutta Posti\"},\"description\":\"Jutta Posti (FM) on haminalainen humanisti ja kielifriikki. H\u00e4n on kielipalveluja tarjoavan Kieliluotsin perustaja ja kieliasiantuntija.\",\"sameAs\":[\"https:\/\/www.kieliluotsi.fi\"],\"url\":\"https:\/\/www.kieliluotsi.fi\/lokikirja\/author\/jutta_jarvansalo\/\"}]}<\/script>\n<!-- \/ Yoast SEO plugin. -->","yoast_head_json":{"title":"Omena oo ompompoo... \u2013 Kieliluotsin lokikirja","description":"Omena on maukas v\u00e4lipala, ja se on kiinnostava my\u00f6s sanana: Sanan historia kertoo hedelm\u00e4n historiasta. Omena on my\u00f6s hyv\u00e4 esimerkki monikon genetiivist\u00e4.","robots":{"index":"index","follow":"follow","max-snippet":"max-snippet:-1","max-image-preview":"max-image-preview:large","max-video-preview":"max-video-preview:-1"},"canonical":"https:\/\/www.kieliluotsi.fi\/lokikirja\/omena-oo-ompompoo\/","og_locale":"fi_FI","og_type":"article","og_title":"Omena oo ompompoo... \u2013 Kieliluotsin lokikirja","og_description":"Omena on maukas v\u00e4lipala, ja se on kiinnostava my\u00f6s sanana: Sanan historia kertoo hedelm\u00e4n historiasta. Omena on my\u00f6s hyv\u00e4 esimerkki monikon genetiivist\u00e4.","og_url":"https:\/\/www.kieliluotsi.fi\/lokikirja\/omena-oo-ompompoo\/","og_site_name":"Kieliluotsin lokikirja","article_published_time":"2014-09-21T14:39:56+00:00","article_modified_time":"2018-03-05T11:26:05+00:00","og_image":[{"width":600,"height":477,"url":"https:\/\/www.kieliluotsi.fi\/lokikirja\/media\/2014\/09\/omena_oo_ompompoo.jpg","type":"image\/jpeg"}],"author":"Jutta Posti","twitter_misc":{"Kirjoittanut":"Jutta Posti","Arvioitu lukuaika":"1 minuutti"},"schema":{"@context":"https:\/\/schema.org","@graph":[{"@type":"WebPage","@id":"https:\/\/www.kieliluotsi.fi\/lokikirja\/omena-oo-ompompoo\/","url":"https:\/\/www.kieliluotsi.fi\/lokikirja\/omena-oo-ompompoo\/","name":"Omena oo ompompoo... \u2013 Kieliluotsin lokikirja","isPartOf":{"@id":"https:\/\/www.kieliluotsi.fi\/lokikirja\/#website"},"datePublished":"2014-09-21T14:39:56+00:00","dateModified":"2018-03-05T11:26:05+00:00","author":{"@id":"https:\/\/www.kieliluotsi.fi\/lokikirja\/#\/schema\/person\/be983f8146cb3edad975db1e1f487dc3"},"description":"Omena on maukas v\u00e4lipala, ja se on kiinnostava my\u00f6s sanana: Sanan historia kertoo hedelm\u00e4n historiasta. Omena on my\u00f6s hyv\u00e4 esimerkki monikon genetiivist\u00e4.","breadcrumb":{"@id":"https:\/\/www.kieliluotsi.fi\/lokikirja\/omena-oo-ompompoo\/#breadcrumb"},"inLanguage":"fi","potentialAction":[{"@type":"ReadAction","target":["https:\/\/www.kieliluotsi.fi\/lokikirja\/omena-oo-ompompoo\/"]}]},{"@type":"BreadcrumbList","@id":"https:\/\/www.kieliluotsi.fi\/lokikirja\/omena-oo-ompompoo\/#breadcrumb","itemListElement":[{"@type":"ListItem","position":1,"name":"Etusivu","item":"https:\/\/www.kieliluotsi.fi\/lokikirja\/"},{"@type":"ListItem","position":2,"name":"Omena oo ompompoo&#8230;"}]},{"@type":"WebSite","@id":"https:\/\/www.kieliluotsi.fi\/lokikirja\/#website","url":"https:\/\/www.kieliluotsi.fi\/lokikirja\/","name":"Kieliluotsin lokikirja","description":"havaintoja kielest\u00e4 ja sen ilmi\u00f6ist\u00e4","potentialAction":[{"@type":"SearchAction","target":{"@type":"EntryPoint","urlTemplate":"https:\/\/www.kieliluotsi.fi\/lokikirja\/?s={search_term_string}"},"query-input":"required name=search_term_string"}],"inLanguage":"fi"},{"@type":"Person","@id":"https:\/\/www.kieliluotsi.fi\/lokikirja\/#\/schema\/person\/be983f8146cb3edad975db1e1f487dc3","name":"Jutta Posti","image":{"@type":"ImageObject","inLanguage":"fi","@id":"https:\/\/www.kieliluotsi.fi\/lokikirja\/#\/schema\/person\/image\/","url":"https:\/\/www.kieliluotsi.fi\/lokikirja\/media\/2017\/11\/Jutta-Posti_avatar_1511473595-96x96.jpg","contentUrl":"https:\/\/www.kieliluotsi.fi\/lokikirja\/media\/2017\/11\/Jutta-Posti_avatar_1511473595-96x96.jpg","caption":"Jutta Posti"},"description":"Jutta Posti (FM) on haminalainen humanisti ja kielifriikki. H\u00e4n on kielipalveluja tarjoavan Kieliluotsin perustaja ja kieliasiantuntija.","sameAs":["https:\/\/www.kieliluotsi.fi"],"url":"https:\/\/www.kieliluotsi.fi\/lokikirja\/author\/jutta_jarvansalo\/"}]}},"_links":{"self":[{"href":"https:\/\/www.kieliluotsi.fi\/lokikirja\/wp-json\/wp\/v2\/posts\/264"}],"collection":[{"href":"https:\/\/www.kieliluotsi.fi\/lokikirja\/wp-json\/wp\/v2\/posts"}],"about":[{"href":"https:\/\/www.kieliluotsi.fi\/lokikirja\/wp-json\/wp\/v2\/types\/post"}],"author":[{"embeddable":true,"href":"https:\/\/www.kieliluotsi.fi\/lokikirja\/wp-json\/wp\/v2\/users\/3"}],"replies":[{"embeddable":true,"href":"https:\/\/www.kieliluotsi.fi\/lokikirja\/wp-json\/wp\/v2\/comments?post=264"}],"version-history":[{"count":7,"href":"https:\/\/www.kieliluotsi.fi\/lokikirja\/wp-json\/wp\/v2\/posts\/264\/revisions"}],"predecessor-version":[{"id":1055,"href":"https:\/\/www.kieliluotsi.fi\/lokikirja\/wp-json\/wp\/v2\/posts\/264\/revisions\/1055"}],"wp:featuredmedia":[{"embeddable":true,"href":"https:\/\/www.kieliluotsi.fi\/lokikirja\/wp-json\/wp\/v2\/media\/266"}],"wp:attachment":[{"href":"https:\/\/www.kieliluotsi.fi\/lokikirja\/wp-json\/wp\/v2\/media?parent=264"}],"wp:term":[{"taxonomy":"category","embeddable":true,"href":"https:\/\/www.kieliluotsi.fi\/lokikirja\/wp-json\/wp\/v2\/categories?post=264"},{"taxonomy":"post_tag","embeddable":true,"href":"https:\/\/www.kieliluotsi.fi\/lokikirja\/wp-json\/wp\/v2\/tags?post=264"}],"curies":[{"name":"wp","href":"https:\/\/api.w.org\/{rel}","templated":true}]}}