{"id":299,"date":"2014-11-07T20:49:07","date_gmt":"2014-11-07T18:49:07","guid":{"rendered":"https:\/\/www.kieliluotsi.fi\/lokikirja\/?p=299"},"modified":"2018-03-05T13:35:35","modified_gmt":"2018-03-05T11:35:35","slug":"isanpaivan-mysteeri","status":"publish","type":"post","link":"https:\/\/www.kieliluotsi.fi\/lokikirja\/isanpaivan-mysteeri\/","title":{"rendered":"Is\u00e4np\u00e4iv\u00e4n mysteeri"},"content":{"rendered":"<p>Suomessa, Ruotsissa, Norjassa, Islannissa ja Virossa vietet\u00e4\u00e4n is\u00e4np\u00e4iv\u00e4\u00e4 joka vuosi marraskuun toisena sunnuntaina. My\u00f6s muualla maailmassa is\u00e4np\u00e4iv\u00e4 on tuttu k\u00e4site, mutta useissa maissa sit\u00e4 juhlitaan kes\u00e4kuun kolmantena sunnuntaina.<\/p>\n<p><!--more--><\/p>\n<p>Is\u00e4np\u00e4iv\u00e4n marraskuinen ajankohta Suomessa ja muissa Pohjolan maissa oli alun perin kauppiaiden idea: sen avulla haluttiin pirist\u00e4\u00e4 vuoden hiljaisimman ajan myynti\u00e4 ennen joulusesongin alkua. Suomessa is\u00e4np\u00e4iv\u00e4n vietto on vakiintunut vuodesta 1987 alkaen.<\/p>\n<h2>Tasa-arvo ei t\u00e4ysin toteudu<\/h2>\n<p>Is\u00e4np\u00e4iv\u00e4 on tasa-arvon periaatteita kannattavassa Suomessa hieman mystinen ilmi\u00f6 \u00e4itienp\u00e4iv\u00e4\u00e4n verrattuna. \u00c4itienp\u00e4iv\u00e4n ja is\u00e4np\u00e4iv\u00e4n v\u00e4linen tasa-arvo ei nimitt\u00e4in n\u00e4yt\u00e4 toteutuvan t\u00e4ysin. Ensinn\u00e4kin \u00e4itienp\u00e4iv\u00e4 on virallinen liputusp\u00e4iv\u00e4, is\u00e4np\u00e4iv\u00e4 \u201dvain\u201d vakiintunut liputusp\u00e4iv\u00e4. Toiseksi p\u00e4ivien nimet ovat ep\u00e4loogiset: \u00e4idit ovat monikossa, kun taas is\u00e4\u00e4 on vain yksi.<\/p>\n<p>Toki \u00e4itienp\u00e4iv\u00e4 on huomattavasti vanhempi ilmi\u00f6 kuin is\u00e4np\u00e4iv\u00e4. \u00c4itej\u00e4 on juhlittu vakiintuneesti toukokuun toisena sunnuntaina jo vuodesta 1927 alkaen, eli 60 vuotta pidemp\u00e4\u00e4n kuin is\u00e4\u00e4. Se voi siis selitt\u00e4\u00e4 p\u00e4ivien liputusperiaatteen eron. P\u00e4ivien juhlimisvuosien m\u00e4\u00e4r\u00e4n ero ei kuitenkaan selit\u00e4 p\u00e4ivien nimitysten ep\u00e4loogisuutta.<\/p>\n<p>P\u00e4iviss\u00e4 on tietysti my\u00f6s paljon samaa: Sek\u00e4 \u00e4itienp\u00e4iv\u00e4ksi ett\u00e4 is\u00e4np\u00e4iv\u00e4ksi p\u00e4iv\u00e4nsankareille ostetaan lahjoja ja tehd\u00e4\u00e4n kortteja. Molempina p\u00e4ivin\u00e4 l\u00e4hisuku kokoontuu usein yhteen. Lasten ja puolison oletetaan viev\u00e4n p\u00e4iv\u00e4nsankarille aamiainen s\u00e4nkyyn, ja p\u00e4iv\u00e4kahvip\u00f6yd\u00e4ss\u00e4 komeilee muhkea t\u00e4ytekakku. Koska yht\u00e4l\u00e4isyyksi\u00e4 on kuitenkin niin paljon, \u00e4itienp\u00e4iv\u00e4n ja is\u00e4np\u00e4iv\u00e4n erilainen nime\u00e4misperiaate h\u00e4mment\u00e4\u00e4. Mit\u00e4 syit\u00e4 monikko-yksikk\u00f6eroon voisi olla?<\/p>\n<h2>Juhlitaan kaikkia \u00e4itej\u00e4 mutta vain omaa is\u00e4\u00e4<\/h2>\n<p>Monet tuntuvat ajattelevan, ett\u00e4 \u00e4itienp\u00e4iv\u00e4n\u00e4 tulee juhlia ja huomioida kaikkia \u00e4itej\u00e4, olivatpa he sitten omia sukulaisia tai eiv\u00e4t. Sen sijaan is\u00e4np\u00e4iv\u00e4n\u00e4 muistetaan yleens\u00e4 pelk\u00e4st\u00e4\u00e4n omaa is\u00e4\u00e4 ja isoisi\u00e4.<\/p>\n<p>Is\u00e4np\u00e4iv\u00e4 on tavallaan yksityisempi juhla kuin \u00e4itienp\u00e4iv\u00e4. Is\u00e4np\u00e4iv\u00e4n\u00e4 ei jaeta is\u00e4np\u00e4iv\u00e4mitaleja eik\u00e4 -kunniamerkkej\u00e4. Ravintolat eiv\u00e4t tarjoa kaikenkattavia is\u00e4np\u00e4iv\u00e4lounaita ainakaan niin n\u00e4ytt\u00e4v\u00e4sti kuin \u00e4itienp\u00e4iv\u00e4n\u00e4. Kukkakaupatkaan eiv\u00e4t tee samanlaista huipputili\u00e4 is\u00e4np\u00e4iv\u00e4n\u00e4 kuin \u00e4itienp\u00e4iv\u00e4n\u00e4. Miksi?<\/p>\n<h2>Isyys voi j\u00e4\u00e4d\u00e4 piiloon<\/h2>\n<p>Etenkin ennen vanhaan \u00e4itiys oli huomattavasti n\u00e4kyv\u00e4mp\u00e4\u00e4 kuin isyys. Kaikki tiesiv\u00e4t, ketk\u00e4 olivat \u00e4itej\u00e4, mutta miehist\u00e4 ei v\u00e4ltt\u00e4m\u00e4tt\u00e4 tiennyt, oliko heill\u00e4 lapsia vai ei. Lapset olivat \u00e4itins\u00e4 hoivissa, eik\u00e4 is\u00e4 v\u00e4ltt\u00e4m\u00e4tt\u00e4 osallistunut lastenhoitoon lainkaan.<\/p>\n<p>\u00c4idist\u00e4 oli my\u00f6s ennen (biologisen) lapsen syntym\u00e4\u00e4 n\u00e4kynyt fyysisesti, ett\u00e4 h\u00e4nest\u00e4 tulee \u00e4iti. Sen sijaan lapsen is\u00e4n henkil\u00f6llisyys ei v\u00e4ltt\u00e4m\u00e4tt\u00e4 kaikissa tapauksissa ollut edes selvill\u00e4. Toisaalta my\u00f6s perheett\u00f6m\u00e4t miehet saattoivat olla isi\u00e4. Ehk\u00e4 is\u00e4np\u00e4iv\u00e4 ei ole laajentunut \u00e4itienp\u00e4iv\u00e4n mittoihin siksi, ett\u00e4 isyytt\u00e4 on joskus edelleenkin vaikeampi n\u00e4hd\u00e4 ulosp\u00e4in kuin \u00e4itiytt\u00e4?<\/p>\n<h2>Miesten elinik\u00e4 on perinteisesti ollut lyhyempi<\/h2>\n<p>Yksi syy \u00e4itienp\u00e4iv\u00e4n ja is\u00e4np\u00e4iv\u00e4n erilaisiin nime\u00e4misperusteisiin voisi olla se, ett\u00e4 naiset ovat yleens\u00e4 pitk\u00e4ik\u00e4isempi\u00e4 kuin miehet. Kun \u00e4itienp\u00e4iv\u00e4\u00e4 alettiin viett\u00e4\u00e4 1900-luvun alkupuolella, sukupuolten v\u00e4liset erot el\u00e4m\u00e4n pituudessa olivat usein hyvinkin suuret. Miehet kuolivat naisia aiemmin, eik\u00e4 isoisi\u00e4 v\u00e4ltt\u00e4m\u00e4tt\u00e4 ollut en\u00e4\u00e4 elossa vaikka iso\u00e4itej\u00e4 olikin. Kun vietettiin \u00e4itienp\u00e4iv\u00e4\u00e4, juhlakaluja saattoi omassa l\u00e4hipiiriss\u00e4 olla kolme, kun taas is\u00e4np\u00e4iv\u00e4\u00e4 juhlittaessa kohteena oli ehk\u00e4 vain yksi henkil\u00f6.<\/p>\n<h2>\u00c4\u00e4nt\u00e4misen oikotiet ja tyyliseikat<\/h2>\n<p>Toinen mahdollinen ja ehk\u00e4 todenn\u00e4k\u00f6isempi selitys voi l\u00f6yty\u00e4 p\u00e4ivien suomenkielisten nimitysten suuhunsopivuudesta. Monissa muissa kieliss\u00e4 sek\u00e4 \u00e4itienp\u00e4iv\u00e4n ett\u00e4 is\u00e4np\u00e4iv\u00e4n nimiss\u00e4 k\u00e4ytet\u00e4\u00e4n yksikk\u00f6\u00e4: \u00e4idinp\u00e4iv\u00e4 ja is\u00e4np\u00e4iv\u00e4.<\/p>\n<p>Suurimmassa osassa suomen murteita d on kuitenkin vieras \u00e4\u00e4nne, joten monikollinen \u00e4itienp\u00e4iv\u00e4 on suomalaiselle helpompi \u00e4\u00e4nt\u00e4\u00e4. Lis\u00e4ksi monikollisen muodon etuna on se, ett\u00e4 se \u00e4\u00e4nnet\u00e4\u00e4n samalla tavalla joka puolella Suomea, toisin kuin yksik\u00f6llinen muoto. Jos \u00e4itienp\u00e4iv\u00e4n nimen\u00e4 olisi \u00e4idinp\u00e4iv\u00e4, se olisi k\u00e4yt\u00e4nn\u00f6ss\u00e4 kuitenkin \u00e4itinp\u00e4iv\u00e4, \u00e4irinp\u00e4iv\u00e4 jne. murrealueesta riippuen.<\/p>\n<p>Miksei is\u00e4np\u00e4iv\u00e4 sitten ole is\u00e4inp\u00e4iv\u00e4 tai isienp\u00e4iv\u00e4? Muistelen kuulleeni, ett\u00e4 jossakin vaiheessa p\u00e4iv\u00e4\u00e4 tosiaan nimitettiin is\u00e4inp\u00e4iv\u00e4ksi. Puhutussa kieless\u00e4 toinen i j\u00e4i kuitenkin usein \u00e4\u00e4nt\u00e4m\u00e4tt\u00e4, jolloin p\u00e4iv\u00e4n nimest\u00e4 p\u00e4\u00e4tettiin suosiolla tehd\u00e4 is\u00e4np\u00e4iv\u00e4.<\/p>\n<p>En tosin ole l\u00f6yt\u00e4nyt t\u00e4lle \u201dtiedolle\u201d virallista vahvistusta, mutta ei tapaus mitenk\u00e4\u00e4n ep\u00e4todenn\u00e4k\u00f6iselt\u00e4 kuulosta. Puhuja yritt\u00e4\u00e4 aina luonnostaan k\u00e4ytt\u00e4\u00e4 hieman oikoteit\u00e4 puhetta tuottaessaan, jolloin \u00e4\u00e4nteit\u00e4 voi helposti j\u00e4\u00e4d\u00e4 poiskin.<\/p>\n<p>Isienp\u00e4iv\u00e4n boikotointiin voi vaikuttaa se, ett\u00e4 sana tuo ehk\u00e4 mieleen lapsen kielen is\u00e4\u00e4 tarkoittavan sanan isi. Nimityst\u00e4 saatetaan pit\u00e4\u00e4 liian arkisena tai lapsellisena ja samalla ehk\u00e4 vakiintuneeseen juhlap\u00e4iv\u00e4\u00e4n sopimattomana.<\/p>\n<p>Sama selitys voisi p\u00e4te\u00e4 siihen, miksi \u00e4itienp\u00e4iv\u00e4st\u00e4 ei haluttu \u00e4itinp\u00e4iv\u00e4\u00e4, \u00e4irinp\u00e4iv\u00e4\u00e4 jne. Kyseess\u00e4 on kuitenkin juhlap\u00e4iv\u00e4, jolla tulee olla my\u00f6s juhlava ja yhdenmukainen nimitys. Murteellisuus tai lapsenomaisuus ei tyyliin sovi.<\/p>\n<h2>Is\u00e4np\u00e4iv\u00e4 joka p\u00e4iv\u00e4<\/h2>\n<p>Vaikka is\u00e4np\u00e4iv\u00e4 (samoin kuin \u00e4itienp\u00e4iv\u00e4) on vain kerran vuodessa, kannattaa silti muistaa is\u00e4\u00e4 useamminkin. Muistamisen ei tarvitse olla kaupallista eik\u00e4 muutenkaan materiaan perustuvaa. Jo pelkk\u00e4 tekstiviesti tai puhelu tavallisena arkip\u00e4iv\u00e4n\u00e4 voi ilahduttaa paljonkin.<\/p>\n<p>Toki kerran vuodessa on hyv\u00e4 juhlia is\u00e4\u00e4 ja isoisi\u00e4 my\u00f6s aivan erityisesti. He ovat todellakin p\u00e4iv\u00e4ns\u00e4 ansainneet. Yksikk\u00f6muotoisesta is\u00e4np\u00e4iv\u00e4st\u00e4 ja mahdollisesta lapsenkielisest\u00e4 tulkinnasta huolimatta Kieliluotsi toivottaa hyv\u00e4\u00e4 is\u00e4np\u00e4iv\u00e4\u00e4 kaikille isille!<\/p>\n<div id=\"attachment_302\" style=\"width: 610px\" class=\"wp-caption aligncenter\"><a href=\"https:\/\/www.kieliluotsi.fi\/lokikirja\/media\/2014\/11\/lahes_kaikilla_on-isa.jpg\"><img aria-describedby=\"caption-attachment-302\" decoding=\"async\" loading=\"lazy\" class=\"wp-image-302 size-full\" src=\"https:\/\/www.kieliluotsi.fi\/lokikirja\/media\/2014\/11\/lahes_kaikilla_on-isa.jpg\" alt=\"L\u00e4hes kaikilla on is\u00e4\" width=\"600\" height=\"800\" srcset=\"https:\/\/www.kieliluotsi.fi\/lokikirja\/media\/2014\/11\/lahes_kaikilla_on-isa.jpg 600w, https:\/\/www.kieliluotsi.fi\/lokikirja\/media\/2014\/11\/lahes_kaikilla_on-isa-225x300.jpg 225w\" sizes=\"(max-width: 600px) 100vw, 600px\" \/><\/a><p id=\"caption-attachment-302\" class=\"wp-caption-text\">L\u00e4hes kaikilla on is\u00e4, jota kannattaa juhlia is\u00e4np\u00e4iv\u00e4n\u00e4 kerran vuodessa oikein kunnolla.<\/p><\/div>\n","protected":false},"excerpt":{"rendered":"<p>Suomessa, Ruotsissa, Norjassa, Islannissa ja Virossa vietet\u00e4\u00e4n is\u00e4np\u00e4iv\u00e4\u00e4 joka vuosi marraskuun toisena sunnuntaina. My\u00f6s muualla maailmassa is\u00e4np\u00e4iv\u00e4 on tuttu k\u00e4site, mutta useissa maissa sit\u00e4 juhlitaan kes\u00e4kuun kolmantena sunnuntaina.<\/p>\n","protected":false},"author":3,"featured_media":302,"comment_status":"open","ping_status":"open","sticky":false,"template":"","format":"standard","meta":[],"categories":[1],"tags":[179,178,141,162],"yoast_head":"<!-- This site is optimized with the Yoast SEO plugin v20.13 - https:\/\/yoast.com\/wordpress\/plugins\/seo\/ -->\n<title>Is\u00e4np\u00e4iv\u00e4n mysteeri \u2013 Kieliluotsin lokikirja<\/title>\n<meta name=\"description\" content=\"Is\u00e4np\u00e4iv\u00e4 l\u00e4hestyy j\u00e4lleen. Mutta miksi juhlimme is\u00e4np\u00e4iv\u00e4n\u00e4 vain yht\u00e4 is\u00e4\u00e4 ja \u00e4itienp\u00e4iv\u00e4n\u00e4 montaa \u00e4iti\u00e4? Onko t\u00e4h\u00e4n is\u00e4np\u00e4iv\u00e4n kielimysteeriin ratkaisua?\" \/>\n<meta name=\"robots\" content=\"index, follow, max-snippet:-1, max-image-preview:large, max-video-preview:-1\" \/>\n<link rel=\"canonical\" href=\"https:\/\/www.kieliluotsi.fi\/lokikirja\/isanpaivan-mysteeri\/\" \/>\n<meta property=\"og:locale\" content=\"fi_FI\" \/>\n<meta property=\"og:type\" content=\"article\" \/>\n<meta property=\"og:title\" content=\"Is\u00e4np\u00e4iv\u00e4n mysteeri \u2013 Kieliluotsin lokikirja\" \/>\n<meta property=\"og:description\" content=\"Is\u00e4np\u00e4iv\u00e4 l\u00e4hestyy j\u00e4lleen. Mutta miksi juhlimme is\u00e4np\u00e4iv\u00e4n\u00e4 vain yht\u00e4 is\u00e4\u00e4 ja \u00e4itienp\u00e4iv\u00e4n\u00e4 montaa \u00e4iti\u00e4? Onko t\u00e4h\u00e4n is\u00e4np\u00e4iv\u00e4n kielimysteeriin ratkaisua?\" \/>\n<meta property=\"og:url\" content=\"https:\/\/www.kieliluotsi.fi\/lokikirja\/isanpaivan-mysteeri\/\" \/>\n<meta property=\"og:site_name\" content=\"Kieliluotsin lokikirja\" \/>\n<meta property=\"article:published_time\" content=\"2014-11-07T18:49:07+00:00\" \/>\n<meta property=\"article:modified_time\" content=\"2018-03-05T11:35:35+00:00\" \/>\n<meta property=\"og:image\" content=\"https:\/\/www.kieliluotsi.fi\/lokikirja\/media\/2014\/11\/lahes_kaikilla_on-isa.jpg\" \/>\n\t<meta property=\"og:image:width\" content=\"600\" \/>\n\t<meta property=\"og:image:height\" content=\"800\" \/>\n\t<meta property=\"og:image:type\" content=\"image\/jpeg\" \/>\n<meta name=\"author\" content=\"Jutta Posti\" \/>\n<meta name=\"twitter:label1\" content=\"Kirjoittanut\" \/>\n\t<meta name=\"twitter:data1\" content=\"Jutta Posti\" \/>\n\t<meta name=\"twitter:label2\" content=\"Arvioitu lukuaika\" \/>\n\t<meta name=\"twitter:data2\" content=\"5 minuuttia\" \/>\n<script type=\"application\/ld+json\" class=\"yoast-schema-graph\">{\"@context\":\"https:\/\/schema.org\",\"@graph\":[{\"@type\":\"WebPage\",\"@id\":\"https:\/\/www.kieliluotsi.fi\/lokikirja\/isanpaivan-mysteeri\/\",\"url\":\"https:\/\/www.kieliluotsi.fi\/lokikirja\/isanpaivan-mysteeri\/\",\"name\":\"Is\u00e4np\u00e4iv\u00e4n mysteeri \u2013 Kieliluotsin lokikirja\",\"isPartOf\":{\"@id\":\"https:\/\/www.kieliluotsi.fi\/lokikirja\/#website\"},\"datePublished\":\"2014-11-07T18:49:07+00:00\",\"dateModified\":\"2018-03-05T11:35:35+00:00\",\"author\":{\"@id\":\"https:\/\/www.kieliluotsi.fi\/lokikirja\/#\/schema\/person\/be983f8146cb3edad975db1e1f487dc3\"},\"description\":\"Is\u00e4np\u00e4iv\u00e4 l\u00e4hestyy j\u00e4lleen. Mutta miksi juhlimme is\u00e4np\u00e4iv\u00e4n\u00e4 vain yht\u00e4 is\u00e4\u00e4 ja \u00e4itienp\u00e4iv\u00e4n\u00e4 montaa \u00e4iti\u00e4? Onko t\u00e4h\u00e4n is\u00e4np\u00e4iv\u00e4n kielimysteeriin ratkaisua?\",\"breadcrumb\":{\"@id\":\"https:\/\/www.kieliluotsi.fi\/lokikirja\/isanpaivan-mysteeri\/#breadcrumb\"},\"inLanguage\":\"fi\",\"potentialAction\":[{\"@type\":\"ReadAction\",\"target\":[\"https:\/\/www.kieliluotsi.fi\/lokikirja\/isanpaivan-mysteeri\/\"]}]},{\"@type\":\"BreadcrumbList\",\"@id\":\"https:\/\/www.kieliluotsi.fi\/lokikirja\/isanpaivan-mysteeri\/#breadcrumb\",\"itemListElement\":[{\"@type\":\"ListItem\",\"position\":1,\"name\":\"Etusivu\",\"item\":\"https:\/\/www.kieliluotsi.fi\/lokikirja\/\"},{\"@type\":\"ListItem\",\"position\":2,\"name\":\"Is\u00e4np\u00e4iv\u00e4n mysteeri\"}]},{\"@type\":\"WebSite\",\"@id\":\"https:\/\/www.kieliluotsi.fi\/lokikirja\/#website\",\"url\":\"https:\/\/www.kieliluotsi.fi\/lokikirja\/\",\"name\":\"Kieliluotsin lokikirja\",\"description\":\"havaintoja kielest\u00e4 ja sen ilmi\u00f6ist\u00e4\",\"potentialAction\":[{\"@type\":\"SearchAction\",\"target\":{\"@type\":\"EntryPoint\",\"urlTemplate\":\"https:\/\/www.kieliluotsi.fi\/lokikirja\/?s={search_term_string}\"},\"query-input\":\"required name=search_term_string\"}],\"inLanguage\":\"fi\"},{\"@type\":\"Person\",\"@id\":\"https:\/\/www.kieliluotsi.fi\/lokikirja\/#\/schema\/person\/be983f8146cb3edad975db1e1f487dc3\",\"name\":\"Jutta Posti\",\"image\":{\"@type\":\"ImageObject\",\"inLanguage\":\"fi\",\"@id\":\"https:\/\/www.kieliluotsi.fi\/lokikirja\/#\/schema\/person\/image\/\",\"url\":\"https:\/\/www.kieliluotsi.fi\/lokikirja\/media\/2017\/11\/Jutta-Posti_avatar_1511473595-96x96.jpg\",\"contentUrl\":\"https:\/\/www.kieliluotsi.fi\/lokikirja\/media\/2017\/11\/Jutta-Posti_avatar_1511473595-96x96.jpg\",\"caption\":\"Jutta Posti\"},\"description\":\"Jutta Posti (FM) on haminalainen humanisti ja kielifriikki. H\u00e4n on kielipalveluja tarjoavan Kieliluotsin perustaja ja kieliasiantuntija.\",\"sameAs\":[\"https:\/\/www.kieliluotsi.fi\"],\"url\":\"https:\/\/www.kieliluotsi.fi\/lokikirja\/author\/jutta_jarvansalo\/\"}]}<\/script>\n<!-- \/ Yoast SEO plugin. -->","yoast_head_json":{"title":"Is\u00e4np\u00e4iv\u00e4n mysteeri \u2013 Kieliluotsin lokikirja","description":"Is\u00e4np\u00e4iv\u00e4 l\u00e4hestyy j\u00e4lleen. Mutta miksi juhlimme is\u00e4np\u00e4iv\u00e4n\u00e4 vain yht\u00e4 is\u00e4\u00e4 ja \u00e4itienp\u00e4iv\u00e4n\u00e4 montaa \u00e4iti\u00e4? Onko t\u00e4h\u00e4n is\u00e4np\u00e4iv\u00e4n kielimysteeriin ratkaisua?","robots":{"index":"index","follow":"follow","max-snippet":"max-snippet:-1","max-image-preview":"max-image-preview:large","max-video-preview":"max-video-preview:-1"},"canonical":"https:\/\/www.kieliluotsi.fi\/lokikirja\/isanpaivan-mysteeri\/","og_locale":"fi_FI","og_type":"article","og_title":"Is\u00e4np\u00e4iv\u00e4n mysteeri \u2013 Kieliluotsin lokikirja","og_description":"Is\u00e4np\u00e4iv\u00e4 l\u00e4hestyy j\u00e4lleen. Mutta miksi juhlimme is\u00e4np\u00e4iv\u00e4n\u00e4 vain yht\u00e4 is\u00e4\u00e4 ja \u00e4itienp\u00e4iv\u00e4n\u00e4 montaa \u00e4iti\u00e4? Onko t\u00e4h\u00e4n is\u00e4np\u00e4iv\u00e4n kielimysteeriin ratkaisua?","og_url":"https:\/\/www.kieliluotsi.fi\/lokikirja\/isanpaivan-mysteeri\/","og_site_name":"Kieliluotsin lokikirja","article_published_time":"2014-11-07T18:49:07+00:00","article_modified_time":"2018-03-05T11:35:35+00:00","og_image":[{"width":600,"height":800,"url":"https:\/\/www.kieliluotsi.fi\/lokikirja\/media\/2014\/11\/lahes_kaikilla_on-isa.jpg","type":"image\/jpeg"}],"author":"Jutta Posti","twitter_misc":{"Kirjoittanut":"Jutta Posti","Arvioitu lukuaika":"5 minuuttia"},"schema":{"@context":"https:\/\/schema.org","@graph":[{"@type":"WebPage","@id":"https:\/\/www.kieliluotsi.fi\/lokikirja\/isanpaivan-mysteeri\/","url":"https:\/\/www.kieliluotsi.fi\/lokikirja\/isanpaivan-mysteeri\/","name":"Is\u00e4np\u00e4iv\u00e4n mysteeri \u2013 Kieliluotsin lokikirja","isPartOf":{"@id":"https:\/\/www.kieliluotsi.fi\/lokikirja\/#website"},"datePublished":"2014-11-07T18:49:07+00:00","dateModified":"2018-03-05T11:35:35+00:00","author":{"@id":"https:\/\/www.kieliluotsi.fi\/lokikirja\/#\/schema\/person\/be983f8146cb3edad975db1e1f487dc3"},"description":"Is\u00e4np\u00e4iv\u00e4 l\u00e4hestyy j\u00e4lleen. Mutta miksi juhlimme is\u00e4np\u00e4iv\u00e4n\u00e4 vain yht\u00e4 is\u00e4\u00e4 ja \u00e4itienp\u00e4iv\u00e4n\u00e4 montaa \u00e4iti\u00e4? Onko t\u00e4h\u00e4n is\u00e4np\u00e4iv\u00e4n kielimysteeriin ratkaisua?","breadcrumb":{"@id":"https:\/\/www.kieliluotsi.fi\/lokikirja\/isanpaivan-mysteeri\/#breadcrumb"},"inLanguage":"fi","potentialAction":[{"@type":"ReadAction","target":["https:\/\/www.kieliluotsi.fi\/lokikirja\/isanpaivan-mysteeri\/"]}]},{"@type":"BreadcrumbList","@id":"https:\/\/www.kieliluotsi.fi\/lokikirja\/isanpaivan-mysteeri\/#breadcrumb","itemListElement":[{"@type":"ListItem","position":1,"name":"Etusivu","item":"https:\/\/www.kieliluotsi.fi\/lokikirja\/"},{"@type":"ListItem","position":2,"name":"Is\u00e4np\u00e4iv\u00e4n mysteeri"}]},{"@type":"WebSite","@id":"https:\/\/www.kieliluotsi.fi\/lokikirja\/#website","url":"https:\/\/www.kieliluotsi.fi\/lokikirja\/","name":"Kieliluotsin lokikirja","description":"havaintoja kielest\u00e4 ja sen ilmi\u00f6ist\u00e4","potentialAction":[{"@type":"SearchAction","target":{"@type":"EntryPoint","urlTemplate":"https:\/\/www.kieliluotsi.fi\/lokikirja\/?s={search_term_string}"},"query-input":"required name=search_term_string"}],"inLanguage":"fi"},{"@type":"Person","@id":"https:\/\/www.kieliluotsi.fi\/lokikirja\/#\/schema\/person\/be983f8146cb3edad975db1e1f487dc3","name":"Jutta Posti","image":{"@type":"ImageObject","inLanguage":"fi","@id":"https:\/\/www.kieliluotsi.fi\/lokikirja\/#\/schema\/person\/image\/","url":"https:\/\/www.kieliluotsi.fi\/lokikirja\/media\/2017\/11\/Jutta-Posti_avatar_1511473595-96x96.jpg","contentUrl":"https:\/\/www.kieliluotsi.fi\/lokikirja\/media\/2017\/11\/Jutta-Posti_avatar_1511473595-96x96.jpg","caption":"Jutta Posti"},"description":"Jutta Posti (FM) on haminalainen humanisti ja kielifriikki. H\u00e4n on kielipalveluja tarjoavan Kieliluotsin perustaja ja kieliasiantuntija.","sameAs":["https:\/\/www.kieliluotsi.fi"],"url":"https:\/\/www.kieliluotsi.fi\/lokikirja\/author\/jutta_jarvansalo\/"}]}},"_links":{"self":[{"href":"https:\/\/www.kieliluotsi.fi\/lokikirja\/wp-json\/wp\/v2\/posts\/299"}],"collection":[{"href":"https:\/\/www.kieliluotsi.fi\/lokikirja\/wp-json\/wp\/v2\/posts"}],"about":[{"href":"https:\/\/www.kieliluotsi.fi\/lokikirja\/wp-json\/wp\/v2\/types\/post"}],"author":[{"embeddable":true,"href":"https:\/\/www.kieliluotsi.fi\/lokikirja\/wp-json\/wp\/v2\/users\/3"}],"replies":[{"embeddable":true,"href":"https:\/\/www.kieliluotsi.fi\/lokikirja\/wp-json\/wp\/v2\/comments?post=299"}],"version-history":[{"count":6,"href":"https:\/\/www.kieliluotsi.fi\/lokikirja\/wp-json\/wp\/v2\/posts\/299\/revisions"}],"predecessor-version":[{"id":1060,"href":"https:\/\/www.kieliluotsi.fi\/lokikirja\/wp-json\/wp\/v2\/posts\/299\/revisions\/1060"}],"wp:featuredmedia":[{"embeddable":true,"href":"https:\/\/www.kieliluotsi.fi\/lokikirja\/wp-json\/wp\/v2\/media\/302"}],"wp:attachment":[{"href":"https:\/\/www.kieliluotsi.fi\/lokikirja\/wp-json\/wp\/v2\/media?parent=299"}],"wp:term":[{"taxonomy":"category","embeddable":true,"href":"https:\/\/www.kieliluotsi.fi\/lokikirja\/wp-json\/wp\/v2\/categories?post=299"},{"taxonomy":"post_tag","embeddable":true,"href":"https:\/\/www.kieliluotsi.fi\/lokikirja\/wp-json\/wp\/v2\/tags?post=299"}],"curies":[{"name":"wp","href":"https:\/\/api.w.org\/{rel}","templated":true}]}}