{"id":34,"date":"2014-02-24T11:59:58","date_gmt":"2014-02-24T09:59:58","guid":{"rendered":"https:\/\/www.kieliluotsi.fi\/lokikirja\/?p=34"},"modified":"2018-01-16T16:27:57","modified_gmt":"2018-01-16T14:27:57","slug":"tervetuloa-kieliluotsin-lokikirjan-lukijaksi","status":"publish","type":"post","link":"https:\/\/www.kieliluotsi.fi\/lokikirja\/tervetuloa-kieliluotsin-lokikirjan-lukijaksi\/","title":{"rendered":"Tervetuloa Kieliluotsin lokikirjan lukijaksi!"},"content":{"rendered":"<p>Kieliluotsilla on nyt blogi! T\u00e4ss\u00e4 uudessa lokikirjassa pohditaan, k\u00e4sitell\u00e4\u00e4n ja kommentoidaan monenlaisia kieleen liittyvi\u00e4 ilmi\u00f6it\u00e4 sek\u00e4 muitakin, Kieliluotsille kulloinkin ajankohtaisia asioita.<\/p>\n<p><!--more--><\/p>\n<p>Lukija voi saada kirjoituksista uutta tietoa kieliasioista sek\u00e4 my\u00f6s vinkkej\u00e4 omaan kielenk\u00e4ytt\u00f6\u00f6ns\u00e4. Kirjoitukset voivat havahduttaa lukijankin katsomaan kieliasioita aivan uudesta n\u00e4k\u00f6kulmasta ja her\u00e4tt\u00e4\u00e4 kiinnostuksen kielen monipuolisia ilmi\u00f6it\u00e4 kohtaan.<\/p>\n<p>Toivottavasti Kieliluotsin lokikirjoitukset ovat my\u00f6s viihdytt\u00e4v\u00e4\u00e4 lukemista! Vaikka kirjoittajat ovat kieliasiantuntijoita, kirjoitukset ovat yleistajuisia ja helppoja lukea. Eiv\u00e4tk\u00e4 kaikki kieliasiat ole suinkaan tylsi\u00e4, kieliasiantuntijoista puhumattakaan.<\/p>\n<h2>Lukeminen ja kielet kiinnostivat jo pienen\u00e4<\/h2>\n<p><a href=\"https:\/\/www.kieliluotsi.fi\/lokikirja\/media\/2014\/02\/lastenkirjoja.jpg\"><img decoding=\"async\" loading=\"lazy\" class=\"aligncenter size-full wp-image-798\" src=\"https:\/\/www.kieliluotsi.fi\/lokikirja\/media\/2014\/02\/lastenkirjoja.jpg\" alt=\"Lastenkirjoja\" width=\"1200\" height=\"787\" srcset=\"https:\/\/www.kieliluotsi.fi\/lokikirja\/media\/2014\/02\/lastenkirjoja.jpg 1200w, https:\/\/www.kieliluotsi.fi\/lokikirja\/media\/2014\/02\/lastenkirjoja-300x197.jpg 300w, https:\/\/www.kieliluotsi.fi\/lokikirja\/media\/2014\/02\/lastenkirjoja-768x504.jpg 768w, https:\/\/www.kieliluotsi.fi\/lokikirja\/media\/2014\/02\/lastenkirjoja-1024x672.jpg 1024w, https:\/\/www.kieliluotsi.fi\/lokikirja\/media\/2014\/02\/lastenkirjoja-624x409.jpg 624w\" sizes=\"(max-width: 1200px) 100vw, 1200px\" \/><\/a>Yksi Kieliluotsin kieliasiantuntijoista olen min\u00e4, Kieliluotsin perustaja Jutta Jarvansalo. Olen ollut kiinnostunut kielist\u00e4 oikeastaan niin kauan kuin muistan. Ensimm\u00e4isen\u00e4 kiinnostuin tietysti \u00e4idinkielest\u00e4ni suomesta.<\/p>\n<p>Minulle luettiin paljon kirjoja jo silloin, kun olin pieni, ja kun olin 5-vuotias, \u00e4itini oli er\u00e4\u00e4n\u00e4 p\u00e4iv\u00e4n\u00e4 huomannut minun osaavan lukea. Itse en muista tapahtumaa kunnolla, mutta olin kuulemma ihmetellyt, miksi asiasta tehtiin niin suuri numero: kaikkihan nyt lukea osaavat! Ja siit\u00e4 asti, jo l\u00e4hes 30 vuoden ajan, olen ollut innokas lukija.<\/p>\n<p>Olen my\u00f6s pienest\u00e4 pit\u00e4en kiinnitt\u00e4nyt erityist\u00e4 huomiota kieleen ja sen k\u00e4ytt\u00f6\u00f6n sek\u00e4 nauttinut varsinkin sanaleikeist\u00e4. Muistan viel\u00e4kin el\u00e4v\u00e4sti, kuinka hauska seuraava vitsi oli sen avauduttua minulle ollessani alle kouluik\u00e4inen: \u201dMies meni kauppaan. H\u00e4n n\u00e4ki siell\u00e4 rusakon, joka laittoi hintalappuja valkosipuleihin. Mies kysyi myyj\u00e4lt\u00e4, mit\u00e4 ihmett\u00e4 j\u00e4nis oikein tekee. Myyj\u00e4 vastasi: &#8217;J\u00e4nis laukkaa laputtaa.&#8217;\u201d<\/p>\n<p>Kiinnostuin muistakin kielist\u00e4 jo alle kouluik\u00e4isen\u00e4, sill\u00e4 perheess\u00e4ni arvostettiin kielten osaamista. En ollut yht\u00e4\u00e4n iloinen, kun t\u00e4tini muutti Norjaan minun ollessani 10-vuotias, mutta n\u00e4in j\u00e4lkeenp\u00e4in ajatellen se oli kielitaitoni kannalta todella hyv\u00e4 juttu: viett\u00e4ess\u00e4ni lomia Norjassa ala-asteik\u00e4isen\u00e4 opin my\u00f6s norjan kielen \u201dlapsen tavoin\u201d eli pelk\u00e4st\u00e4\u00e4n kuuntelemalla, lukemalla ja puhumalla.<\/p>\n<p>Yl\u00e4asteella lempiaineitani koulussa olivat ruotsi ja saksa. Lukiossa taas innostuin ranskasta ja etenkin ven\u00e4j\u00e4st\u00e4 erinomaisen ven\u00e4j\u00e4nopettajani ansiosta. Englannintaitoni puolestaan aktivoitui kunnolla viett\u00e4ess\u00e4ni opiskeluaikanani parisen kuukautta Kanadassa.<\/p>\n<p><a href=\"https:\/\/www.kieliluotsi.fi\/lokikirja\/media\/2014\/02\/ulkomaankielisi\u00e4-kirjoja.jpg\"><img decoding=\"async\" loading=\"lazy\" class=\"aligncenter size-full wp-image-800\" src=\"https:\/\/www.kieliluotsi.fi\/lokikirja\/media\/2014\/02\/ulkomaankielisi\u00e4-kirjoja.jpg\" alt=\"Ulkomaankielisi\u00e4 kirjoja\" width=\"1200\" height=\"807\" srcset=\"https:\/\/www.kieliluotsi.fi\/lokikirja\/media\/2014\/02\/ulkomaankielisi\u00e4-kirjoja.jpg 1200w, https:\/\/www.kieliluotsi.fi\/lokikirja\/media\/2014\/02\/ulkomaankielisi\u00e4-kirjoja-300x202.jpg 300w, https:\/\/www.kieliluotsi.fi\/lokikirja\/media\/2014\/02\/ulkomaankielisi\u00e4-kirjoja-768x516.jpg 768w, https:\/\/www.kieliluotsi.fi\/lokikirja\/media\/2014\/02\/ulkomaankielisi\u00e4-kirjoja-1024x689.jpg 1024w, https:\/\/www.kieliluotsi.fi\/lokikirja\/media\/2014\/02\/ulkomaankielisi\u00e4-kirjoja-624x420.jpg 624w\" sizes=\"(max-width: 1200px) 100vw, 1200px\" \/><\/a><\/p>\n<h2>Suomen kielen asiantuntijaksi<\/h2>\n<p>Yliopistossa p\u00e4\u00e4aineenani oli suomalais-ugrilainen kielentutkimus, jonka perus- ja aineopinnot olivat (joitakin valinnaisia kursseja lukuun ottamatta) samat kuin suomen kielen opiskelijoilla. Suomen opinnoista oli minulle todella paljon hy\u00f6ty\u00e4: opin ymm\u00e4rt\u00e4m\u00e4\u00e4n paremmin suomen kielen teoriaa, ja kielioppis\u00e4\u00e4nn\u00f6t j\u00e4iv\u00e4t p\u00e4\u00e4h\u00e4ni varmasti koko loppuel\u00e4m\u00e4kseni. Sain my\u00f6s luvan kutsua itse\u00e4ni suomen kielen asiantuntijaksi suoritettuani kielenhuollon kurssin puhtain paperein.<\/p>\n<p>Suomen kielen lis\u00e4ksi opintoihini kuului luonnollisesti suomen sukukieli\u00e4, ja suoritinkin my\u00f6s viron, komin ja pohjoissaamen kursseja. Sivuaineina opiskelin ven\u00e4j\u00e4\u00e4, unkaria ja fonetiikkaa, joista kaikista pidin paljon.<\/p>\n<p>Opintojen j\u00e4lkeen olen pit\u00e4nyt yll\u00e4 eri kielten kielitaitoani l\u00e4hinn\u00e4 matkustelemalla maissa, joissa kieli\u00e4 puhutaan, pit\u00e4m\u00e4ll\u00e4 alkeiskursseja kansalaisopistoissa sek\u00e4 lukemalla monenkielisi\u00e4 lehti\u00e4 ja nettisivuja. On ollut mukavaa huomata esimerkiksi, ett\u00e4 lukioranskalla p\u00e4rj\u00e4\u00e4 viel\u00e4 yli 10 vuotta opintojen j\u00e4lkeen turistina Ranskassa ja ett\u00e4 Budapestiss\u00e4 minua luullaan aina budalaiseksi!<\/p>\n<h2>Pohjoissaamen taitajaksi<\/h2>\n<p><a href=\"https:\/\/www.kieliluotsi.fi\/lokikirja\/media\/2014\/02\/oppikirjoja.jpg\"><img decoding=\"async\" loading=\"lazy\" class=\"aligncenter size-full wp-image-799\" src=\"https:\/\/www.kieliluotsi.fi\/lokikirja\/media\/2014\/02\/oppikirjoja.jpg\" alt=\"Norjan ja saamen kielen opiskelumateriaalia\" width=\"1200\" height=\"778\" srcset=\"https:\/\/www.kieliluotsi.fi\/lokikirja\/media\/2014\/02\/oppikirjoja.jpg 1200w, https:\/\/www.kieliluotsi.fi\/lokikirja\/media\/2014\/02\/oppikirjoja-300x195.jpg 300w, https:\/\/www.kieliluotsi.fi\/lokikirja\/media\/2014\/02\/oppikirjoja-768x498.jpg 768w, https:\/\/www.kieliluotsi.fi\/lokikirja\/media\/2014\/02\/oppikirjoja-1024x664.jpg 1024w, https:\/\/www.kieliluotsi.fi\/lokikirja\/media\/2014\/02\/oppikirjoja-624x405.jpg 624w\" sizes=\"(max-width: 1200px) 100vw, 1200px\" \/><\/a>Pohjoissaame kuitenkin vei minut menness\u00e4\u00e4n! Vietin opiskeluajastani puolisen vuotta vaihto-oppilaana Norjassa, jossa opiskelin saamea ja norjaa. Sen j\u00e4lkeen palasin muutamaksi kuukaudeksi opintojen pariin, kunnes l\u00e4hdin vuodeksi Pohjois-Suomeen opettamaan peruskoululaisille saamea sek\u00e4 biologiaa, maantietoa, uskontoa ja historiaa saameksi.<\/p>\n<p>Sielt\u00e4 palattuani tein pohjoissaamen fonetiikkaan liittyv\u00e4n gradun, valmistuin filosofian maisteriksi ja suoritin saamesta my\u00f6s yleisen kielitutkinnon. Olen pit\u00e4nyt saamenkielentaitoani yll\u00e4 my\u00f6s koko ajan sen j\u00e4lkeen opettamalla saamea kansalaisopistossa, seuraamalla saamenkielisi\u00e4 uutisia, lukemalla saamenkielisi\u00e4 lehti\u00e4 ja kirjoja sek\u00e4 tietysti k\u00e4ytt\u00e4m\u00e4ll\u00e4 saamea aina tilaisuuden tullen.<\/p>\n<h2>Kirjoittaminen on l\u00e4hell\u00e4 syd\u00e4nt\u00e4ni<\/h2>\n<p>Olen my\u00f6s aina pit\u00e4nyt kirjoittamisesta. Peruskoulussa ja lukiossa pidin hyvin paljon ainekirjoituksesta, ja olen aikuisenakin kirjoittanut jonkin verran p\u00f6yt\u00e4laatikkoon. Kirjoittaminen on mukavaa puuhaa, jossa yhdistyv\u00e4t leppoisa tajunnanvirta ja kielioppis\u00e4\u00e4nt\u00f6jen soveltaminen sopivassa suhteessa tekstist\u00e4 riippuen.<\/p>\n<p>Kirjoittaessa yleens\u00e4 unohtaa koko ymp\u00e4r\u00f6iv\u00e4n maailman eik\u00e4 edes tajua, ett\u00e4 aika kuluu niin nopeasti. Kirjoittaminen auttaa selvitt\u00e4m\u00e4\u00e4n ajatuksia sek\u00e4 muistamaan asioita paremmin ja siten my\u00f6s pit\u00e4m\u00e4\u00e4n kaikki langat k\u00e4siss\u00e4. Parasta tietysti on, jos saa kirjoittaa itse\u00e4\u00e4n kiinnostavista aiheista. Niinp\u00e4 olenkin ihan innoissani t\u00e4st\u00e4 blogista! Toivottavasti my\u00f6s te lukijat nautitte Kieliluotsin lokikirjoitusten parissa viett\u00e4mist\u00e4nne hetkist\u00e4. Min\u00e4 ainakin nautin!<\/p>\n<div id=\"attachment_40\" style=\"width: 452px\" class=\"wp-caption aligncenter\"><a href=\"https:\/\/www.kieliluotsi.fi\/lokikirja\/media\/2014\/02\/Kieliluotsin_lokikirja.jpg\"><img aria-describedby=\"caption-attachment-40\" decoding=\"async\" loading=\"lazy\" class=\"wp-image-40 size-full\" src=\"https:\/\/www.kieliluotsi.fi\/lokikirja\/media\/2014\/02\/Kieliluotsin_lokikirja.jpg\" alt=\"Kieliluotsin lokikirja\" width=\"442\" height=\"600\" srcset=\"https:\/\/www.kieliluotsi.fi\/lokikirja\/media\/2014\/02\/Kieliluotsin_lokikirja.jpg 442w, https:\/\/www.kieliluotsi.fi\/lokikirja\/media\/2014\/02\/Kieliluotsin_lokikirja-221x300.jpg 221w\" sizes=\"(max-width: 442px) 100vw, 442px\" \/><\/a><p id=\"caption-attachment-40\" class=\"wp-caption-text\">Tervetuloa Kieliluotsin lokikirjan lukijaksi!<\/p><\/div>\n","protected":false},"excerpt":{"rendered":"<p>Kieliluotsilla on nyt blogi! T\u00e4ss\u00e4 uudessa lokikirjassa pohditaan, k\u00e4sitell\u00e4\u00e4n ja kommentoidaan monenlaisia kieleen liittyvi\u00e4 ilmi\u00f6it\u00e4 sek\u00e4 muitakin, Kieliluotsille kulloinkin ajankohtaisia asioita.<\/p>\n","protected":false},"author":3,"featured_media":40,"comment_status":"open","ping_status":"open","sticky":false,"template":"","format":"standard","meta":[],"categories":[1],"tags":[9,6,8,7,5],"yoast_head":"<!-- This site is optimized with the Yoast SEO plugin v20.13 - https:\/\/yoast.com\/wordpress\/plugins\/seo\/ -->\n<title>Tervetuloa Kieliluotsin lokikirjan lukijaksi! \u2013 Kieliluotsin lokikirja<\/title>\n<meta name=\"description\" content=\"Kieliluotsin uudessa lokikirjassa pohditaan, k\u00e4sitell\u00e4\u00e4n ja kommentoidaan monenlaisia kieleen liittyvi\u00e4 ilmi\u00f6it\u00e4 sek\u00e4 Kieliluotsille ajankohtaisia asioita.\" \/>\n<meta name=\"robots\" content=\"index, follow, max-snippet:-1, max-image-preview:large, max-video-preview:-1\" \/>\n<link rel=\"canonical\" href=\"https:\/\/www.kieliluotsi.fi\/lokikirja\/tervetuloa-kieliluotsin-lokikirjan-lukijaksi\/\" \/>\n<meta property=\"og:locale\" content=\"fi_FI\" \/>\n<meta property=\"og:type\" content=\"article\" \/>\n<meta property=\"og:title\" content=\"Tervetuloa Kieliluotsin lokikirjan lukijaksi! \u2013 Kieliluotsin lokikirja\" \/>\n<meta property=\"og:description\" content=\"Kieliluotsin uudessa lokikirjassa pohditaan, k\u00e4sitell\u00e4\u00e4n ja kommentoidaan monenlaisia kieleen liittyvi\u00e4 ilmi\u00f6it\u00e4 sek\u00e4 Kieliluotsille ajankohtaisia asioita.\" \/>\n<meta property=\"og:url\" content=\"https:\/\/www.kieliluotsi.fi\/lokikirja\/tervetuloa-kieliluotsin-lokikirjan-lukijaksi\/\" \/>\n<meta property=\"og:site_name\" content=\"Kieliluotsin lokikirja\" \/>\n<meta property=\"article:published_time\" content=\"2014-02-24T09:59:58+00:00\" \/>\n<meta property=\"article:modified_time\" content=\"2018-01-16T14:27:57+00:00\" \/>\n<meta property=\"og:image\" content=\"https:\/\/www.kieliluotsi.fi\/lokikirja\/media\/2014\/02\/Kieliluotsin_lokikirja.jpg\" \/>\n\t<meta property=\"og:image:width\" content=\"442\" \/>\n\t<meta property=\"og:image:height\" content=\"600\" \/>\n\t<meta property=\"og:image:type\" content=\"image\/jpeg\" \/>\n<meta name=\"author\" content=\"Jutta Posti\" \/>\n<meta name=\"twitter:label1\" content=\"Kirjoittanut\" \/>\n\t<meta name=\"twitter:data1\" content=\"Jutta Posti\" \/>\n\t<meta name=\"twitter:label2\" content=\"Arvioitu lukuaika\" \/>\n\t<meta name=\"twitter:data2\" content=\"4 minuuttia\" \/>\n<script type=\"application\/ld+json\" class=\"yoast-schema-graph\">{\"@context\":\"https:\/\/schema.org\",\"@graph\":[{\"@type\":\"WebPage\",\"@id\":\"https:\/\/www.kieliluotsi.fi\/lokikirja\/tervetuloa-kieliluotsin-lokikirjan-lukijaksi\/\",\"url\":\"https:\/\/www.kieliluotsi.fi\/lokikirja\/tervetuloa-kieliluotsin-lokikirjan-lukijaksi\/\",\"name\":\"Tervetuloa Kieliluotsin lokikirjan lukijaksi! \u2013 Kieliluotsin lokikirja\",\"isPartOf\":{\"@id\":\"https:\/\/www.kieliluotsi.fi\/lokikirja\/#website\"},\"datePublished\":\"2014-02-24T09:59:58+00:00\",\"dateModified\":\"2018-01-16T14:27:57+00:00\",\"author\":{\"@id\":\"https:\/\/www.kieliluotsi.fi\/lokikirja\/#\/schema\/person\/be983f8146cb3edad975db1e1f487dc3\"},\"description\":\"Kieliluotsin uudessa lokikirjassa pohditaan, k\u00e4sitell\u00e4\u00e4n ja kommentoidaan monenlaisia kieleen liittyvi\u00e4 ilmi\u00f6it\u00e4 sek\u00e4 Kieliluotsille ajankohtaisia asioita.\",\"breadcrumb\":{\"@id\":\"https:\/\/www.kieliluotsi.fi\/lokikirja\/tervetuloa-kieliluotsin-lokikirjan-lukijaksi\/#breadcrumb\"},\"inLanguage\":\"fi\",\"potentialAction\":[{\"@type\":\"ReadAction\",\"target\":[\"https:\/\/www.kieliluotsi.fi\/lokikirja\/tervetuloa-kieliluotsin-lokikirjan-lukijaksi\/\"]}]},{\"@type\":\"BreadcrumbList\",\"@id\":\"https:\/\/www.kieliluotsi.fi\/lokikirja\/tervetuloa-kieliluotsin-lokikirjan-lukijaksi\/#breadcrumb\",\"itemListElement\":[{\"@type\":\"ListItem\",\"position\":1,\"name\":\"Etusivu\",\"item\":\"https:\/\/www.kieliluotsi.fi\/lokikirja\/\"},{\"@type\":\"ListItem\",\"position\":2,\"name\":\"Tervetuloa Kieliluotsin lokikirjan lukijaksi!\"}]},{\"@type\":\"WebSite\",\"@id\":\"https:\/\/www.kieliluotsi.fi\/lokikirja\/#website\",\"url\":\"https:\/\/www.kieliluotsi.fi\/lokikirja\/\",\"name\":\"Kieliluotsin lokikirja\",\"description\":\"havaintoja kielest\u00e4 ja sen ilmi\u00f6ist\u00e4\",\"potentialAction\":[{\"@type\":\"SearchAction\",\"target\":{\"@type\":\"EntryPoint\",\"urlTemplate\":\"https:\/\/www.kieliluotsi.fi\/lokikirja\/?s={search_term_string}\"},\"query-input\":\"required name=search_term_string\"}],\"inLanguage\":\"fi\"},{\"@type\":\"Person\",\"@id\":\"https:\/\/www.kieliluotsi.fi\/lokikirja\/#\/schema\/person\/be983f8146cb3edad975db1e1f487dc3\",\"name\":\"Jutta Posti\",\"image\":{\"@type\":\"ImageObject\",\"inLanguage\":\"fi\",\"@id\":\"https:\/\/www.kieliluotsi.fi\/lokikirja\/#\/schema\/person\/image\/\",\"url\":\"https:\/\/www.kieliluotsi.fi\/lokikirja\/media\/2017\/11\/Jutta-Posti_avatar_1511473595-96x96.jpg\",\"contentUrl\":\"https:\/\/www.kieliluotsi.fi\/lokikirja\/media\/2017\/11\/Jutta-Posti_avatar_1511473595-96x96.jpg\",\"caption\":\"Jutta Posti\"},\"description\":\"Jutta Posti (FM) on haminalainen humanisti ja kielifriikki. H\u00e4n on kielipalveluja tarjoavan Kieliluotsin perustaja ja kieliasiantuntija.\",\"sameAs\":[\"https:\/\/www.kieliluotsi.fi\"],\"url\":\"https:\/\/www.kieliluotsi.fi\/lokikirja\/author\/jutta_jarvansalo\/\"}]}<\/script>\n<!-- \/ Yoast SEO plugin. -->","yoast_head_json":{"title":"Tervetuloa Kieliluotsin lokikirjan lukijaksi! \u2013 Kieliluotsin lokikirja","description":"Kieliluotsin uudessa lokikirjassa pohditaan, k\u00e4sitell\u00e4\u00e4n ja kommentoidaan monenlaisia kieleen liittyvi\u00e4 ilmi\u00f6it\u00e4 sek\u00e4 Kieliluotsille ajankohtaisia asioita.","robots":{"index":"index","follow":"follow","max-snippet":"max-snippet:-1","max-image-preview":"max-image-preview:large","max-video-preview":"max-video-preview:-1"},"canonical":"https:\/\/www.kieliluotsi.fi\/lokikirja\/tervetuloa-kieliluotsin-lokikirjan-lukijaksi\/","og_locale":"fi_FI","og_type":"article","og_title":"Tervetuloa Kieliluotsin lokikirjan lukijaksi! \u2013 Kieliluotsin lokikirja","og_description":"Kieliluotsin uudessa lokikirjassa pohditaan, k\u00e4sitell\u00e4\u00e4n ja kommentoidaan monenlaisia kieleen liittyvi\u00e4 ilmi\u00f6it\u00e4 sek\u00e4 Kieliluotsille ajankohtaisia asioita.","og_url":"https:\/\/www.kieliluotsi.fi\/lokikirja\/tervetuloa-kieliluotsin-lokikirjan-lukijaksi\/","og_site_name":"Kieliluotsin lokikirja","article_published_time":"2014-02-24T09:59:58+00:00","article_modified_time":"2018-01-16T14:27:57+00:00","og_image":[{"width":442,"height":600,"url":"https:\/\/www.kieliluotsi.fi\/lokikirja\/media\/2014\/02\/Kieliluotsin_lokikirja.jpg","type":"image\/jpeg"}],"author":"Jutta Posti","twitter_misc":{"Kirjoittanut":"Jutta Posti","Arvioitu lukuaika":"4 minuuttia"},"schema":{"@context":"https:\/\/schema.org","@graph":[{"@type":"WebPage","@id":"https:\/\/www.kieliluotsi.fi\/lokikirja\/tervetuloa-kieliluotsin-lokikirjan-lukijaksi\/","url":"https:\/\/www.kieliluotsi.fi\/lokikirja\/tervetuloa-kieliluotsin-lokikirjan-lukijaksi\/","name":"Tervetuloa Kieliluotsin lokikirjan lukijaksi! \u2013 Kieliluotsin lokikirja","isPartOf":{"@id":"https:\/\/www.kieliluotsi.fi\/lokikirja\/#website"},"datePublished":"2014-02-24T09:59:58+00:00","dateModified":"2018-01-16T14:27:57+00:00","author":{"@id":"https:\/\/www.kieliluotsi.fi\/lokikirja\/#\/schema\/person\/be983f8146cb3edad975db1e1f487dc3"},"description":"Kieliluotsin uudessa lokikirjassa pohditaan, k\u00e4sitell\u00e4\u00e4n ja kommentoidaan monenlaisia kieleen liittyvi\u00e4 ilmi\u00f6it\u00e4 sek\u00e4 Kieliluotsille ajankohtaisia asioita.","breadcrumb":{"@id":"https:\/\/www.kieliluotsi.fi\/lokikirja\/tervetuloa-kieliluotsin-lokikirjan-lukijaksi\/#breadcrumb"},"inLanguage":"fi","potentialAction":[{"@type":"ReadAction","target":["https:\/\/www.kieliluotsi.fi\/lokikirja\/tervetuloa-kieliluotsin-lokikirjan-lukijaksi\/"]}]},{"@type":"BreadcrumbList","@id":"https:\/\/www.kieliluotsi.fi\/lokikirja\/tervetuloa-kieliluotsin-lokikirjan-lukijaksi\/#breadcrumb","itemListElement":[{"@type":"ListItem","position":1,"name":"Etusivu","item":"https:\/\/www.kieliluotsi.fi\/lokikirja\/"},{"@type":"ListItem","position":2,"name":"Tervetuloa Kieliluotsin lokikirjan lukijaksi!"}]},{"@type":"WebSite","@id":"https:\/\/www.kieliluotsi.fi\/lokikirja\/#website","url":"https:\/\/www.kieliluotsi.fi\/lokikirja\/","name":"Kieliluotsin lokikirja","description":"havaintoja kielest\u00e4 ja sen ilmi\u00f6ist\u00e4","potentialAction":[{"@type":"SearchAction","target":{"@type":"EntryPoint","urlTemplate":"https:\/\/www.kieliluotsi.fi\/lokikirja\/?s={search_term_string}"},"query-input":"required name=search_term_string"}],"inLanguage":"fi"},{"@type":"Person","@id":"https:\/\/www.kieliluotsi.fi\/lokikirja\/#\/schema\/person\/be983f8146cb3edad975db1e1f487dc3","name":"Jutta Posti","image":{"@type":"ImageObject","inLanguage":"fi","@id":"https:\/\/www.kieliluotsi.fi\/lokikirja\/#\/schema\/person\/image\/","url":"https:\/\/www.kieliluotsi.fi\/lokikirja\/media\/2017\/11\/Jutta-Posti_avatar_1511473595-96x96.jpg","contentUrl":"https:\/\/www.kieliluotsi.fi\/lokikirja\/media\/2017\/11\/Jutta-Posti_avatar_1511473595-96x96.jpg","caption":"Jutta Posti"},"description":"Jutta Posti (FM) on haminalainen humanisti ja kielifriikki. H\u00e4n on kielipalveluja tarjoavan Kieliluotsin perustaja ja kieliasiantuntija.","sameAs":["https:\/\/www.kieliluotsi.fi"],"url":"https:\/\/www.kieliluotsi.fi\/lokikirja\/author\/jutta_jarvansalo\/"}]}},"_links":{"self":[{"href":"https:\/\/www.kieliluotsi.fi\/lokikirja\/wp-json\/wp\/v2\/posts\/34"}],"collection":[{"href":"https:\/\/www.kieliluotsi.fi\/lokikirja\/wp-json\/wp\/v2\/posts"}],"about":[{"href":"https:\/\/www.kieliluotsi.fi\/lokikirja\/wp-json\/wp\/v2\/types\/post"}],"author":[{"embeddable":true,"href":"https:\/\/www.kieliluotsi.fi\/lokikirja\/wp-json\/wp\/v2\/users\/3"}],"replies":[{"embeddable":true,"href":"https:\/\/www.kieliluotsi.fi\/lokikirja\/wp-json\/wp\/v2\/comments?post=34"}],"version-history":[{"count":32,"href":"https:\/\/www.kieliluotsi.fi\/lokikirja\/wp-json\/wp\/v2\/posts\/34\/revisions"}],"predecessor-version":[{"id":802,"href":"https:\/\/www.kieliluotsi.fi\/lokikirja\/wp-json\/wp\/v2\/posts\/34\/revisions\/802"}],"wp:featuredmedia":[{"embeddable":true,"href":"https:\/\/www.kieliluotsi.fi\/lokikirja\/wp-json\/wp\/v2\/media\/40"}],"wp:attachment":[{"href":"https:\/\/www.kieliluotsi.fi\/lokikirja\/wp-json\/wp\/v2\/media?parent=34"}],"wp:term":[{"taxonomy":"category","embeddable":true,"href":"https:\/\/www.kieliluotsi.fi\/lokikirja\/wp-json\/wp\/v2\/categories?post=34"},{"taxonomy":"post_tag","embeddable":true,"href":"https:\/\/www.kieliluotsi.fi\/lokikirja\/wp-json\/wp\/v2\/tags?post=34"}],"curies":[{"name":"wp","href":"https:\/\/api.w.org\/{rel}","templated":true}]}}