{"id":351,"date":"2015-02-08T17:50:32","date_gmt":"2015-02-08T15:50:32","guid":{"rendered":"https:\/\/www.kieliluotsi.fi\/lokikirja\/?p=351"},"modified":"2018-03-05T14:00:37","modified_gmt":"2018-03-05T12:00:37","slug":"ruukkupuutarha-kaantyi-suomeksi","status":"publish","type":"post","link":"https:\/\/www.kieliluotsi.fi\/lokikirja\/ruukkupuutarha-kaantyi-suomeksi\/","title":{"rendered":"Ruukkupuutarha k\u00e4\u00e4ntyi suomeksi"},"content":{"rendered":"<p>Ruotsalaiset Annika Christensen ja Ulrica Otterling julkaisivat viime vuonna hienon ja kiinnostavan puutarhakirjan, joka keskittyi ruukkujen hy\u00f6dynt\u00e4miseen kukkien ja muiden kasvien kasvattamisessa. Aihe kiinnostaa varmasti my\u00f6s suomalaisia viherpeukaloita, ja niinp\u00e4 sainkin kirjan k\u00e4\u00e4nnett\u00e4v\u00e4kseni viime syksyn\u00e4.<\/p>\n<p><!--more--><\/p>\n<p><em>Ruukkupuutarha : Iloa ymp\u00e4ri vuoden<\/em> -kirja avaa lukijoilleen ruukkujen k\u00e4yt\u00f6n mahdollisuuksia kaikkina vuodenaikoina. Ruukuissa voi perinteisten kukkien lis\u00e4ksi kasvattaa my\u00f6s muita koristekasveja, maustekasveja, vihanneksia ja jopa puita. Lis\u00e4ksi ruukkuihin voi tehd\u00e4 asetelmia l\u00e4hes mit\u00e4 tahansa materiaaleja k\u00e4ytt\u00e4en.<\/p>\n<p>Ulrican kirjoittamaa asiantuntevaa ja kiinnostavaa teksti\u00e4 t\u00e4ydent\u00e4v\u00e4t Annikan ottamat kauniit ja tunnelmaa luovat valokuvat, joita kirjassa on hy\u00f6dynnetty runsaasti. Se tekee kirjasta viel\u00e4 upeamman lukukokemuksen, sill\u00e4 kuvahan tunnetusti kertoo enemm\u00e4n kuin tuhat sanaa. Kuvien tehoa lis\u00e4\u00e4 viel\u00e4 se, ett\u00e4 kirja on melko suurikokoinen (190 x 287 mm).<\/p>\n<h2>Kirja k\u00e4\u00e4nt\u00e4j\u00e4n kannalta<\/h2>\n<p><a href=\"https:\/\/www.kieliluotsi.fi\/lokikirja\/media\/2015\/02\/kukkalajeja.jpg\"><img decoding=\"async\" loading=\"lazy\" class=\"aligncenter size-full wp-image-838\" src=\"https:\/\/www.kieliluotsi.fi\/lokikirja\/media\/2015\/02\/kukkalajeja.jpg\" alt=\"Kukkalajeja\" width=\"1200\" height=\"900\" srcset=\"https:\/\/www.kieliluotsi.fi\/lokikirja\/media\/2015\/02\/kukkalajeja.jpg 1200w, https:\/\/www.kieliluotsi.fi\/lokikirja\/media\/2015\/02\/kukkalajeja-300x225.jpg 300w, https:\/\/www.kieliluotsi.fi\/lokikirja\/media\/2015\/02\/kukkalajeja-768x576.jpg 768w, https:\/\/www.kieliluotsi.fi\/lokikirja\/media\/2015\/02\/kukkalajeja-1024x768.jpg 1024w, https:\/\/www.kieliluotsi.fi\/lokikirja\/media\/2015\/02\/kukkalajeja-624x468.jpg 624w\" sizes=\"(max-width: 1200px) 100vw, 1200px\" \/><\/a><em>Ruukkupuutarha<\/em> oli suurimmaksi osaksi mukava k\u00e4\u00e4nnett\u00e4v\u00e4, vaikka k\u00e4\u00e4nt\u00e4minen olikin melko hidasta runsaan kasvivalikoiman vuoksi. Ruotsinkielinen teksti oli sujuvaa, tosin paikoitellen hieman pomppivaa ja joskus jopa ep\u00e4loogista. Joitakin asioita my\u00f6s toistettiin mielest\u00e4ni turhankin usein.<\/p>\n<p>Kirjan runsas kuvitus helpotti osaltaan k\u00e4\u00e4nt\u00e4j\u00e4n ty\u00f6t\u00e4, sill\u00e4 kaikille kasveille ei ollut kovin helppo l\u00f6yt\u00e4\u00e4 suomenkielisi\u00e4 nimi\u00e4. Viel\u00e4 vaikeampaa se olisi varmasti ollut ilman kuvia. Jotkut kasvit tosin ovat niin uusia tulokkaita t\u00e4\u00e4ll\u00e4 Pohjolassa, ett\u00e4 niille ei ole viel\u00e4 edes keksitty suomenkielist\u00e4 nime\u00e4. Niiss\u00e4 tapauksissa piti tyyty\u00e4 pelk\u00e4st\u00e4\u00e4n latinankieliseen nimeen.<\/p>\n<p>Kirjassa oli my\u00f6s k\u00e4ytetty joitakin minulle ennest\u00e4\u00e4n vieraita kasvitieteellisi\u00e4 termej\u00e4, joiden oikea suomenkielinen muoto minun piti viel\u00e4 (sanakirjojen lis\u00e4ksi) tarkistaa hortonomiyst\u00e4v\u00e4lt\u00e4ni (suuri kiitos h\u00e4nelle!).<\/p>\n<p>Suurin yksitt\u00e4inen selvittelyty\u00f6 kirjan k\u00e4\u00e4nt\u00e4misen yhteydess\u00e4 liittyi kasvuvy\u00f6hykkeisiin. Kirja oli tietenkin tehty Ruotsin kasvuvy\u00f6hykkeiden pohjalta, ja niihin viittaavat kohdat piti sitten mukauttaa Suomen oloihin sopivaksi.<\/p>\n<p>Onneksi oikean suomalaisen kasvuvy\u00f6hykkeen l\u00f6yt\u00e4minen oli kuitenkin monen kasvin osalta melko helppoa. Silti se vaati tietysti hieman enemm\u00e4n vaivann\u00e4k\u00f6\u00e4 ja aikaa kuin pelkk\u00e4 suora k\u00e4\u00e4nt\u00e4minen.<\/p>\n<h2>My\u00f6s mukavuudenhaluisille<\/h2>\n<p><a href=\"https:\/\/www.kieliluotsi.fi\/lokikirja\/media\/2015\/02\/talviruukku.jpg\"><img decoding=\"async\" loading=\"lazy\" class=\"aligncenter size-full wp-image-839\" src=\"https:\/\/www.kieliluotsi.fi\/lokikirja\/media\/2015\/02\/talviruukku.jpg\" alt=\"Talviruukku\" width=\"1200\" height=\"900\" srcset=\"https:\/\/www.kieliluotsi.fi\/lokikirja\/media\/2015\/02\/talviruukku.jpg 1200w, https:\/\/www.kieliluotsi.fi\/lokikirja\/media\/2015\/02\/talviruukku-300x225.jpg 300w, https:\/\/www.kieliluotsi.fi\/lokikirja\/media\/2015\/02\/talviruukku-768x576.jpg 768w, https:\/\/www.kieliluotsi.fi\/lokikirja\/media\/2015\/02\/talviruukku-1024x768.jpg 1024w, https:\/\/www.kieliluotsi.fi\/lokikirja\/media\/2015\/02\/talviruukku-624x468.jpg 624w\" sizes=\"(max-width: 1200px) 100vw, 1200px\" \/><\/a><em>Ruukkupuutarha<\/em> on kirja kaikille ruukkukasveista ja -viljelyst\u00e4 kiinnostuneille. Eik\u00e4 pelk\u00e4st\u00e4\u00e4n heille; my\u00f6s muut kuin viherpeukalot voivat innostua kirjan vinkeist\u00e4 ja ohjeista ja saada niist\u00e4 omiakin ideoita.<\/p>\n<p>Kaikkiin (etenk\u00e4\u00e4n talvisiin) ruukkuasetelmiin ei tarvita edes multaa, joten kasteluakaan ei vaadita. Sellaiset ruukkuasetelmat sopivat siis my\u00f6s minulle ja muille mukavuudenhaluisille, sill\u00e4 asetelmasta on \u201dvaivaa\u201d vain sen tekemisen ajan. T\u00e4ytyyp\u00e4 l\u00e4hte\u00e4 ker\u00e4ilem\u00e4\u00e4n risuja, k\u00e4pyj\u00e4 ja kivi\u00e4 ja kokeilla, millainen asetelma niist\u00e4 syntyisi!<\/p>\n<div id=\"attachment_353\" style=\"width: 499px\" class=\"wp-caption aligncenter\"><a href=\"https:\/\/www.kieliluotsi.fi\/lokikirja\/media\/2015\/02\/Ruukkupuutarha.jpg\"><img aria-describedby=\"caption-attachment-353\" decoding=\"async\" loading=\"lazy\" class=\"wp-image-353 size-full\" src=\"https:\/\/www.kieliluotsi.fi\/lokikirja\/media\/2015\/02\/Ruukkupuutarha.jpg\" alt=\"Ruukkupuutarha-kirja k\u00e4\u00e4ntyi suomeksi\" width=\"489\" height=\"700\" srcset=\"https:\/\/www.kieliluotsi.fi\/lokikirja\/media\/2015\/02\/Ruukkupuutarha.jpg 489w, https:\/\/www.kieliluotsi.fi\/lokikirja\/media\/2015\/02\/Ruukkupuutarha-210x300.jpg 210w\" sizes=\"(max-width: 489px) 100vw, 489px\" \/><\/a><p id=\"caption-attachment-353\" class=\"wp-caption-text\">Ruukkupuutarha-kirjan k\u00e4\u00e4nt\u00e4minen suomeksi opetti k\u00e4\u00e4nt\u00e4j\u00e4lle paljon uutta.<\/p><\/div>\n","protected":false},"excerpt":{"rendered":"<p>Ruotsalaiset Annika Christensen ja Ulrica Otterling julkaisivat viime vuonna hienon ja kiinnostavan puutarhakirjan, joka keskittyi ruukkujen hy\u00f6dynt\u00e4miseen kukkien ja muiden kasvien kasvattamisessa. Aihe kiinnostaa varmasti my\u00f6s suomalaisia viherpeukaloita, ja niinp\u00e4 sainkin kirjan k\u00e4\u00e4nnett\u00e4v\u00e4kseni viime syksyn\u00e4.<\/p>\n","protected":false},"author":3,"featured_media":353,"comment_status":"open","ping_status":"open","sticky":false,"template":"","format":"standard","meta":[],"categories":[1],"tags":[26,46,25,148,202,32,55],"yoast_head":"<!-- This site is optimized with the Yoast SEO plugin v20.13 - https:\/\/yoast.com\/wordpress\/plugins\/seo\/ -->\n<title>Ruukkupuutarha k\u00e4\u00e4ntyi suomeksi \u2013 Kieliluotsin lokikirja<\/title>\n<meta name=\"description\" content=\"Ruukkupuutarha : Iloa ymp\u00e4ri vuoden -kirja on juuri ilmestynyt suomeksi. Millaista sen k\u00e4\u00e4nt\u00e4minen oli?\" \/>\n<meta name=\"robots\" content=\"index, follow, max-snippet:-1, max-image-preview:large, max-video-preview:-1\" \/>\n<link rel=\"canonical\" href=\"https:\/\/www.kieliluotsi.fi\/lokikirja\/ruukkupuutarha-kaantyi-suomeksi\/\" \/>\n<meta property=\"og:locale\" content=\"fi_FI\" \/>\n<meta property=\"og:type\" content=\"article\" \/>\n<meta property=\"og:title\" content=\"Ruukkupuutarha k\u00e4\u00e4ntyi suomeksi \u2013 Kieliluotsin lokikirja\" \/>\n<meta property=\"og:description\" content=\"Ruukkupuutarha : Iloa ymp\u00e4ri vuoden -kirja on juuri ilmestynyt suomeksi. Millaista sen k\u00e4\u00e4nt\u00e4minen oli?\" \/>\n<meta property=\"og:url\" content=\"https:\/\/www.kieliluotsi.fi\/lokikirja\/ruukkupuutarha-kaantyi-suomeksi\/\" \/>\n<meta property=\"og:site_name\" content=\"Kieliluotsin lokikirja\" \/>\n<meta property=\"article:published_time\" content=\"2015-02-08T15:50:32+00:00\" \/>\n<meta property=\"article:modified_time\" content=\"2018-03-05T12:00:37+00:00\" \/>\n<meta property=\"og:image\" content=\"https:\/\/www.kieliluotsi.fi\/lokikirja\/media\/2015\/02\/Ruukkupuutarha.jpg\" \/>\n\t<meta property=\"og:image:width\" content=\"489\" \/>\n\t<meta property=\"og:image:height\" content=\"700\" \/>\n\t<meta property=\"og:image:type\" content=\"image\/jpeg\" \/>\n<meta name=\"author\" content=\"Jutta Posti\" \/>\n<meta name=\"twitter:label1\" content=\"Kirjoittanut\" \/>\n\t<meta name=\"twitter:data1\" content=\"Jutta Posti\" \/>\n\t<meta name=\"twitter:label2\" content=\"Arvioitu lukuaika\" \/>\n\t<meta name=\"twitter:data2\" content=\"2 minuuttia\" \/>\n<script type=\"application\/ld+json\" class=\"yoast-schema-graph\">{\"@context\":\"https:\/\/schema.org\",\"@graph\":[{\"@type\":\"WebPage\",\"@id\":\"https:\/\/www.kieliluotsi.fi\/lokikirja\/ruukkupuutarha-kaantyi-suomeksi\/\",\"url\":\"https:\/\/www.kieliluotsi.fi\/lokikirja\/ruukkupuutarha-kaantyi-suomeksi\/\",\"name\":\"Ruukkupuutarha k\u00e4\u00e4ntyi suomeksi \u2013 Kieliluotsin lokikirja\",\"isPartOf\":{\"@id\":\"https:\/\/www.kieliluotsi.fi\/lokikirja\/#website\"},\"datePublished\":\"2015-02-08T15:50:32+00:00\",\"dateModified\":\"2018-03-05T12:00:37+00:00\",\"author\":{\"@id\":\"https:\/\/www.kieliluotsi.fi\/lokikirja\/#\/schema\/person\/be983f8146cb3edad975db1e1f487dc3\"},\"description\":\"Ruukkupuutarha : Iloa ymp\u00e4ri vuoden -kirja on juuri ilmestynyt suomeksi. Millaista sen k\u00e4\u00e4nt\u00e4minen oli?\",\"breadcrumb\":{\"@id\":\"https:\/\/www.kieliluotsi.fi\/lokikirja\/ruukkupuutarha-kaantyi-suomeksi\/#breadcrumb\"},\"inLanguage\":\"fi\",\"potentialAction\":[{\"@type\":\"ReadAction\",\"target\":[\"https:\/\/www.kieliluotsi.fi\/lokikirja\/ruukkupuutarha-kaantyi-suomeksi\/\"]}]},{\"@type\":\"BreadcrumbList\",\"@id\":\"https:\/\/www.kieliluotsi.fi\/lokikirja\/ruukkupuutarha-kaantyi-suomeksi\/#breadcrumb\",\"itemListElement\":[{\"@type\":\"ListItem\",\"position\":1,\"name\":\"Etusivu\",\"item\":\"https:\/\/www.kieliluotsi.fi\/lokikirja\/\"},{\"@type\":\"ListItem\",\"position\":2,\"name\":\"Ruukkupuutarha k\u00e4\u00e4ntyi suomeksi\"}]},{\"@type\":\"WebSite\",\"@id\":\"https:\/\/www.kieliluotsi.fi\/lokikirja\/#website\",\"url\":\"https:\/\/www.kieliluotsi.fi\/lokikirja\/\",\"name\":\"Kieliluotsin lokikirja\",\"description\":\"havaintoja kielest\u00e4 ja sen ilmi\u00f6ist\u00e4\",\"potentialAction\":[{\"@type\":\"SearchAction\",\"target\":{\"@type\":\"EntryPoint\",\"urlTemplate\":\"https:\/\/www.kieliluotsi.fi\/lokikirja\/?s={search_term_string}\"},\"query-input\":\"required name=search_term_string\"}],\"inLanguage\":\"fi\"},{\"@type\":\"Person\",\"@id\":\"https:\/\/www.kieliluotsi.fi\/lokikirja\/#\/schema\/person\/be983f8146cb3edad975db1e1f487dc3\",\"name\":\"Jutta Posti\",\"image\":{\"@type\":\"ImageObject\",\"inLanguage\":\"fi\",\"@id\":\"https:\/\/www.kieliluotsi.fi\/lokikirja\/#\/schema\/person\/image\/\",\"url\":\"https:\/\/www.kieliluotsi.fi\/lokikirja\/media\/2017\/11\/Jutta-Posti_avatar_1511473595-96x96.jpg\",\"contentUrl\":\"https:\/\/www.kieliluotsi.fi\/lokikirja\/media\/2017\/11\/Jutta-Posti_avatar_1511473595-96x96.jpg\",\"caption\":\"Jutta Posti\"},\"description\":\"Jutta Posti (FM) on haminalainen humanisti ja kielifriikki. H\u00e4n on kielipalveluja tarjoavan Kieliluotsin perustaja ja kieliasiantuntija.\",\"sameAs\":[\"https:\/\/www.kieliluotsi.fi\"],\"url\":\"https:\/\/www.kieliluotsi.fi\/lokikirja\/author\/jutta_jarvansalo\/\"}]}<\/script>\n<!-- \/ Yoast SEO plugin. -->","yoast_head_json":{"title":"Ruukkupuutarha k\u00e4\u00e4ntyi suomeksi \u2013 Kieliluotsin lokikirja","description":"Ruukkupuutarha : Iloa ymp\u00e4ri vuoden -kirja on juuri ilmestynyt suomeksi. Millaista sen k\u00e4\u00e4nt\u00e4minen oli?","robots":{"index":"index","follow":"follow","max-snippet":"max-snippet:-1","max-image-preview":"max-image-preview:large","max-video-preview":"max-video-preview:-1"},"canonical":"https:\/\/www.kieliluotsi.fi\/lokikirja\/ruukkupuutarha-kaantyi-suomeksi\/","og_locale":"fi_FI","og_type":"article","og_title":"Ruukkupuutarha k\u00e4\u00e4ntyi suomeksi \u2013 Kieliluotsin lokikirja","og_description":"Ruukkupuutarha : Iloa ymp\u00e4ri vuoden -kirja on juuri ilmestynyt suomeksi. Millaista sen k\u00e4\u00e4nt\u00e4minen oli?","og_url":"https:\/\/www.kieliluotsi.fi\/lokikirja\/ruukkupuutarha-kaantyi-suomeksi\/","og_site_name":"Kieliluotsin lokikirja","article_published_time":"2015-02-08T15:50:32+00:00","article_modified_time":"2018-03-05T12:00:37+00:00","og_image":[{"width":489,"height":700,"url":"https:\/\/www.kieliluotsi.fi\/lokikirja\/media\/2015\/02\/Ruukkupuutarha.jpg","type":"image\/jpeg"}],"author":"Jutta Posti","twitter_misc":{"Kirjoittanut":"Jutta Posti","Arvioitu lukuaika":"2 minuuttia"},"schema":{"@context":"https:\/\/schema.org","@graph":[{"@type":"WebPage","@id":"https:\/\/www.kieliluotsi.fi\/lokikirja\/ruukkupuutarha-kaantyi-suomeksi\/","url":"https:\/\/www.kieliluotsi.fi\/lokikirja\/ruukkupuutarha-kaantyi-suomeksi\/","name":"Ruukkupuutarha k\u00e4\u00e4ntyi suomeksi \u2013 Kieliluotsin lokikirja","isPartOf":{"@id":"https:\/\/www.kieliluotsi.fi\/lokikirja\/#website"},"datePublished":"2015-02-08T15:50:32+00:00","dateModified":"2018-03-05T12:00:37+00:00","author":{"@id":"https:\/\/www.kieliluotsi.fi\/lokikirja\/#\/schema\/person\/be983f8146cb3edad975db1e1f487dc3"},"description":"Ruukkupuutarha : Iloa ymp\u00e4ri vuoden -kirja on juuri ilmestynyt suomeksi. Millaista sen k\u00e4\u00e4nt\u00e4minen oli?","breadcrumb":{"@id":"https:\/\/www.kieliluotsi.fi\/lokikirja\/ruukkupuutarha-kaantyi-suomeksi\/#breadcrumb"},"inLanguage":"fi","potentialAction":[{"@type":"ReadAction","target":["https:\/\/www.kieliluotsi.fi\/lokikirja\/ruukkupuutarha-kaantyi-suomeksi\/"]}]},{"@type":"BreadcrumbList","@id":"https:\/\/www.kieliluotsi.fi\/lokikirja\/ruukkupuutarha-kaantyi-suomeksi\/#breadcrumb","itemListElement":[{"@type":"ListItem","position":1,"name":"Etusivu","item":"https:\/\/www.kieliluotsi.fi\/lokikirja\/"},{"@type":"ListItem","position":2,"name":"Ruukkupuutarha k\u00e4\u00e4ntyi suomeksi"}]},{"@type":"WebSite","@id":"https:\/\/www.kieliluotsi.fi\/lokikirja\/#website","url":"https:\/\/www.kieliluotsi.fi\/lokikirja\/","name":"Kieliluotsin lokikirja","description":"havaintoja kielest\u00e4 ja sen ilmi\u00f6ist\u00e4","potentialAction":[{"@type":"SearchAction","target":{"@type":"EntryPoint","urlTemplate":"https:\/\/www.kieliluotsi.fi\/lokikirja\/?s={search_term_string}"},"query-input":"required name=search_term_string"}],"inLanguage":"fi"},{"@type":"Person","@id":"https:\/\/www.kieliluotsi.fi\/lokikirja\/#\/schema\/person\/be983f8146cb3edad975db1e1f487dc3","name":"Jutta Posti","image":{"@type":"ImageObject","inLanguage":"fi","@id":"https:\/\/www.kieliluotsi.fi\/lokikirja\/#\/schema\/person\/image\/","url":"https:\/\/www.kieliluotsi.fi\/lokikirja\/media\/2017\/11\/Jutta-Posti_avatar_1511473595-96x96.jpg","contentUrl":"https:\/\/www.kieliluotsi.fi\/lokikirja\/media\/2017\/11\/Jutta-Posti_avatar_1511473595-96x96.jpg","caption":"Jutta Posti"},"description":"Jutta Posti (FM) on haminalainen humanisti ja kielifriikki. H\u00e4n on kielipalveluja tarjoavan Kieliluotsin perustaja ja kieliasiantuntija.","sameAs":["https:\/\/www.kieliluotsi.fi"],"url":"https:\/\/www.kieliluotsi.fi\/lokikirja\/author\/jutta_jarvansalo\/"}]}},"_links":{"self":[{"href":"https:\/\/www.kieliluotsi.fi\/lokikirja\/wp-json\/wp\/v2\/posts\/351"}],"collection":[{"href":"https:\/\/www.kieliluotsi.fi\/lokikirja\/wp-json\/wp\/v2\/posts"}],"about":[{"href":"https:\/\/www.kieliluotsi.fi\/lokikirja\/wp-json\/wp\/v2\/types\/post"}],"author":[{"embeddable":true,"href":"https:\/\/www.kieliluotsi.fi\/lokikirja\/wp-json\/wp\/v2\/users\/3"}],"replies":[{"embeddable":true,"href":"https:\/\/www.kieliluotsi.fi\/lokikirja\/wp-json\/wp\/v2\/comments?post=351"}],"version-history":[{"count":8,"href":"https:\/\/www.kieliluotsi.fi\/lokikirja\/wp-json\/wp\/v2\/posts\/351\/revisions"}],"predecessor-version":[{"id":1076,"href":"https:\/\/www.kieliluotsi.fi\/lokikirja\/wp-json\/wp\/v2\/posts\/351\/revisions\/1076"}],"wp:featuredmedia":[{"embeddable":true,"href":"https:\/\/www.kieliluotsi.fi\/lokikirja\/wp-json\/wp\/v2\/media\/353"}],"wp:attachment":[{"href":"https:\/\/www.kieliluotsi.fi\/lokikirja\/wp-json\/wp\/v2\/media?parent=351"}],"wp:term":[{"taxonomy":"category","embeddable":true,"href":"https:\/\/www.kieliluotsi.fi\/lokikirja\/wp-json\/wp\/v2\/categories?post=351"},{"taxonomy":"post_tag","embeddable":true,"href":"https:\/\/www.kieliluotsi.fi\/lokikirja\/wp-json\/wp\/v2\/tags?post=351"}],"curies":[{"name":"wp","href":"https:\/\/api.w.org\/{rel}","templated":true}]}}