{"id":365,"date":"2015-03-01T19:05:06","date_gmt":"2015-03-01T17:05:06","guid":{"rendered":"https:\/\/www.kieliluotsi.fi\/lokikirja\/?p=365"},"modified":"2018-03-05T13:56:06","modified_gmt":"2018-03-05T11:56:06","slug":"kieliluotsin-lokikirja-juhli-vuosipaivaansa","status":"publish","type":"post","link":"https:\/\/www.kieliluotsi.fi\/lokikirja\/kieliluotsin-lokikirja-juhli-vuosipaivaansa\/","title":{"rendered":"Kieliluotsin lokikirja juhli vuosip\u00e4iv\u00e4\u00e4ns\u00e4"},"content":{"rendered":"<p>T\u00e4ll\u00e4 viikolla vietettiin Kieliluotsin lokikirjan ensimm\u00e4ist\u00e4 vuosip\u00e4iv\u00e4\u00e4. Vuoden aikana lokikirjassa on julkaistu yhteens\u00e4 50 kirjoitusta. (Tasaluku on ihan sattumaa, siihen ei mitenk\u00e4\u00e4n erityisesti pyritty.)<\/p>\n<p><!--more-->On kyll\u00e4 vaikeaa tajuta, ett\u00e4 blogin perustamisesta on kulunut aikaa jo kokonainen vuosi \u2013 aika on todellakin lent\u00e4nyt siivill\u00e4! Reilu vuosi sitten pohdiskelin, kannattaisiko Kieliluotsille perustaa oma blogi vai ei \u2013 olisiko siit\u00e4 enemm\u00e4n hy\u00f6ty\u00e4 vai haittaa? Vuotta viisaampana vastausta t\u00e4h\u00e4n kysymykseen ei tarvitse mietti\u00e4 hetke\u00e4k\u00e4\u00e4n: blogin perustaminen on ehdottomasti kannattanut!<\/p>\n<h2>Paljon hyvi\u00e4 puolia<\/h2>\n<p><a href=\"https:\/\/www.kieliluotsi.fi\/lokikirja\/media\/2015\/03\/peukku-ylos.png\"><img decoding=\"async\" loading=\"lazy\" class=\"aligncenter size-full wp-image-965\" src=\"https:\/\/www.kieliluotsi.fi\/lokikirja\/media\/2015\/03\/peukku-ylos.png\" alt=\"Peukku yl\u00f6s\" width=\"1500\" height=\"1000\" srcset=\"https:\/\/www.kieliluotsi.fi\/lokikirja\/media\/2015\/03\/peukku-ylos.png 1500w, https:\/\/www.kieliluotsi.fi\/lokikirja\/media\/2015\/03\/peukku-ylos-300x200.png 300w, https:\/\/www.kieliluotsi.fi\/lokikirja\/media\/2015\/03\/peukku-ylos-768x512.png 768w, https:\/\/www.kieliluotsi.fi\/lokikirja\/media\/2015\/03\/peukku-ylos-1024x683.png 1024w, https:\/\/www.kieliluotsi.fi\/lokikirja\/media\/2015\/03\/peukku-ylos-624x416.png 624w\" sizes=\"(max-width: 1500px) 100vw, 1500px\" \/><\/a>Kirjoitan ty\u00f6kseni paljon, monenlaisia tekstej\u00e4. Blogeihin kirjoittaminen on silti yksi mieluisimmista kirjoituspuuhistani. Blogiteksti saa yleens\u00e4 olla hieman vapaampaa ja henkil\u00f6kohtaisempaa kuin muut tekstilajit. Kieliluotsin lokikirjaan kirjoittaessani minun on kuitenkin koko ajan muistettava, ett\u00e4 kyseess\u00e4 on kielipalveluja tarjoavan yrityksen blogi, ja toimittava sen mukaisesti.<\/p>\n<p>S\u00e4\u00e4nn\u00f6llinen lokikirjoitusten kirjoittaminen on tukenut mukavasti omaa kirjoitustaitoani ja tyylilajiosaamistani sek\u00e4 my\u00f6s jossain m\u00e4\u00e4rin viel\u00e4 kehitt\u00e4nyt taitojani edelleen. Lokikirjoitukseni ovat k\u00e4sitelleet kielt\u00e4 ja sen ilmi\u00f6it\u00e4 varsin erilaisista n\u00e4k\u00f6kulmista, mik\u00e4 on opettanut minullekin paljon uutta. Toivottavasti my\u00f6s te lukijat olette saaneet teksteist\u00e4 uusia n\u00e4k\u00f6kulmia, ajatuksia ja ahaa-el\u00e4myksi\u00e4!<\/p>\n<p>Blogin my\u00f6t\u00e4 Kieliluotsin kotisivut ovat my\u00f6s saaneet lis\u00e4\u00e4 n\u00e4kyvyytt\u00e4 hakukoneissa ja sivuston k\u00e4vij\u00e4m\u00e4\u00e4r\u00e4 on kasvanut selv\u00e4sti. Sen ansiosta yrityksemme on saanut uusia asiakkaita ja aiempaa enemm\u00e4n toimeksiantoja. Lokikirjoitukset ovat my\u00f6s toimineet er\u00e4\u00e4nlaisina referenssein\u00e4 osaamisestamme; olemmehan kielipalveluja tarjoava yritys. Blogin kirjoittaminen onkin osoittautunut hyv\u00e4ksi markkinointikeinoksi pienehk\u00f6lle yritykselle.<\/p>\n<h2>Ei huonoja puolia<\/h2>\n<p><a href=\"https:\/\/www.kieliluotsi.fi\/lokikirja\/media\/2015\/03\/peukku-alas.png\"><img decoding=\"async\" loading=\"lazy\" class=\"aligncenter size-full wp-image-966\" src=\"https:\/\/www.kieliluotsi.fi\/lokikirja\/media\/2015\/03\/peukku-alas.png\" alt=\"Ei peukkua alas\" width=\"1500\" height=\"1000\" srcset=\"https:\/\/www.kieliluotsi.fi\/lokikirja\/media\/2015\/03\/peukku-alas.png 1500w, https:\/\/www.kieliluotsi.fi\/lokikirja\/media\/2015\/03\/peukku-alas-300x200.png 300w, https:\/\/www.kieliluotsi.fi\/lokikirja\/media\/2015\/03\/peukku-alas-768x512.png 768w, https:\/\/www.kieliluotsi.fi\/lokikirja\/media\/2015\/03\/peukku-alas-1024x683.png 1024w, https:\/\/www.kieliluotsi.fi\/lokikirja\/media\/2015\/03\/peukku-alas-624x416.png 624w\" sizes=\"(max-width: 1500px) 100vw, 1500px\" \/><\/a>Ent\u00e4 onko blogi tuonut mukanaan mit\u00e4\u00e4n negatiivista? T\u00e4h\u00e4n voin vastata t\u00e4ysin vilpitt\u00f6m\u00e4sti: ei ole. Toki blogitekstien kirjoittaminen vie aina jonkin verran aikaa, ja se on tavallaan muusta, yritt\u00e4j\u00e4lle muutenkin tyypillisesti niin v\u00e4h\u00e4st\u00e4 ajasta pois.<\/p>\n<p>En kuitenkaan osaa ajatella asiaa tuolla tavalla, sill\u00e4 kirjoittaminen on ollut aina niin t\u00e4rke\u00e4 osa el\u00e4m\u00e4\u00e4ni. Ja jos pystyn kirjoittamalla samalla markkinoimaan omaa yrityst\u00e4ni ilman sen suurempia panostuksia, aina parempi.<\/p>\n<h2>Hieman haasteita<\/h2>\n<p><a href=\"https:\/\/www.kieliluotsi.fi\/lokikirja\/media\/2015\/03\/ok.png\"><img decoding=\"async\" loading=\"lazy\" class=\"aligncenter size-full wp-image-967\" src=\"https:\/\/www.kieliluotsi.fi\/lokikirja\/media\/2015\/03\/ok.png\" alt=\"OK\" width=\"1500\" height=\"1000\" srcset=\"https:\/\/www.kieliluotsi.fi\/lokikirja\/media\/2015\/03\/ok.png 1500w, https:\/\/www.kieliluotsi.fi\/lokikirja\/media\/2015\/03\/ok-300x200.png 300w, https:\/\/www.kieliluotsi.fi\/lokikirja\/media\/2015\/03\/ok-768x512.png 768w, https:\/\/www.kieliluotsi.fi\/lokikirja\/media\/2015\/03\/ok-1024x683.png 1024w, https:\/\/www.kieliluotsi.fi\/lokikirja\/media\/2015\/03\/ok-624x416.png 624w\" sizes=\"(max-width: 1500px) 100vw, 1500px\" \/><\/a>Ajan v\u00e4h\u00e4isyyden lis\u00e4ksi minulla on ollut pari muutakin haastetta blogin pit\u00e4misen suhteen. Ensinn\u00e4kin lokikirjoituksen aihetta voi olla joskus vaikea p\u00e4\u00e4tt\u00e4\u00e4. Maailma on pullollaan kiinnostavia kielellisi\u00e4 ilmi\u00f6it\u00e4, joista sitten vain aina pit\u00e4isi valita ajankohtaan ja tunnetilaan sopiva.<\/p>\n<p>Joskus iskee runsaudenpula. Silloin tuntuu, ett\u00e4 haluaisi kirjoittaa monestakin aiheesta, mutta ajan rajallisuuden vuoksi niist\u00e4 pit\u00e4\u00e4 sitten kuitenkin valita vain se sill\u00e4 hetkell\u00e4 kaikkein parhaalta tuntuva.<\/p>\n<p>Joskus taas p\u00e4\u00e4 tuntuu aivan tyhj\u00e4lt\u00e4 eik\u00e4 mik\u00e4\u00e4n aihe oikein l\u00e4hde kirjoittumaan. Silloin pit\u00e4\u00e4 vain odottaa inspiraatiota tai hy\u00f6dynt\u00e4\u00e4 <a title=\"Kieliluotsin lokikirjoitus tyhj\u00e4n paperin syndroomasta\" href=\"http:\/\/www.kieliluotsi.fi\/lokikirja\/tyhjan-paperin-syndrooma\/\">tyhj\u00e4n paperin syndroomaan<\/a> antamiani neuvoja.<\/p>\n<p>Kieliluotsin lokikirjassa on my\u00f6s kommentointimahdollisuus. Olen hieman pettynyt siihen, ett\u00e4 kommentteja on tullut niin v\u00e4h\u00e4n. Syit\u00e4 kommentoinnin v\u00e4h\u00e4isyyteen on kuitenkin helppo spekuloida: Lokikirjoitusten aiheet ovat usein sellaisia, ett\u00e4 monellakaan ei ole niist\u00e4 vahvoja mielipiteit\u00e4 eik\u00e4 omakohtaisia kokemuksia. Jotkut aiheet saattavat my\u00f6s tuntua vaikeilta, etenkin jos lokikirjoituksessa on k\u00e4ytetty kielitieteen termej\u00e4.<\/p>\n<p>Kieliasioiden suhteen tunnutaan muutenkin olevan hieman varovaisia. Er\u00e4s lukijoistani on joskus sanonut, ettei uskalla kommentoida, kun ei itse ole niin hyv\u00e4 kirjoittaja. Se pelko on kuitenkin turha! Jokainen kirjoittaa tyylill\u00e4\u00e4n, eiv\u00e4tk\u00e4 p\u00e4\u00e4osassa ole kirjoitus- tai kielioppivirheet vaan kommentin sanoma, vaikka kyseess\u00e4 onkin kieliaiheinen blogi.<\/p>\n<h2>Lokikirjoitukset jatkuvat<\/h2>\n<p><a href=\"https:\/\/www.kieliluotsi.fi\/lokikirja\/media\/2015\/03\/voitto.png\"><img decoding=\"async\" loading=\"lazy\" class=\"aligncenter size-full wp-image-969\" src=\"https:\/\/www.kieliluotsi.fi\/lokikirja\/media\/2015\/03\/voitto.png\" alt=\"Voiton merkki\" width=\"1500\" height=\"1000\" srcset=\"https:\/\/www.kieliluotsi.fi\/lokikirja\/media\/2015\/03\/voitto.png 1500w, https:\/\/www.kieliluotsi.fi\/lokikirja\/media\/2015\/03\/voitto-300x200.png 300w, https:\/\/www.kieliluotsi.fi\/lokikirja\/media\/2015\/03\/voitto-768x512.png 768w, https:\/\/www.kieliluotsi.fi\/lokikirja\/media\/2015\/03\/voitto-1024x683.png 1024w, https:\/\/www.kieliluotsi.fi\/lokikirja\/media\/2015\/03\/voitto-624x416.png 624w\" sizes=\"(max-width: 1500px) 100vw, 1500px\" \/><\/a>T\u00e4m\u00e4 on siis Kieliluotsin lokikirjan 51. kirjoitus, ja t\u00e4st\u00e4 on eritt\u00e4in hyv\u00e4 jatkaa eteenp\u00e4in. Te lukijatkin voitte mieluusti ottaa aktiivisempaa roolia ja kommentoida (halutessanne my\u00f6s vanhempia) kirjoituksia vapaasti. Siten voimme saada aikaan vaikka kuinka kiinnostavia keskusteluja kommenttipalstalla.<\/p>\n<p>Odotan innokkaana Kieliluotsin lokikirjan juuri alkaneen toisen vuoden saalista ja kiit\u00e4n kaikkia lukijoita ensimm\u00e4isest\u00e4 vuodesta!<\/p>\n<div id=\"attachment_367\" style=\"width: 628px\" class=\"wp-caption aligncenter\"><a href=\"https:\/\/www.kieliluotsi.fi\/lokikirja\/media\/2015\/03\/Kieliluotsin_lokikirjan_1_vuosipaiva.png\"><img aria-describedby=\"caption-attachment-367\" decoding=\"async\" loading=\"lazy\" class=\"wp-image-367 size-full\" src=\"https:\/\/www.kieliluotsi.fi\/lokikirja\/media\/2015\/03\/Kieliluotsin_lokikirjan_1_vuosipaiva.png\" alt=\"Kieliluotsin lokikirjan 1. vuosip\u00e4iv\u00e4\" width=\"618\" height=\"800\" srcset=\"https:\/\/www.kieliluotsi.fi\/lokikirja\/media\/2015\/03\/Kieliluotsin_lokikirjan_1_vuosipaiva.png 618w, https:\/\/www.kieliluotsi.fi\/lokikirja\/media\/2015\/03\/Kieliluotsin_lokikirjan_1_vuosipaiva-232x300.png 232w\" sizes=\"(max-width: 618px) 100vw, 618px\" \/><\/a><p id=\"caption-attachment-367\" class=\"wp-caption-text\">Kieliluotsin lokikirja on toiminut jo vuoden ajan. Jatkoa seuraa, joten pysyk\u00e4\u00e4 kuulolla!<\/p><\/div>\n","protected":false},"excerpt":{"rendered":"<p>T\u00e4ll\u00e4 viikolla vietettiin Kieliluotsin lokikirjan ensimm\u00e4ist\u00e4 vuosip\u00e4iv\u00e4\u00e4. Vuoden aikana lokikirjassa on julkaistu yhteens\u00e4 50 kirjoitusta. (Tasaluku on ihan sattumaa, siihen ei mitenk\u00e4\u00e4n erityisesti pyritty.)<\/p>\n","protected":false},"author":3,"featured_media":367,"comment_status":"open","ping_status":"open","sticky":false,"template":"","format":"standard","meta":[],"categories":[1],"tags":[9,6,5,207],"yoast_head":"<!-- This site is optimized with the Yoast SEO plugin v20.13 - https:\/\/yoast.com\/wordpress\/plugins\/seo\/ -->\n<title>Kieliluotsin lokikirja juhli vuosip\u00e4iv\u00e4\u00e4ns\u00e4 \u2013 Kieliluotsin lokikirja<\/title>\n<meta name=\"description\" content=\"Reilu vuosi sitten pohdiskelin, kannattaisiko Kieliluotsille perustaa oma blogi vai ei \u2013 olisiko siit\u00e4 enemm\u00e4n hy\u00f6ty\u00e4 vai haittaa? Nyt vastaus on selvinnyt.\" \/>\n<meta name=\"robots\" content=\"index, follow, max-snippet:-1, max-image-preview:large, max-video-preview:-1\" \/>\n<link rel=\"canonical\" href=\"https:\/\/www.kieliluotsi.fi\/lokikirja\/kieliluotsin-lokikirja-juhli-vuosipaivaansa\/\" \/>\n<meta property=\"og:locale\" content=\"fi_FI\" \/>\n<meta property=\"og:type\" content=\"article\" \/>\n<meta property=\"og:title\" content=\"Kieliluotsin lokikirja juhli vuosip\u00e4iv\u00e4\u00e4ns\u00e4 \u2013 Kieliluotsin lokikirja\" \/>\n<meta property=\"og:description\" content=\"Reilu vuosi sitten pohdiskelin, kannattaisiko Kieliluotsille perustaa oma blogi vai ei \u2013 olisiko siit\u00e4 enemm\u00e4n hy\u00f6ty\u00e4 vai haittaa? Nyt vastaus on selvinnyt.\" \/>\n<meta property=\"og:url\" content=\"https:\/\/www.kieliluotsi.fi\/lokikirja\/kieliluotsin-lokikirja-juhli-vuosipaivaansa\/\" \/>\n<meta property=\"og:site_name\" content=\"Kieliluotsin lokikirja\" \/>\n<meta property=\"article:published_time\" content=\"2015-03-01T17:05:06+00:00\" \/>\n<meta property=\"article:modified_time\" content=\"2018-03-05T11:56:06+00:00\" \/>\n<meta property=\"og:image\" content=\"https:\/\/www.kieliluotsi.fi\/lokikirja\/media\/2015\/03\/Kieliluotsin_lokikirjan_1_vuosipaiva.png\" \/>\n\t<meta property=\"og:image:width\" content=\"618\" \/>\n\t<meta property=\"og:image:height\" content=\"800\" \/>\n\t<meta property=\"og:image:type\" content=\"image\/png\" \/>\n<meta name=\"author\" content=\"Jutta Posti\" \/>\n<meta name=\"twitter:label1\" content=\"Kirjoittanut\" \/>\n\t<meta name=\"twitter:data1\" content=\"Jutta Posti\" \/>\n\t<meta name=\"twitter:label2\" content=\"Arvioitu lukuaika\" \/>\n\t<meta name=\"twitter:data2\" content=\"3 minuuttia\" \/>\n<script type=\"application\/ld+json\" class=\"yoast-schema-graph\">{\"@context\":\"https:\/\/schema.org\",\"@graph\":[{\"@type\":\"WebPage\",\"@id\":\"https:\/\/www.kieliluotsi.fi\/lokikirja\/kieliluotsin-lokikirja-juhli-vuosipaivaansa\/\",\"url\":\"https:\/\/www.kieliluotsi.fi\/lokikirja\/kieliluotsin-lokikirja-juhli-vuosipaivaansa\/\",\"name\":\"Kieliluotsin lokikirja juhli vuosip\u00e4iv\u00e4\u00e4ns\u00e4 \u2013 Kieliluotsin lokikirja\",\"isPartOf\":{\"@id\":\"https:\/\/www.kieliluotsi.fi\/lokikirja\/#website\"},\"datePublished\":\"2015-03-01T17:05:06+00:00\",\"dateModified\":\"2018-03-05T11:56:06+00:00\",\"author\":{\"@id\":\"https:\/\/www.kieliluotsi.fi\/lokikirja\/#\/schema\/person\/be983f8146cb3edad975db1e1f487dc3\"},\"description\":\"Reilu vuosi sitten pohdiskelin, kannattaisiko Kieliluotsille perustaa oma blogi vai ei \u2013 olisiko siit\u00e4 enemm\u00e4n hy\u00f6ty\u00e4 vai haittaa? Nyt vastaus on selvinnyt.\",\"breadcrumb\":{\"@id\":\"https:\/\/www.kieliluotsi.fi\/lokikirja\/kieliluotsin-lokikirja-juhli-vuosipaivaansa\/#breadcrumb\"},\"inLanguage\":\"fi\",\"potentialAction\":[{\"@type\":\"ReadAction\",\"target\":[\"https:\/\/www.kieliluotsi.fi\/lokikirja\/kieliluotsin-lokikirja-juhli-vuosipaivaansa\/\"]}]},{\"@type\":\"BreadcrumbList\",\"@id\":\"https:\/\/www.kieliluotsi.fi\/lokikirja\/kieliluotsin-lokikirja-juhli-vuosipaivaansa\/#breadcrumb\",\"itemListElement\":[{\"@type\":\"ListItem\",\"position\":1,\"name\":\"Etusivu\",\"item\":\"https:\/\/www.kieliluotsi.fi\/lokikirja\/\"},{\"@type\":\"ListItem\",\"position\":2,\"name\":\"Kieliluotsin lokikirja juhli vuosip\u00e4iv\u00e4\u00e4ns\u00e4\"}]},{\"@type\":\"WebSite\",\"@id\":\"https:\/\/www.kieliluotsi.fi\/lokikirja\/#website\",\"url\":\"https:\/\/www.kieliluotsi.fi\/lokikirja\/\",\"name\":\"Kieliluotsin lokikirja\",\"description\":\"havaintoja kielest\u00e4 ja sen ilmi\u00f6ist\u00e4\",\"potentialAction\":[{\"@type\":\"SearchAction\",\"target\":{\"@type\":\"EntryPoint\",\"urlTemplate\":\"https:\/\/www.kieliluotsi.fi\/lokikirja\/?s={search_term_string}\"},\"query-input\":\"required name=search_term_string\"}],\"inLanguage\":\"fi\"},{\"@type\":\"Person\",\"@id\":\"https:\/\/www.kieliluotsi.fi\/lokikirja\/#\/schema\/person\/be983f8146cb3edad975db1e1f487dc3\",\"name\":\"Jutta Posti\",\"image\":{\"@type\":\"ImageObject\",\"inLanguage\":\"fi\",\"@id\":\"https:\/\/www.kieliluotsi.fi\/lokikirja\/#\/schema\/person\/image\/\",\"url\":\"https:\/\/www.kieliluotsi.fi\/lokikirja\/media\/2017\/11\/Jutta-Posti_avatar_1511473595-96x96.jpg\",\"contentUrl\":\"https:\/\/www.kieliluotsi.fi\/lokikirja\/media\/2017\/11\/Jutta-Posti_avatar_1511473595-96x96.jpg\",\"caption\":\"Jutta Posti\"},\"description\":\"Jutta Posti (FM) on haminalainen humanisti ja kielifriikki. H\u00e4n on kielipalveluja tarjoavan Kieliluotsin perustaja ja kieliasiantuntija.\",\"sameAs\":[\"https:\/\/www.kieliluotsi.fi\"],\"url\":\"https:\/\/www.kieliluotsi.fi\/lokikirja\/author\/jutta_jarvansalo\/\"}]}<\/script>\n<!-- \/ Yoast SEO plugin. -->","yoast_head_json":{"title":"Kieliluotsin lokikirja juhli vuosip\u00e4iv\u00e4\u00e4ns\u00e4 \u2013 Kieliluotsin lokikirja","description":"Reilu vuosi sitten pohdiskelin, kannattaisiko Kieliluotsille perustaa oma blogi vai ei \u2013 olisiko siit\u00e4 enemm\u00e4n hy\u00f6ty\u00e4 vai haittaa? Nyt vastaus on selvinnyt.","robots":{"index":"index","follow":"follow","max-snippet":"max-snippet:-1","max-image-preview":"max-image-preview:large","max-video-preview":"max-video-preview:-1"},"canonical":"https:\/\/www.kieliluotsi.fi\/lokikirja\/kieliluotsin-lokikirja-juhli-vuosipaivaansa\/","og_locale":"fi_FI","og_type":"article","og_title":"Kieliluotsin lokikirja juhli vuosip\u00e4iv\u00e4\u00e4ns\u00e4 \u2013 Kieliluotsin lokikirja","og_description":"Reilu vuosi sitten pohdiskelin, kannattaisiko Kieliluotsille perustaa oma blogi vai ei \u2013 olisiko siit\u00e4 enemm\u00e4n hy\u00f6ty\u00e4 vai haittaa? Nyt vastaus on selvinnyt.","og_url":"https:\/\/www.kieliluotsi.fi\/lokikirja\/kieliluotsin-lokikirja-juhli-vuosipaivaansa\/","og_site_name":"Kieliluotsin lokikirja","article_published_time":"2015-03-01T17:05:06+00:00","article_modified_time":"2018-03-05T11:56:06+00:00","og_image":[{"width":618,"height":800,"url":"https:\/\/www.kieliluotsi.fi\/lokikirja\/media\/2015\/03\/Kieliluotsin_lokikirjan_1_vuosipaiva.png","type":"image\/png"}],"author":"Jutta Posti","twitter_misc":{"Kirjoittanut":"Jutta Posti","Arvioitu lukuaika":"3 minuuttia"},"schema":{"@context":"https:\/\/schema.org","@graph":[{"@type":"WebPage","@id":"https:\/\/www.kieliluotsi.fi\/lokikirja\/kieliluotsin-lokikirja-juhli-vuosipaivaansa\/","url":"https:\/\/www.kieliluotsi.fi\/lokikirja\/kieliluotsin-lokikirja-juhli-vuosipaivaansa\/","name":"Kieliluotsin lokikirja juhli vuosip\u00e4iv\u00e4\u00e4ns\u00e4 \u2013 Kieliluotsin lokikirja","isPartOf":{"@id":"https:\/\/www.kieliluotsi.fi\/lokikirja\/#website"},"datePublished":"2015-03-01T17:05:06+00:00","dateModified":"2018-03-05T11:56:06+00:00","author":{"@id":"https:\/\/www.kieliluotsi.fi\/lokikirja\/#\/schema\/person\/be983f8146cb3edad975db1e1f487dc3"},"description":"Reilu vuosi sitten pohdiskelin, kannattaisiko Kieliluotsille perustaa oma blogi vai ei \u2013 olisiko siit\u00e4 enemm\u00e4n hy\u00f6ty\u00e4 vai haittaa? Nyt vastaus on selvinnyt.","breadcrumb":{"@id":"https:\/\/www.kieliluotsi.fi\/lokikirja\/kieliluotsin-lokikirja-juhli-vuosipaivaansa\/#breadcrumb"},"inLanguage":"fi","potentialAction":[{"@type":"ReadAction","target":["https:\/\/www.kieliluotsi.fi\/lokikirja\/kieliluotsin-lokikirja-juhli-vuosipaivaansa\/"]}]},{"@type":"BreadcrumbList","@id":"https:\/\/www.kieliluotsi.fi\/lokikirja\/kieliluotsin-lokikirja-juhli-vuosipaivaansa\/#breadcrumb","itemListElement":[{"@type":"ListItem","position":1,"name":"Etusivu","item":"https:\/\/www.kieliluotsi.fi\/lokikirja\/"},{"@type":"ListItem","position":2,"name":"Kieliluotsin lokikirja juhli vuosip\u00e4iv\u00e4\u00e4ns\u00e4"}]},{"@type":"WebSite","@id":"https:\/\/www.kieliluotsi.fi\/lokikirja\/#website","url":"https:\/\/www.kieliluotsi.fi\/lokikirja\/","name":"Kieliluotsin lokikirja","description":"havaintoja kielest\u00e4 ja sen ilmi\u00f6ist\u00e4","potentialAction":[{"@type":"SearchAction","target":{"@type":"EntryPoint","urlTemplate":"https:\/\/www.kieliluotsi.fi\/lokikirja\/?s={search_term_string}"},"query-input":"required name=search_term_string"}],"inLanguage":"fi"},{"@type":"Person","@id":"https:\/\/www.kieliluotsi.fi\/lokikirja\/#\/schema\/person\/be983f8146cb3edad975db1e1f487dc3","name":"Jutta Posti","image":{"@type":"ImageObject","inLanguage":"fi","@id":"https:\/\/www.kieliluotsi.fi\/lokikirja\/#\/schema\/person\/image\/","url":"https:\/\/www.kieliluotsi.fi\/lokikirja\/media\/2017\/11\/Jutta-Posti_avatar_1511473595-96x96.jpg","contentUrl":"https:\/\/www.kieliluotsi.fi\/lokikirja\/media\/2017\/11\/Jutta-Posti_avatar_1511473595-96x96.jpg","caption":"Jutta Posti"},"description":"Jutta Posti (FM) on haminalainen humanisti ja kielifriikki. H\u00e4n on kielipalveluja tarjoavan Kieliluotsin perustaja ja kieliasiantuntija.","sameAs":["https:\/\/www.kieliluotsi.fi"],"url":"https:\/\/www.kieliluotsi.fi\/lokikirja\/author\/jutta_jarvansalo\/"}]}},"_links":{"self":[{"href":"https:\/\/www.kieliluotsi.fi\/lokikirja\/wp-json\/wp\/v2\/posts\/365"}],"collection":[{"href":"https:\/\/www.kieliluotsi.fi\/lokikirja\/wp-json\/wp\/v2\/posts"}],"about":[{"href":"https:\/\/www.kieliluotsi.fi\/lokikirja\/wp-json\/wp\/v2\/types\/post"}],"author":[{"embeddable":true,"href":"https:\/\/www.kieliluotsi.fi\/lokikirja\/wp-json\/wp\/v2\/users\/3"}],"replies":[{"embeddable":true,"href":"https:\/\/www.kieliluotsi.fi\/lokikirja\/wp-json\/wp\/v2\/comments?post=365"}],"version-history":[{"count":12,"href":"https:\/\/www.kieliluotsi.fi\/lokikirja\/wp-json\/wp\/v2\/posts\/365\/revisions"}],"predecessor-version":[{"id":1072,"href":"https:\/\/www.kieliluotsi.fi\/lokikirja\/wp-json\/wp\/v2\/posts\/365\/revisions\/1072"}],"wp:featuredmedia":[{"embeddable":true,"href":"https:\/\/www.kieliluotsi.fi\/lokikirja\/wp-json\/wp\/v2\/media\/367"}],"wp:attachment":[{"href":"https:\/\/www.kieliluotsi.fi\/lokikirja\/wp-json\/wp\/v2\/media?parent=365"}],"wp:term":[{"taxonomy":"category","embeddable":true,"href":"https:\/\/www.kieliluotsi.fi\/lokikirja\/wp-json\/wp\/v2\/categories?post=365"},{"taxonomy":"post_tag","embeddable":true,"href":"https:\/\/www.kieliluotsi.fi\/lokikirja\/wp-json\/wp\/v2\/tags?post=365"}],"curies":[{"name":"wp","href":"https:\/\/api.w.org\/{rel}","templated":true}]}}