{"id":370,"date":"2015-03-09T21:08:15","date_gmt":"2015-03-09T19:08:15","guid":{"rendered":"https:\/\/www.kieliluotsi.fi\/lokikirja\/?p=370"},"modified":"2018-01-28T17:11:02","modified_gmt":"2018-01-28T15:11:02","slug":"vokaalit-kielen-kaunistajina","status":"publish","type":"post","link":"https:\/\/www.kieliluotsi.fi\/lokikirja\/vokaalit-kielen-kaunistajina\/","title":{"rendered":"Vokaalit kielen kaunistajina"},"content":{"rendered":"<p>V\u00e4itet\u00e4\u00e4n, ett\u00e4 mit\u00e4 enemm\u00e4n kieless\u00e4 on vokaaleja, sit\u00e4 kauniimmalta se kuulostaa. V\u00e4ite voi hyvinkin pit\u00e4\u00e4 paikkansa kielt\u00e4 kokonaisuutena ajateltaessa, mutta esimerkiksi runonp\u00e4tk\u00e4n tasolla teoria ei yll\u00e4tt\u00e4en ehk\u00e4 toimikaan.<\/p>\n<p><!--more--><\/p>\n<h2>Yksipuolisuus rumentaa<\/h2>\n<p><a href=\"https:\/\/www.kieliluotsi.fi\/lokikirja\/media\/2015\/03\/saari.jpg\"><img decoding=\"async\" loading=\"lazy\" class=\"aligncenter size-full wp-image-1013\" src=\"https:\/\/www.kieliluotsi.fi\/lokikirja\/media\/2015\/03\/saari.jpg\" alt=\"Saari\" width=\"1500\" height=\"1057\" srcset=\"https:\/\/www.kieliluotsi.fi\/lokikirja\/media\/2015\/03\/saari.jpg 1500w, https:\/\/www.kieliluotsi.fi\/lokikirja\/media\/2015\/03\/saari-300x211.jpg 300w, https:\/\/www.kieliluotsi.fi\/lokikirja\/media\/2015\/03\/saari-768x541.jpg 768w, https:\/\/www.kieliluotsi.fi\/lokikirja\/media\/2015\/03\/saari-1024x722.jpg 1024w, https:\/\/www.kieliluotsi.fi\/lokikirja\/media\/2015\/03\/saari-624x440.jpg 624w\" sizes=\"(max-width: 1500px) 100vw, 1500px\" \/><\/a>Hyv\u00e4n\u00e4 esimerkkin\u00e4 teorian toimimattomuudesta on seuraava, \u00e4\u00e4neen luettavaksi tarkoitettu runonp\u00e4tk\u00e4, joka n\u00e4kyy alla ensin englanniksi, sitten suomeksi ja viimeisen\u00e4 ruotsiksi:<\/p>\n<p><em>Island, island, grassy island<\/em><br \/>\n<em> grassy island&#8217;s bride<\/em><\/p>\n<p><em>Saari, saari, hein\u00e4saari<\/em><br \/>\n<em> hein\u00e4saaren morsian<\/em><\/p>\n<p><em>\u00d6, \u00f6, h\u00f6 \u00f6<\/em><br \/>\n<em> h\u00f6 \u00f6s m\u00f6<\/em><\/p>\n<p>Vokaalipitoisin noista on tietysti tuo viimeinen, mutta onko se my\u00f6s kauneimman kuuloinen? Monen ihmisen mielest\u00e4 asia on juuri p\u00e4invastoin. \u00d6:t\u00e4 pidet\u00e4\u00e4n rumana vokaalina, ja koska se on viel\u00e4 ainoa runonp\u00e4tk\u00e4ss\u00e4 esiintyv\u00e4 vokaali, koko runonp\u00e4tk\u00e4 s\u00e4r\u00e4ht\u00e4\u00e4 hieman korvaan. Voi silti olla, ett\u00e4 vastaavanlainen runonp\u00e4tk\u00e4 ei her\u00e4tt\u00e4isi ihastusta, vaikka siin\u00e4 olisikin k\u00e4ytetty jotain muuta vokaalia kuin \u00f6:t\u00e4. Pelk\u00e4st\u00e4\u00e4n yhden vokaalin k\u00e4ytt\u00f6 ei vain kuulosta niin kauniilta kuin vokaalien vaihtelu.<\/p>\n<h2>Sanatasolla paljon kaunistavia tekij\u00f6it\u00e4<\/h2>\n<p><a href=\"https:\/\/www.kieliluotsi.fi\/lokikirja\/media\/2015\/03\/suomen-kielen-vokaalit.png\"><img decoding=\"async\" loading=\"lazy\" class=\"aligncenter size-full wp-image-1015\" src=\"https:\/\/www.kieliluotsi.fi\/lokikirja\/media\/2015\/03\/suomen-kielen-vokaalit.png\" alt=\"Suomen kielen vokaalit\" width=\"1200\" height=\"800\" srcset=\"https:\/\/www.kieliluotsi.fi\/lokikirja\/media\/2015\/03\/suomen-kielen-vokaalit.png 1200w, https:\/\/www.kieliluotsi.fi\/lokikirja\/media\/2015\/03\/suomen-kielen-vokaalit-300x200.png 300w, https:\/\/www.kieliluotsi.fi\/lokikirja\/media\/2015\/03\/suomen-kielen-vokaalit-768x512.png 768w, https:\/\/www.kieliluotsi.fi\/lokikirja\/media\/2015\/03\/suomen-kielen-vokaalit-1024x683.png 1024w, https:\/\/www.kieliluotsi.fi\/lokikirja\/media\/2015\/03\/suomen-kielen-vokaalit-624x416.png 624w\" sizes=\"(max-width: 1200px) 100vw, 1200px\" \/><\/a>Liika on siis liikaa my\u00f6s kielen elementtien kauneutta m\u00e4\u00e4ritelt\u00e4ess\u00e4. Vaikka esimerkiksi suomen sanoissa on paljon vokaaleja, kauneutta niihin tuovat my\u00f6s pehme\u00e4t konsonantit sek\u00e4 vokaalien ja konsonanttien onnistuneet yhdistelm\u00e4t.<\/p>\n<p>Mutta kyll\u00e4 suomestakin l\u00f6ytyy ainakin yksi sana, jossa on vain yksi konsonantti ja sen j\u00e4lkeen seitsem\u00e4n vokaalia per\u00e4kk\u00e4in, eik\u00e4 sana kuitenkaan kuulosta ainakaan minun korvaani mitenk\u00e4\u00e4n erikoiselta; ei erityisen kauniilta eik\u00e4 rumalta. Se sana on <em>h\u00e4\u00e4y\u00f6aie<\/em>. Tosin er\u00e4\u00e4n alaskalaisen opiskelukaverini mielest\u00e4 juuri tuo sana on suomen kielen kaunein.<\/p>\n<p>Hollantilainen suomen kielen opiskelija puolestaan oli ehdottomasti sit\u00e4 mielt\u00e4, ett\u00e4 suomen kaunein sana on <em>j\u00e4\u00e4tel\u00f6t\u00f6tter\u00f6<\/em>. En tied\u00e4, vaikuttiko mielipiteeseen my\u00f6s sanan merkitys, mutta vokaaleja tuostakin sanasta l\u00f6ytyy. My\u00f6s sanan pituus, joka voi luoda hauskan kuuloisen rytmityksen ulkomaalaisen korvaan, saattaa vaikuttaa sanan kauneuteen. Eik\u00e4 ulkomaalaisittain eksoottisen kirjoitusasun merkityst\u00e4k\u00e4\u00e4n pid\u00e4 unohtaa.<\/p>\n<h2>Lauseissa kokonaisuus ratkaisee<\/h2>\n<p>Sanatasolta lausetasolle siirrytt\u00e4ess\u00e4 huomio kiinnittyy enemm\u00e4n vokaalien ja konsonanttien yhteispeliin. Kuten yll\u00e4 oleva esimerkkikin osoittaa, pelk\u00e4st\u00e4\u00e4n vokaalit eiv\u00e4t riit\u00e4 siihen, ett\u00e4 kielt\u00e4 pidet\u00e4\u00e4n kauniina. Er\u00e4s japanilainen ihasteli aikoinaan Suomen radion s\u00e4\u00e4tiedotuksesta tuttua lausahdusta <em>Alavilla mailla hallan vaara<\/em>. Se oli h\u00e4nen mielest\u00e4\u00e4n jotain todella kaunista.<\/p>\n<p>A, i ja l sointuvat kielt\u00e4m\u00e4tt\u00e4 hyvin yhteen ja tekev\u00e4t lauseesta mukavan pehme\u00e4n ja rullaavan. Olisiko vaikutelma erilainen, jos lause olisikin yksik\u00f6ss\u00e4, jolloin a olisi lauseen ainoa vokaali? Luultavasti. Siin\u00e4 tapauksessa lause kuulostaisi tyls\u00e4lt\u00e4 ja olisi jo l\u00e4hes samaa sarjaa ruotsinkielisen runonp\u00e4tk\u00e4mme kanssa.<\/p>\n<h2>Kohtuus kaikessa<\/h2>\n<p>Vokaalien rooli kielen kaunistamisessa ei siis olekaan ihan niin yksiselitteinen kuin usein oletetaan. Tutkimustulokset antavat ymm\u00e4rt\u00e4\u00e4, ett\u00e4 yleisesti ottaen vokaalipitoinen kieli (kuten suomi tai italia) kuulostaa kauniimmalta kuin konsonanttipitoinen (kuten t\u0161ekki tai puola).<\/p>\n<p>Kielt\u00e4 pienemm\u00e4ksi pilkottaessa asia ei kuitenkaan v\u00e4ltt\u00e4m\u00e4tt\u00e4 ole niin. Konsonanttikielist\u00e4kin voi l\u00f6yty\u00e4 kauniita sanoja ja \u00e4\u00e4nneyhdistelmi\u00e4, kun taas jotkut, vain muutamaa \u00e4\u00e4nnett\u00e4 sis\u00e4lt\u00e4v\u00e4t vokaalipitoisen kielen lauseet voivat yksitoikkoisuudessaan kuulostaa tylsilt\u00e4 ja jopa rumilta.<\/p>\n<p>T\u00e4ss\u00e4kin tapauksessa on siis hyv\u00e4 muistaa vanha viisaus: kohtuus kaikessa, my\u00f6s vokaalien k\u00e4ytt\u00e4misess\u00e4!<\/p>\n<div id=\"attachment_630\" style=\"width: 649px\" class=\"wp-caption aligncenter\"><a href=\"https:\/\/www.kieliluotsi.fi\/lokikirja\/media\/2015\/03\/jaatelotottero.png\"><img aria-describedby=\"caption-attachment-630\" decoding=\"async\" loading=\"lazy\" class=\"wp-image-630 size-full\" src=\"https:\/\/www.kieliluotsi.fi\/lokikirja\/media\/2015\/03\/jaatelotottero.png\" alt=\"J\u00e4\u00e4tel\u00f6t\u00f6tter\u00f6\" width=\"639\" height=\"655\" srcset=\"https:\/\/www.kieliluotsi.fi\/lokikirja\/media\/2015\/03\/jaatelotottero.png 639w, https:\/\/www.kieliluotsi.fi\/lokikirja\/media\/2015\/03\/jaatelotottero-293x300.png 293w, https:\/\/www.kieliluotsi.fi\/lokikirja\/media\/2015\/03\/jaatelotottero-624x640.png 624w\" sizes=\"(max-width: 639px) 100vw, 639px\" \/><\/a><p id=\"caption-attachment-630\" class=\"wp-caption-text\">Monet ulkomaalaiset pit\u00e4v\u00e4t j\u00e4\u00e4tel\u00f6t\u00f6tter\u00f6\u00e4 kauniina ja eksoottisena sanana.<\/p><\/div>\n","protected":false},"excerpt":{"rendered":"<p>V\u00e4itet\u00e4\u00e4n, ett\u00e4 mit\u00e4 enemm\u00e4n kieless\u00e4 on vokaaleja, sit\u00e4 kauniimmalta se kuulostaa. V\u00e4ite voi hyvinkin pit\u00e4\u00e4 paikkansa kielt\u00e4 kokonaisuutena ajateltaessa, mutta esimerkiksi runonp\u00e4tk\u00e4n tasolla teoria ei yll\u00e4tt\u00e4en ehk\u00e4 toimikaan.<\/p>\n","protected":false},"author":3,"featured_media":630,"comment_status":"open","ping_status":"open","sticky":false,"template":"","format":"standard","meta":[],"categories":[1],"tags":[36,35,7,208],"yoast_head":"<!-- This site is optimized with the Yoast SEO plugin v20.13 - https:\/\/yoast.com\/wordpress\/plugins\/seo\/ -->\n<title>Vokaalit kielen kaunistajina \u2013 Kieliluotsin lokikirja<\/title>\n<meta name=\"description\" content=\"V\u00e4itet\u00e4\u00e4n, ett\u00e4 mit\u00e4 enemm\u00e4n kieless\u00e4 on vokaaleja, sit\u00e4 kauniimmalta se kuulostaa. Pit\u00e4\u00e4k\u00f6 se paikkansa? Kaunistavatko vokaalit kielen kuin kielen?\" \/>\n<meta name=\"robots\" content=\"index, follow, max-snippet:-1, max-image-preview:large, max-video-preview:-1\" \/>\n<link rel=\"canonical\" href=\"https:\/\/www.kieliluotsi.fi\/lokikirja\/vokaalit-kielen-kaunistajina\/\" \/>\n<meta property=\"og:locale\" content=\"fi_FI\" \/>\n<meta property=\"og:type\" content=\"article\" \/>\n<meta property=\"og:title\" content=\"Vokaalit kielen kaunistajina \u2013 Kieliluotsin lokikirja\" \/>\n<meta property=\"og:description\" content=\"V\u00e4itet\u00e4\u00e4n, ett\u00e4 mit\u00e4 enemm\u00e4n kieless\u00e4 on vokaaleja, sit\u00e4 kauniimmalta se kuulostaa. Pit\u00e4\u00e4k\u00f6 se paikkansa? Kaunistavatko vokaalit kielen kuin kielen?\" \/>\n<meta property=\"og:url\" content=\"https:\/\/www.kieliluotsi.fi\/lokikirja\/vokaalit-kielen-kaunistajina\/\" \/>\n<meta property=\"og:site_name\" content=\"Kieliluotsin lokikirja\" \/>\n<meta property=\"article:published_time\" content=\"2015-03-09T19:08:15+00:00\" \/>\n<meta property=\"article:modified_time\" content=\"2018-01-28T15:11:02+00:00\" \/>\n<meta property=\"og:image\" content=\"https:\/\/www.kieliluotsi.fi\/lokikirja\/media\/2015\/03\/jaatelotottero.png\" \/>\n\t<meta property=\"og:image:width\" content=\"639\" \/>\n\t<meta property=\"og:image:height\" content=\"655\" \/>\n\t<meta property=\"og:image:type\" content=\"image\/png\" \/>\n<meta name=\"author\" content=\"Jutta Posti\" \/>\n<meta name=\"twitter:label1\" content=\"Kirjoittanut\" \/>\n\t<meta name=\"twitter:data1\" content=\"Jutta Posti\" \/>\n\t<meta name=\"twitter:label2\" content=\"Arvioitu lukuaika\" \/>\n\t<meta name=\"twitter:data2\" content=\"3 minuuttia\" \/>\n<script type=\"application\/ld+json\" class=\"yoast-schema-graph\">{\"@context\":\"https:\/\/schema.org\",\"@graph\":[{\"@type\":\"WebPage\",\"@id\":\"https:\/\/www.kieliluotsi.fi\/lokikirja\/vokaalit-kielen-kaunistajina\/\",\"url\":\"https:\/\/www.kieliluotsi.fi\/lokikirja\/vokaalit-kielen-kaunistajina\/\",\"name\":\"Vokaalit kielen kaunistajina \u2013 Kieliluotsin lokikirja\",\"isPartOf\":{\"@id\":\"https:\/\/www.kieliluotsi.fi\/lokikirja\/#website\"},\"datePublished\":\"2015-03-09T19:08:15+00:00\",\"dateModified\":\"2018-01-28T15:11:02+00:00\",\"author\":{\"@id\":\"https:\/\/www.kieliluotsi.fi\/lokikirja\/#\/schema\/person\/be983f8146cb3edad975db1e1f487dc3\"},\"description\":\"V\u00e4itet\u00e4\u00e4n, ett\u00e4 mit\u00e4 enemm\u00e4n kieless\u00e4 on vokaaleja, sit\u00e4 kauniimmalta se kuulostaa. Pit\u00e4\u00e4k\u00f6 se paikkansa? Kaunistavatko vokaalit kielen kuin kielen?\",\"breadcrumb\":{\"@id\":\"https:\/\/www.kieliluotsi.fi\/lokikirja\/vokaalit-kielen-kaunistajina\/#breadcrumb\"},\"inLanguage\":\"fi\",\"potentialAction\":[{\"@type\":\"ReadAction\",\"target\":[\"https:\/\/www.kieliluotsi.fi\/lokikirja\/vokaalit-kielen-kaunistajina\/\"]}]},{\"@type\":\"BreadcrumbList\",\"@id\":\"https:\/\/www.kieliluotsi.fi\/lokikirja\/vokaalit-kielen-kaunistajina\/#breadcrumb\",\"itemListElement\":[{\"@type\":\"ListItem\",\"position\":1,\"name\":\"Etusivu\",\"item\":\"https:\/\/www.kieliluotsi.fi\/lokikirja\/\"},{\"@type\":\"ListItem\",\"position\":2,\"name\":\"Vokaalit kielen kaunistajina\"}]},{\"@type\":\"WebSite\",\"@id\":\"https:\/\/www.kieliluotsi.fi\/lokikirja\/#website\",\"url\":\"https:\/\/www.kieliluotsi.fi\/lokikirja\/\",\"name\":\"Kieliluotsin lokikirja\",\"description\":\"havaintoja kielest\u00e4 ja sen ilmi\u00f6ist\u00e4\",\"potentialAction\":[{\"@type\":\"SearchAction\",\"target\":{\"@type\":\"EntryPoint\",\"urlTemplate\":\"https:\/\/www.kieliluotsi.fi\/lokikirja\/?s={search_term_string}\"},\"query-input\":\"required name=search_term_string\"}],\"inLanguage\":\"fi\"},{\"@type\":\"Person\",\"@id\":\"https:\/\/www.kieliluotsi.fi\/lokikirja\/#\/schema\/person\/be983f8146cb3edad975db1e1f487dc3\",\"name\":\"Jutta Posti\",\"image\":{\"@type\":\"ImageObject\",\"inLanguage\":\"fi\",\"@id\":\"https:\/\/www.kieliluotsi.fi\/lokikirja\/#\/schema\/person\/image\/\",\"url\":\"https:\/\/www.kieliluotsi.fi\/lokikirja\/media\/2017\/11\/Jutta-Posti_avatar_1511473595-96x96.jpg\",\"contentUrl\":\"https:\/\/www.kieliluotsi.fi\/lokikirja\/media\/2017\/11\/Jutta-Posti_avatar_1511473595-96x96.jpg\",\"caption\":\"Jutta Posti\"},\"description\":\"Jutta Posti (FM) on haminalainen humanisti ja kielifriikki. H\u00e4n on kielipalveluja tarjoavan Kieliluotsin perustaja ja kieliasiantuntija.\",\"sameAs\":[\"https:\/\/www.kieliluotsi.fi\"],\"url\":\"https:\/\/www.kieliluotsi.fi\/lokikirja\/author\/jutta_jarvansalo\/\"}]}<\/script>\n<!-- \/ Yoast SEO plugin. -->","yoast_head_json":{"title":"Vokaalit kielen kaunistajina \u2013 Kieliluotsin lokikirja","description":"V\u00e4itet\u00e4\u00e4n, ett\u00e4 mit\u00e4 enemm\u00e4n kieless\u00e4 on vokaaleja, sit\u00e4 kauniimmalta se kuulostaa. Pit\u00e4\u00e4k\u00f6 se paikkansa? Kaunistavatko vokaalit kielen kuin kielen?","robots":{"index":"index","follow":"follow","max-snippet":"max-snippet:-1","max-image-preview":"max-image-preview:large","max-video-preview":"max-video-preview:-1"},"canonical":"https:\/\/www.kieliluotsi.fi\/lokikirja\/vokaalit-kielen-kaunistajina\/","og_locale":"fi_FI","og_type":"article","og_title":"Vokaalit kielen kaunistajina \u2013 Kieliluotsin lokikirja","og_description":"V\u00e4itet\u00e4\u00e4n, ett\u00e4 mit\u00e4 enemm\u00e4n kieless\u00e4 on vokaaleja, sit\u00e4 kauniimmalta se kuulostaa. Pit\u00e4\u00e4k\u00f6 se paikkansa? Kaunistavatko vokaalit kielen kuin kielen?","og_url":"https:\/\/www.kieliluotsi.fi\/lokikirja\/vokaalit-kielen-kaunistajina\/","og_site_name":"Kieliluotsin lokikirja","article_published_time":"2015-03-09T19:08:15+00:00","article_modified_time":"2018-01-28T15:11:02+00:00","og_image":[{"width":639,"height":655,"url":"https:\/\/www.kieliluotsi.fi\/lokikirja\/media\/2015\/03\/jaatelotottero.png","type":"image\/png"}],"author":"Jutta Posti","twitter_misc":{"Kirjoittanut":"Jutta Posti","Arvioitu lukuaika":"3 minuuttia"},"schema":{"@context":"https:\/\/schema.org","@graph":[{"@type":"WebPage","@id":"https:\/\/www.kieliluotsi.fi\/lokikirja\/vokaalit-kielen-kaunistajina\/","url":"https:\/\/www.kieliluotsi.fi\/lokikirja\/vokaalit-kielen-kaunistajina\/","name":"Vokaalit kielen kaunistajina \u2013 Kieliluotsin lokikirja","isPartOf":{"@id":"https:\/\/www.kieliluotsi.fi\/lokikirja\/#website"},"datePublished":"2015-03-09T19:08:15+00:00","dateModified":"2018-01-28T15:11:02+00:00","author":{"@id":"https:\/\/www.kieliluotsi.fi\/lokikirja\/#\/schema\/person\/be983f8146cb3edad975db1e1f487dc3"},"description":"V\u00e4itet\u00e4\u00e4n, ett\u00e4 mit\u00e4 enemm\u00e4n kieless\u00e4 on vokaaleja, sit\u00e4 kauniimmalta se kuulostaa. Pit\u00e4\u00e4k\u00f6 se paikkansa? Kaunistavatko vokaalit kielen kuin kielen?","breadcrumb":{"@id":"https:\/\/www.kieliluotsi.fi\/lokikirja\/vokaalit-kielen-kaunistajina\/#breadcrumb"},"inLanguage":"fi","potentialAction":[{"@type":"ReadAction","target":["https:\/\/www.kieliluotsi.fi\/lokikirja\/vokaalit-kielen-kaunistajina\/"]}]},{"@type":"BreadcrumbList","@id":"https:\/\/www.kieliluotsi.fi\/lokikirja\/vokaalit-kielen-kaunistajina\/#breadcrumb","itemListElement":[{"@type":"ListItem","position":1,"name":"Etusivu","item":"https:\/\/www.kieliluotsi.fi\/lokikirja\/"},{"@type":"ListItem","position":2,"name":"Vokaalit kielen kaunistajina"}]},{"@type":"WebSite","@id":"https:\/\/www.kieliluotsi.fi\/lokikirja\/#website","url":"https:\/\/www.kieliluotsi.fi\/lokikirja\/","name":"Kieliluotsin lokikirja","description":"havaintoja kielest\u00e4 ja sen ilmi\u00f6ist\u00e4","potentialAction":[{"@type":"SearchAction","target":{"@type":"EntryPoint","urlTemplate":"https:\/\/www.kieliluotsi.fi\/lokikirja\/?s={search_term_string}"},"query-input":"required name=search_term_string"}],"inLanguage":"fi"},{"@type":"Person","@id":"https:\/\/www.kieliluotsi.fi\/lokikirja\/#\/schema\/person\/be983f8146cb3edad975db1e1f487dc3","name":"Jutta Posti","image":{"@type":"ImageObject","inLanguage":"fi","@id":"https:\/\/www.kieliluotsi.fi\/lokikirja\/#\/schema\/person\/image\/","url":"https:\/\/www.kieliluotsi.fi\/lokikirja\/media\/2017\/11\/Jutta-Posti_avatar_1511473595-96x96.jpg","contentUrl":"https:\/\/www.kieliluotsi.fi\/lokikirja\/media\/2017\/11\/Jutta-Posti_avatar_1511473595-96x96.jpg","caption":"Jutta Posti"},"description":"Jutta Posti (FM) on haminalainen humanisti ja kielifriikki. H\u00e4n on kielipalveluja tarjoavan Kieliluotsin perustaja ja kieliasiantuntija.","sameAs":["https:\/\/www.kieliluotsi.fi"],"url":"https:\/\/www.kieliluotsi.fi\/lokikirja\/author\/jutta_jarvansalo\/"}]}},"_links":{"self":[{"href":"https:\/\/www.kieliluotsi.fi\/lokikirja\/wp-json\/wp\/v2\/posts\/370"}],"collection":[{"href":"https:\/\/www.kieliluotsi.fi\/lokikirja\/wp-json\/wp\/v2\/posts"}],"about":[{"href":"https:\/\/www.kieliluotsi.fi\/lokikirja\/wp-json\/wp\/v2\/types\/post"}],"author":[{"embeddable":true,"href":"https:\/\/www.kieliluotsi.fi\/lokikirja\/wp-json\/wp\/v2\/users\/3"}],"replies":[{"embeddable":true,"href":"https:\/\/www.kieliluotsi.fi\/lokikirja\/wp-json\/wp\/v2\/comments?post=370"}],"version-history":[{"count":14,"href":"https:\/\/www.kieliluotsi.fi\/lokikirja\/wp-json\/wp\/v2\/posts\/370\/revisions"}],"predecessor-version":[{"id":1016,"href":"https:\/\/www.kieliluotsi.fi\/lokikirja\/wp-json\/wp\/v2\/posts\/370\/revisions\/1016"}],"wp:featuredmedia":[{"embeddable":true,"href":"https:\/\/www.kieliluotsi.fi\/lokikirja\/wp-json\/wp\/v2\/media\/630"}],"wp:attachment":[{"href":"https:\/\/www.kieliluotsi.fi\/lokikirja\/wp-json\/wp\/v2\/media?parent=370"}],"wp:term":[{"taxonomy":"category","embeddable":true,"href":"https:\/\/www.kieliluotsi.fi\/lokikirja\/wp-json\/wp\/v2\/categories?post=370"},{"taxonomy":"post_tag","embeddable":true,"href":"https:\/\/www.kieliluotsi.fi\/lokikirja\/wp-json\/wp\/v2\/tags?post=370"}],"curies":[{"name":"wp","href":"https:\/\/api.w.org\/{rel}","templated":true}]}}