{"id":374,"date":"2015-03-16T21:58:56","date_gmt":"2015-03-16T19:58:56","guid":{"rendered":"https:\/\/www.kieliluotsi.fi\/lokikirja\/?p=374"},"modified":"2018-03-05T14:09:08","modified_gmt":"2018-03-05T12:09:08","slug":"rasismi-romukoppaan","status":"publish","type":"post","link":"https:\/\/www.kieliluotsi.fi\/lokikirja\/rasismi-romukoppaan\/","title":{"rendered":"Rasismi romukoppaan"},"content":{"rendered":"<p>Rasismi on hyvin negatiivinen ilmi\u00f6: se aiheuttaa syrjint\u00e4\u00e4, mielipahaa ja pahimmassa tapauksessa jopa ihmishenkien menetyksi\u00e4. Suomessa vietet\u00e4\u00e4n t\u00e4ll\u00e4 viikolla jokavuotista rasisminvastaista viikkoa.<\/p>\n<p><!--more--><\/p>\n<p>Sen tarkoituksena on her\u00e4tt\u00e4\u00e4 ihmiset tajuamaan rasismin tuomittavuus ja toimimaan sen mukaisesti. Mutta mit\u00e4 <em>rasismi<\/em> oikeastaan tarkoittaa, ihan puhtaasti kielellisesti ajateltuna?<\/p>\n<h2>Alun perin rotusyrjint\u00e4\u00e4<\/h2>\n<p>Suomen kielen sana <em>rasismi<\/em> on lainaa indoeurooppalaisista kielist\u00e4. Sanan alkuper\u00e4inen muoto viittaa englannin sanaan <em>race<\/em>, \u2019rotu\u2019. Ilmi\u00f6 on tunnettu Suomessakin jo kauan ennen maamme kansainv\u00e4listymist\u00e4: jo 1960-luvulta per\u00e4isin olevassa Nykysuomen sanakirjassa esiintyy sana <em>rotusyrjint\u00e4<\/em>. Alun perin rasismi on siis tarkoittanut muihin kuin valkoihoisiin \u2012 erityisesti tummaihoisiin \u2012 kohdistuvaa syrjint\u00e4\u00e4.<\/p>\n<h2>Rasismi = syrjint\u00e4?<\/h2>\n<p>Nyky\u00e4\u00e4n kuulee kuitenkin puhuttavan rasismista my\u00f6s yhdyssanan j\u00e4lkiosana. Tunnetuin esimerkki lienee <em>ik\u00e4rasismi<\/em>, jolla tarkoitetaan esimerkiksi vanhusten yleist\u00e4 sorsimista tai yli 45-vuotiaiden syrjint\u00e4\u00e4 ty\u00f6markkinoilla. Puhutaan my\u00f6s <em>ulkon\u00e4k\u00f6rasismista<\/em> ja <em>kokorasismista<\/em>. T\u00e4llaisissa tapauksissa <em>rasismi<\/em> on laajentunut tarkoittamaan <em>syrjint\u00e4\u00e4<\/em> yleens\u00e4, ei pelk\u00e4st\u00e4\u00e4n ep\u00e4vaaleaihoisiin kohdistuvaa sortamista.<\/p>\n<h2>&#8221;Suvaitsevaista&#8221; rasismia<\/h2>\n<p>On melko huvittavaa, ett\u00e4 merkitykselt\u00e4\u00e4n negatiivinen ja poissulkeva rasismi onkin kielellisesti tarkasteltuna eritt\u00e4in suvaitsevainen tyyppi! Alun perin hyvin suppeamerkityksinen termi on ajan my\u00f6t\u00e4 laajentunut ja kasvanut kattamaan mit\u00e4 erilaisimpia kohteita. Rasismi on k\u00e4yt\u00e4nn\u00f6ss\u00e4 noussut syrjinn\u00e4n synonyymiksi merkityksens\u00e4 laajennuttua.<\/p>\n<p>Joskus tuntuu, ett\u00e4 meill\u00e4 ihmisill\u00e4 olisi paljon opittavaa kielten maailmasta. Merkitykselt\u00e4\u00e4n negatiivinen rasismi opettaa meille kielihistoriallisella esimerkill\u00e4\u00e4n suvaitsevaisuutta ja sit\u00e4, ett\u00e4 kaikki otetaan mukaan eik\u00e4 ket\u00e4\u00e4n syrjit\u00e4.<\/p>\n<p>Jos kaikki maailman ihmiset noudattaisivat samaa periaatetta, maapallomme olisi paljon mukavampi paikka el\u00e4\u00e4. Me kaikki voimme kantaa kortemme kekoon laajentamalla suvaitsevaisuuttamme ja puuttumalla rasistiseen k\u00e4yt\u00f6kseen ja puheeseen aina sellaisiin t\u00f6rm\u00e4tess\u00e4mme.<\/p>\n<p>Yksi rasisminvastainen viikko vuodessa ei riit\u00e4 rasismin poistumiseen maailmasta. Rasismin vastaista ty\u00f6t\u00e4 onkin teht\u00e4v\u00e4 jatkuvasti, ja siihen tarvitaan kaikkia!<\/p>\n<div id=\"attachment_376\" style=\"width: 810px\" class=\"wp-caption aligncenter\"><a href=\"https:\/\/www.kieliluotsi.fi\/lokikirja\/media\/2015\/03\/EI_rasismille.jpg\"><img aria-describedby=\"caption-attachment-376\" decoding=\"async\" loading=\"lazy\" class=\"wp-image-376 size-full\" src=\"https:\/\/www.kieliluotsi.fi\/lokikirja\/media\/2015\/03\/EI_rasismille.jpg\" alt=\"Ei rasismille!\" width=\"800\" height=\"597\" srcset=\"https:\/\/www.kieliluotsi.fi\/lokikirja\/media\/2015\/03\/EI_rasismille.jpg 800w, https:\/\/www.kieliluotsi.fi\/lokikirja\/media\/2015\/03\/EI_rasismille-300x224.jpg 300w, https:\/\/www.kieliluotsi.fi\/lokikirja\/media\/2015\/03\/EI_rasismille-624x466.jpg 624w\" sizes=\"(max-width: 800px) 100vw, 800px\" \/><\/a><p id=\"caption-attachment-376\" class=\"wp-caption-text\">Suvaitsevaisuus l\u00e4hent\u00e4\u00e4 meit\u00e4 kaikkia.<\/p><\/div>\n","protected":false},"excerpt":{"rendered":"<p>Rasismi on hyvin negatiivinen ilmi\u00f6: se aiheuttaa syrjint\u00e4\u00e4, mielipahaa ja pahimmassa tapauksessa jopa ihmishenkien menetyksi\u00e4. Suomessa vietet\u00e4\u00e4n t\u00e4ll\u00e4 viikolla jokavuotista rasisminvastaista viikkoa.<\/p>\n","protected":false},"author":3,"featured_media":376,"comment_status":"open","ping_status":"open","sticky":false,"template":"","format":"standard","meta":[],"categories":[1],"tags":[9,8,209,162,54,55],"yoast_head":"<!-- This site is optimized with the Yoast SEO plugin v20.13 - https:\/\/yoast.com\/wordpress\/plugins\/seo\/ -->\n<title>Rasismi romukoppaan \u2013 Kieliluotsin lokikirja<\/title>\n<meta name=\"description\" content=\"Suomessa vietet\u00e4\u00e4n t\u00e4ll\u00e4 viikolla jokavuotista rasisminvastaista viikkoa. Mutta mit\u00e4 rasismi oikeastaan tarkoittaa, ihan puhtaasti kielellisesti ajateltuna?\" \/>\n<meta name=\"robots\" content=\"index, follow, max-snippet:-1, max-image-preview:large, max-video-preview:-1\" \/>\n<link rel=\"canonical\" href=\"https:\/\/www.kieliluotsi.fi\/lokikirja\/rasismi-romukoppaan\/\" \/>\n<meta property=\"og:locale\" content=\"fi_FI\" \/>\n<meta property=\"og:type\" content=\"article\" \/>\n<meta property=\"og:title\" content=\"Rasismi romukoppaan \u2013 Kieliluotsin lokikirja\" \/>\n<meta property=\"og:description\" content=\"Suomessa vietet\u00e4\u00e4n t\u00e4ll\u00e4 viikolla jokavuotista rasisminvastaista viikkoa. Mutta mit\u00e4 rasismi oikeastaan tarkoittaa, ihan puhtaasti kielellisesti ajateltuna?\" \/>\n<meta property=\"og:url\" content=\"https:\/\/www.kieliluotsi.fi\/lokikirja\/rasismi-romukoppaan\/\" \/>\n<meta property=\"og:site_name\" content=\"Kieliluotsin lokikirja\" \/>\n<meta property=\"article:published_time\" content=\"2015-03-16T19:58:56+00:00\" \/>\n<meta property=\"article:modified_time\" content=\"2018-03-05T12:09:08+00:00\" \/>\n<meta property=\"og:image\" content=\"https:\/\/www.kieliluotsi.fi\/lokikirja\/media\/2015\/03\/EI_rasismille.jpg\" \/>\n\t<meta property=\"og:image:width\" content=\"800\" \/>\n\t<meta property=\"og:image:height\" content=\"597\" \/>\n\t<meta property=\"og:image:type\" content=\"image\/jpeg\" \/>\n<meta name=\"author\" content=\"Jutta Posti\" \/>\n<meta name=\"twitter:label1\" content=\"Kirjoittanut\" \/>\n\t<meta name=\"twitter:data1\" content=\"Jutta Posti\" \/>\n\t<meta name=\"twitter:label2\" content=\"Arvioitu lukuaika\" \/>\n\t<meta name=\"twitter:data2\" content=\"1 minuutti\" \/>\n<script type=\"application\/ld+json\" class=\"yoast-schema-graph\">{\"@context\":\"https:\/\/schema.org\",\"@graph\":[{\"@type\":\"WebPage\",\"@id\":\"https:\/\/www.kieliluotsi.fi\/lokikirja\/rasismi-romukoppaan\/\",\"url\":\"https:\/\/www.kieliluotsi.fi\/lokikirja\/rasismi-romukoppaan\/\",\"name\":\"Rasismi romukoppaan \u2013 Kieliluotsin lokikirja\",\"isPartOf\":{\"@id\":\"https:\/\/www.kieliluotsi.fi\/lokikirja\/#website\"},\"datePublished\":\"2015-03-16T19:58:56+00:00\",\"dateModified\":\"2018-03-05T12:09:08+00:00\",\"author\":{\"@id\":\"https:\/\/www.kieliluotsi.fi\/lokikirja\/#\/schema\/person\/be983f8146cb3edad975db1e1f487dc3\"},\"description\":\"Suomessa vietet\u00e4\u00e4n t\u00e4ll\u00e4 viikolla jokavuotista rasisminvastaista viikkoa. Mutta mit\u00e4 rasismi oikeastaan tarkoittaa, ihan puhtaasti kielellisesti ajateltuna?\",\"breadcrumb\":{\"@id\":\"https:\/\/www.kieliluotsi.fi\/lokikirja\/rasismi-romukoppaan\/#breadcrumb\"},\"inLanguage\":\"fi\",\"potentialAction\":[{\"@type\":\"ReadAction\",\"target\":[\"https:\/\/www.kieliluotsi.fi\/lokikirja\/rasismi-romukoppaan\/\"]}]},{\"@type\":\"BreadcrumbList\",\"@id\":\"https:\/\/www.kieliluotsi.fi\/lokikirja\/rasismi-romukoppaan\/#breadcrumb\",\"itemListElement\":[{\"@type\":\"ListItem\",\"position\":1,\"name\":\"Etusivu\",\"item\":\"https:\/\/www.kieliluotsi.fi\/lokikirja\/\"},{\"@type\":\"ListItem\",\"position\":2,\"name\":\"Rasismi romukoppaan\"}]},{\"@type\":\"WebSite\",\"@id\":\"https:\/\/www.kieliluotsi.fi\/lokikirja\/#website\",\"url\":\"https:\/\/www.kieliluotsi.fi\/lokikirja\/\",\"name\":\"Kieliluotsin lokikirja\",\"description\":\"havaintoja kielest\u00e4 ja sen ilmi\u00f6ist\u00e4\",\"potentialAction\":[{\"@type\":\"SearchAction\",\"target\":{\"@type\":\"EntryPoint\",\"urlTemplate\":\"https:\/\/www.kieliluotsi.fi\/lokikirja\/?s={search_term_string}\"},\"query-input\":\"required name=search_term_string\"}],\"inLanguage\":\"fi\"},{\"@type\":\"Person\",\"@id\":\"https:\/\/www.kieliluotsi.fi\/lokikirja\/#\/schema\/person\/be983f8146cb3edad975db1e1f487dc3\",\"name\":\"Jutta Posti\",\"image\":{\"@type\":\"ImageObject\",\"inLanguage\":\"fi\",\"@id\":\"https:\/\/www.kieliluotsi.fi\/lokikirja\/#\/schema\/person\/image\/\",\"url\":\"https:\/\/www.kieliluotsi.fi\/lokikirja\/media\/2017\/11\/Jutta-Posti_avatar_1511473595-96x96.jpg\",\"contentUrl\":\"https:\/\/www.kieliluotsi.fi\/lokikirja\/media\/2017\/11\/Jutta-Posti_avatar_1511473595-96x96.jpg\",\"caption\":\"Jutta Posti\"},\"description\":\"Jutta Posti (FM) on haminalainen humanisti ja kielifriikki. H\u00e4n on kielipalveluja tarjoavan Kieliluotsin perustaja ja kieliasiantuntija.\",\"sameAs\":[\"https:\/\/www.kieliluotsi.fi\"],\"url\":\"https:\/\/www.kieliluotsi.fi\/lokikirja\/author\/jutta_jarvansalo\/\"}]}<\/script>\n<!-- \/ Yoast SEO plugin. -->","yoast_head_json":{"title":"Rasismi romukoppaan \u2013 Kieliluotsin lokikirja","description":"Suomessa vietet\u00e4\u00e4n t\u00e4ll\u00e4 viikolla jokavuotista rasisminvastaista viikkoa. Mutta mit\u00e4 rasismi oikeastaan tarkoittaa, ihan puhtaasti kielellisesti ajateltuna?","robots":{"index":"index","follow":"follow","max-snippet":"max-snippet:-1","max-image-preview":"max-image-preview:large","max-video-preview":"max-video-preview:-1"},"canonical":"https:\/\/www.kieliluotsi.fi\/lokikirja\/rasismi-romukoppaan\/","og_locale":"fi_FI","og_type":"article","og_title":"Rasismi romukoppaan \u2013 Kieliluotsin lokikirja","og_description":"Suomessa vietet\u00e4\u00e4n t\u00e4ll\u00e4 viikolla jokavuotista rasisminvastaista viikkoa. Mutta mit\u00e4 rasismi oikeastaan tarkoittaa, ihan puhtaasti kielellisesti ajateltuna?","og_url":"https:\/\/www.kieliluotsi.fi\/lokikirja\/rasismi-romukoppaan\/","og_site_name":"Kieliluotsin lokikirja","article_published_time":"2015-03-16T19:58:56+00:00","article_modified_time":"2018-03-05T12:09:08+00:00","og_image":[{"width":800,"height":597,"url":"https:\/\/www.kieliluotsi.fi\/lokikirja\/media\/2015\/03\/EI_rasismille.jpg","type":"image\/jpeg"}],"author":"Jutta Posti","twitter_misc":{"Kirjoittanut":"Jutta Posti","Arvioitu lukuaika":"1 minuutti"},"schema":{"@context":"https:\/\/schema.org","@graph":[{"@type":"WebPage","@id":"https:\/\/www.kieliluotsi.fi\/lokikirja\/rasismi-romukoppaan\/","url":"https:\/\/www.kieliluotsi.fi\/lokikirja\/rasismi-romukoppaan\/","name":"Rasismi romukoppaan \u2013 Kieliluotsin lokikirja","isPartOf":{"@id":"https:\/\/www.kieliluotsi.fi\/lokikirja\/#website"},"datePublished":"2015-03-16T19:58:56+00:00","dateModified":"2018-03-05T12:09:08+00:00","author":{"@id":"https:\/\/www.kieliluotsi.fi\/lokikirja\/#\/schema\/person\/be983f8146cb3edad975db1e1f487dc3"},"description":"Suomessa vietet\u00e4\u00e4n t\u00e4ll\u00e4 viikolla jokavuotista rasisminvastaista viikkoa. Mutta mit\u00e4 rasismi oikeastaan tarkoittaa, ihan puhtaasti kielellisesti ajateltuna?","breadcrumb":{"@id":"https:\/\/www.kieliluotsi.fi\/lokikirja\/rasismi-romukoppaan\/#breadcrumb"},"inLanguage":"fi","potentialAction":[{"@type":"ReadAction","target":["https:\/\/www.kieliluotsi.fi\/lokikirja\/rasismi-romukoppaan\/"]}]},{"@type":"BreadcrumbList","@id":"https:\/\/www.kieliluotsi.fi\/lokikirja\/rasismi-romukoppaan\/#breadcrumb","itemListElement":[{"@type":"ListItem","position":1,"name":"Etusivu","item":"https:\/\/www.kieliluotsi.fi\/lokikirja\/"},{"@type":"ListItem","position":2,"name":"Rasismi romukoppaan"}]},{"@type":"WebSite","@id":"https:\/\/www.kieliluotsi.fi\/lokikirja\/#website","url":"https:\/\/www.kieliluotsi.fi\/lokikirja\/","name":"Kieliluotsin lokikirja","description":"havaintoja kielest\u00e4 ja sen ilmi\u00f6ist\u00e4","potentialAction":[{"@type":"SearchAction","target":{"@type":"EntryPoint","urlTemplate":"https:\/\/www.kieliluotsi.fi\/lokikirja\/?s={search_term_string}"},"query-input":"required name=search_term_string"}],"inLanguage":"fi"},{"@type":"Person","@id":"https:\/\/www.kieliluotsi.fi\/lokikirja\/#\/schema\/person\/be983f8146cb3edad975db1e1f487dc3","name":"Jutta Posti","image":{"@type":"ImageObject","inLanguage":"fi","@id":"https:\/\/www.kieliluotsi.fi\/lokikirja\/#\/schema\/person\/image\/","url":"https:\/\/www.kieliluotsi.fi\/lokikirja\/media\/2017\/11\/Jutta-Posti_avatar_1511473595-96x96.jpg","contentUrl":"https:\/\/www.kieliluotsi.fi\/lokikirja\/media\/2017\/11\/Jutta-Posti_avatar_1511473595-96x96.jpg","caption":"Jutta Posti"},"description":"Jutta Posti (FM) on haminalainen humanisti ja kielifriikki. H\u00e4n on kielipalveluja tarjoavan Kieliluotsin perustaja ja kieliasiantuntija.","sameAs":["https:\/\/www.kieliluotsi.fi"],"url":"https:\/\/www.kieliluotsi.fi\/lokikirja\/author\/jutta_jarvansalo\/"}]}},"_links":{"self":[{"href":"https:\/\/www.kieliluotsi.fi\/lokikirja\/wp-json\/wp\/v2\/posts\/374"}],"collection":[{"href":"https:\/\/www.kieliluotsi.fi\/lokikirja\/wp-json\/wp\/v2\/posts"}],"about":[{"href":"https:\/\/www.kieliluotsi.fi\/lokikirja\/wp-json\/wp\/v2\/types\/post"}],"author":[{"embeddable":true,"href":"https:\/\/www.kieliluotsi.fi\/lokikirja\/wp-json\/wp\/v2\/users\/3"}],"replies":[{"embeddable":true,"href":"https:\/\/www.kieliluotsi.fi\/lokikirja\/wp-json\/wp\/v2\/comments?post=374"}],"version-history":[{"count":7,"href":"https:\/\/www.kieliluotsi.fi\/lokikirja\/wp-json\/wp\/v2\/posts\/374\/revisions"}],"predecessor-version":[{"id":1082,"href":"https:\/\/www.kieliluotsi.fi\/lokikirja\/wp-json\/wp\/v2\/posts\/374\/revisions\/1082"}],"wp:featuredmedia":[{"embeddable":true,"href":"https:\/\/www.kieliluotsi.fi\/lokikirja\/wp-json\/wp\/v2\/media\/376"}],"wp:attachment":[{"href":"https:\/\/www.kieliluotsi.fi\/lokikirja\/wp-json\/wp\/v2\/media?parent=374"}],"wp:term":[{"taxonomy":"category","embeddable":true,"href":"https:\/\/www.kieliluotsi.fi\/lokikirja\/wp-json\/wp\/v2\/categories?post=374"},{"taxonomy":"post_tag","embeddable":true,"href":"https:\/\/www.kieliluotsi.fi\/lokikirja\/wp-json\/wp\/v2\/tags?post=374"}],"curies":[{"name":"wp","href":"https:\/\/api.w.org\/{rel}","templated":true}]}}