{"id":478,"date":"2017-06-26T18:48:21","date_gmt":"2017-06-26T15:48:21","guid":{"rendered":"https:\/\/www.kieliluotsi.fi\/lokikirja\/?p=478"},"modified":"2018-01-20T16:34:30","modified_gmt":"2018-01-20T14:34:30","slug":"kieliluotsi-uusilla-vesilla","status":"publish","type":"post","link":"https:\/\/www.kieliluotsi.fi\/lokikirja\/kieliluotsi-uusilla-vesilla\/","title":{"rendered":"Kieliluotsi uusilla vesill\u00e4"},"content":{"rendered":"<p>Kieliluotsin alkuvuosi on ollut hyvin mielenkiintoinen. Monen onnekkaan sattuman ja el\u00e4m\u00e4npolun yll\u00e4tt\u00e4vien mutkien summana pieni, sivutoiminen yhden henkil\u00f6n py\u00f6ritt\u00e4m\u00e4 toiminimi on nyt kes\u00e4kuussa 2017 muuttunut osakeyhti\u00f6ksi ja samalla kahden ihmisen p\u00e4\u00e4ty\u00f6ksi.<\/p>\n<p><!--more--><\/p>\n<h2>Yhteisty\u00f6mahdollisuudet avartuvat<\/h2>\n<p><a href=\"https:\/\/www.kieliluotsi.fi\/lokikirja\/media\/2017\/06\/veneet.jpg\"><img decoding=\"async\" loading=\"lazy\" class=\"aligncenter size-full wp-image-896\" src=\"https:\/\/www.kieliluotsi.fi\/lokikirja\/media\/2017\/06\/veneet.jpg\" alt=\"Veneet\" width=\"1500\" height=\"903\" srcset=\"https:\/\/www.kieliluotsi.fi\/lokikirja\/media\/2017\/06\/veneet.jpg 1500w, https:\/\/www.kieliluotsi.fi\/lokikirja\/media\/2017\/06\/veneet-300x181.jpg 300w, https:\/\/www.kieliluotsi.fi\/lokikirja\/media\/2017\/06\/veneet-768x462.jpg 768w, https:\/\/www.kieliluotsi.fi\/lokikirja\/media\/2017\/06\/veneet-1024x616.jpg 1024w, https:\/\/www.kieliluotsi.fi\/lokikirja\/media\/2017\/06\/veneet-624x376.jpg 624w\" sizes=\"(max-width: 1500px) 100vw, 1500px\" \/><\/a>Allekirjoittanut jatkaa edelleen p\u00e4\u00e4vastuullisena kieliasiantuntijana, ja lis\u00e4ksi Kieliluotsi Oy on saanut toimitusjohtajaksi Antin. Antin alaa ovat my\u00f6s tekninen kirjoittaminen ja aihepiirilt\u00e4\u00e4n tekniikkaan liittyvien tekstien k\u00e4sittely sek\u00e4 kaikki ICT-asiat; Antti on kieli-ihmisi\u00e4, diplomi-insin\u00f6\u00f6ri ja toiminut monta vuotta tekniikan alan tutkijana yliopistossa, joten kompetenssia riitt\u00e4\u00e4 h\u00e4nell\u00e4kin.<\/p>\n<p>Yhti\u00f6muodon muutoksen my\u00f6t\u00e4 Kieliluotsilla on nyt my\u00f6s mahdollisuus laajentaa yhteisty\u00f6verkostojaan entisest\u00e4\u00e4n. Uudet kumppanit ovat aina t\u00e4rkeit\u00e4, mutta niiden arvo korostuu erityisesti uuden alun \u00e4\u00e4rell\u00e4. Etsimmekin nyt luotsattaviksemme uusia asiakkaita ja muita yhteisty\u00f6kumppaneita. Pieni luotsivene pystyy ohjaamaan isonkin valtamerilaivan oikealle kurssille!<\/p>\n<h2>Lokikirjoituksia edelleen<\/h2>\n<p><a href=\"https:\/\/www.kieliluotsi.fi\/lokikirja\/media\/2014\/02\/Kieliluotsin_lokikirja.jpg\"><img decoding=\"async\" loading=\"lazy\" class=\"aligncenter size-full wp-image-40\" src=\"https:\/\/www.kieliluotsi.fi\/lokikirja\/media\/2014\/02\/Kieliluotsin_lokikirja.jpg\" alt=\"Kieliluotsin lokikirja\" width=\"442\" height=\"600\" srcset=\"https:\/\/www.kieliluotsi.fi\/lokikirja\/media\/2014\/02\/Kieliluotsin_lokikirja.jpg 442w, https:\/\/www.kieliluotsi.fi\/lokikirja\/media\/2014\/02\/Kieliluotsin_lokikirja-221x300.jpg 221w\" sizes=\"(max-width: 442px) 100vw, 442px\" \/><\/a>Ahkerimmat Kieliluotsin lokikirjan lukijat ovat varmaan huomanneet, ett\u00e4 t\u00e4\u00e4ll\u00e4 lokikirjoitusrintamalla on viime aikoina ollut kovin hiljaista. Syyn\u00e4 siihen on ollut yksinkertaisesti ajan puute. Kun on ensin k\u00e4ynyt \u201dnormaalit\u00f6iss\u00e4\u201d ja loppup\u00e4iv\u00e4n tehnyt kielihommia, aikaa ei vain ole j\u00e4\u00e4nyt lokikirjoituksille, niin mukavaa kuin niiden kirjoittaminen olisi ollutkin.<\/p>\n<p>T\u00e4st\u00e4 l\u00e4htien pyrimme kuitenkin julkaisemaan uusia lokikirjoituksia viimeaikaista useammin. Jos teill\u00e4 lukijoilla on toivomuksia lokikirjoitusten aiheiksi tai muita ideoita lokikirjaan liittyen, otamme niit\u00e4 ilomielin vastaan. Ja toki toivomme my\u00f6s kommentteja lokikirjoituksiin!<\/p>\n<p>Kieliluotsi siis jatkaa toimintaansa; erona entiseen on vain se, ett\u00e4 nyt on mahdollista pit\u00e4\u00e4 kaikki purjeet auki ja nauttia seikkailuista kielten merell\u00e4 ihan t\u00e4ysip\u00e4iv\u00e4isesti!<\/p>\n<div id=\"attachment_479\" style=\"width: 1356px\" class=\"wp-caption aligncenter\"><a href=\"https:\/\/www.kieliluotsi.fi\/lokikirja\/media\/2017\/06\/Kieliluotsi_Oy.png\"><img aria-describedby=\"caption-attachment-479\" decoding=\"async\" loading=\"lazy\" class=\"wp-image-479 size-full\" src=\"https:\/\/www.kieliluotsi.fi\/lokikirja\/media\/2017\/06\/Kieliluotsi_Oy.png\" alt=\"Kieliluotsi Oy\" width=\"1346\" height=\"249\" srcset=\"https:\/\/www.kieliluotsi.fi\/lokikirja\/media\/2017\/06\/Kieliluotsi_Oy.png 1346w, https:\/\/www.kieliluotsi.fi\/lokikirja\/media\/2017\/06\/Kieliluotsi_Oy-300x55.png 300w, https:\/\/www.kieliluotsi.fi\/lokikirja\/media\/2017\/06\/Kieliluotsi_Oy-768x142.png 768w, https:\/\/www.kieliluotsi.fi\/lokikirja\/media\/2017\/06\/Kieliluotsi_Oy-1024x189.png 1024w, https:\/\/www.kieliluotsi.fi\/lokikirja\/media\/2017\/06\/Kieliluotsi_Oy-624x115.png 624w\" sizes=\"(max-width: 1346px) 100vw, 1346px\" \/><\/a><p id=\"caption-attachment-479\" class=\"wp-caption-text\">Kieliluotsi on nyt osakeyhti\u00f6!<\/p><\/div>\n","protected":false},"excerpt":{"rendered":"<p>Kieliluotsin alkuvuosi on ollut hyvin mielenkiintoinen. Monen onnekkaan sattuman ja el\u00e4m\u00e4npolun yll\u00e4tt\u00e4vien mutkien summana pieni, sivutoiminen yhden henkil\u00f6n py\u00f6ritt\u00e4m\u00e4 toiminimi on nyt kes\u00e4kuussa 2017 muuttunut osakeyhti\u00f6ksi ja samalla kahden ihmisen p\u00e4\u00e4ty\u00f6ksi.<\/p>\n","protected":false},"author":3,"featured_media":479,"comment_status":"open","ping_status":"open","sticky":false,"template":"","format":"standard","meta":[],"categories":[1],"tags":[9,237,5,238],"yoast_head":"<!-- This site is optimized with the Yoast SEO plugin v20.13 - https:\/\/yoast.com\/wordpress\/plugins\/seo\/ -->\n<title>Kieliluotsi uusilla vesill\u00e4 \u2013 Kieliluotsin lokikirja<\/title>\n<meta name=\"description\" content=\"Kieliluotsin alkuvuosi on ollut mielenkiintoinen. Yhden henkil\u00f6n py\u00f6ritt\u00e4m\u00e4 toiminimi on muuttunut kes\u00e4kuussa 2017 osakeyhti\u00f6ksi, ja toiminta laajenee.\" \/>\n<meta name=\"robots\" content=\"index, follow, max-snippet:-1, max-image-preview:large, max-video-preview:-1\" \/>\n<link rel=\"canonical\" href=\"https:\/\/www.kieliluotsi.fi\/lokikirja\/kieliluotsi-uusilla-vesilla\/\" \/>\n<meta property=\"og:locale\" content=\"fi_FI\" \/>\n<meta property=\"og:type\" content=\"article\" \/>\n<meta property=\"og:title\" content=\"Kieliluotsi uusilla vesill\u00e4 \u2013 Kieliluotsin lokikirja\" \/>\n<meta property=\"og:description\" content=\"Kieliluotsin alkuvuosi on ollut mielenkiintoinen. Yhden henkil\u00f6n py\u00f6ritt\u00e4m\u00e4 toiminimi on muuttunut kes\u00e4kuussa 2017 osakeyhti\u00f6ksi, ja toiminta laajenee.\" \/>\n<meta property=\"og:url\" content=\"https:\/\/www.kieliluotsi.fi\/lokikirja\/kieliluotsi-uusilla-vesilla\/\" \/>\n<meta property=\"og:site_name\" content=\"Kieliluotsin lokikirja\" \/>\n<meta property=\"article:published_time\" content=\"2017-06-26T15:48:21+00:00\" \/>\n<meta property=\"article:modified_time\" content=\"2018-01-20T14:34:30+00:00\" \/>\n<meta property=\"og:image\" content=\"https:\/\/www.kieliluotsi.fi\/lokikirja\/media\/2017\/06\/Kieliluotsi_Oy.png\" \/>\n\t<meta property=\"og:image:width\" content=\"1346\" \/>\n\t<meta property=\"og:image:height\" content=\"249\" \/>\n\t<meta property=\"og:image:type\" content=\"image\/png\" \/>\n<meta name=\"author\" content=\"Jutta Posti\" \/>\n<meta name=\"twitter:label1\" content=\"Kirjoittanut\" \/>\n\t<meta name=\"twitter:data1\" content=\"Jutta Posti\" \/>\n\t<meta name=\"twitter:label2\" content=\"Arvioitu lukuaika\" \/>\n\t<meta name=\"twitter:data2\" content=\"1 minuutti\" \/>\n<script type=\"application\/ld+json\" class=\"yoast-schema-graph\">{\"@context\":\"https:\/\/schema.org\",\"@graph\":[{\"@type\":\"WebPage\",\"@id\":\"https:\/\/www.kieliluotsi.fi\/lokikirja\/kieliluotsi-uusilla-vesilla\/\",\"url\":\"https:\/\/www.kieliluotsi.fi\/lokikirja\/kieliluotsi-uusilla-vesilla\/\",\"name\":\"Kieliluotsi uusilla vesill\u00e4 \u2013 Kieliluotsin lokikirja\",\"isPartOf\":{\"@id\":\"https:\/\/www.kieliluotsi.fi\/lokikirja\/#website\"},\"datePublished\":\"2017-06-26T15:48:21+00:00\",\"dateModified\":\"2018-01-20T14:34:30+00:00\",\"author\":{\"@id\":\"https:\/\/www.kieliluotsi.fi\/lokikirja\/#\/schema\/person\/be983f8146cb3edad975db1e1f487dc3\"},\"description\":\"Kieliluotsin alkuvuosi on ollut mielenkiintoinen. Yhden henkil\u00f6n py\u00f6ritt\u00e4m\u00e4 toiminimi on muuttunut kes\u00e4kuussa 2017 osakeyhti\u00f6ksi, ja toiminta laajenee.\",\"breadcrumb\":{\"@id\":\"https:\/\/www.kieliluotsi.fi\/lokikirja\/kieliluotsi-uusilla-vesilla\/#breadcrumb\"},\"inLanguage\":\"fi\",\"potentialAction\":[{\"@type\":\"ReadAction\",\"target\":[\"https:\/\/www.kieliluotsi.fi\/lokikirja\/kieliluotsi-uusilla-vesilla\/\"]}]},{\"@type\":\"BreadcrumbList\",\"@id\":\"https:\/\/www.kieliluotsi.fi\/lokikirja\/kieliluotsi-uusilla-vesilla\/#breadcrumb\",\"itemListElement\":[{\"@type\":\"ListItem\",\"position\":1,\"name\":\"Etusivu\",\"item\":\"https:\/\/www.kieliluotsi.fi\/lokikirja\/\"},{\"@type\":\"ListItem\",\"position\":2,\"name\":\"Kieliluotsi uusilla vesill\u00e4\"}]},{\"@type\":\"WebSite\",\"@id\":\"https:\/\/www.kieliluotsi.fi\/lokikirja\/#website\",\"url\":\"https:\/\/www.kieliluotsi.fi\/lokikirja\/\",\"name\":\"Kieliluotsin lokikirja\",\"description\":\"havaintoja kielest\u00e4 ja sen ilmi\u00f6ist\u00e4\",\"potentialAction\":[{\"@type\":\"SearchAction\",\"target\":{\"@type\":\"EntryPoint\",\"urlTemplate\":\"https:\/\/www.kieliluotsi.fi\/lokikirja\/?s={search_term_string}\"},\"query-input\":\"required name=search_term_string\"}],\"inLanguage\":\"fi\"},{\"@type\":\"Person\",\"@id\":\"https:\/\/www.kieliluotsi.fi\/lokikirja\/#\/schema\/person\/be983f8146cb3edad975db1e1f487dc3\",\"name\":\"Jutta Posti\",\"image\":{\"@type\":\"ImageObject\",\"inLanguage\":\"fi\",\"@id\":\"https:\/\/www.kieliluotsi.fi\/lokikirja\/#\/schema\/person\/image\/\",\"url\":\"https:\/\/www.kieliluotsi.fi\/lokikirja\/media\/2017\/11\/Jutta-Posti_avatar_1511473595-96x96.jpg\",\"contentUrl\":\"https:\/\/www.kieliluotsi.fi\/lokikirja\/media\/2017\/11\/Jutta-Posti_avatar_1511473595-96x96.jpg\",\"caption\":\"Jutta Posti\"},\"description\":\"Jutta Posti (FM) on haminalainen humanisti ja kielifriikki. H\u00e4n on kielipalveluja tarjoavan Kieliluotsin perustaja ja kieliasiantuntija.\",\"sameAs\":[\"https:\/\/www.kieliluotsi.fi\"],\"url\":\"https:\/\/www.kieliluotsi.fi\/lokikirja\/author\/jutta_jarvansalo\/\"}]}<\/script>\n<!-- \/ Yoast SEO plugin. -->","yoast_head_json":{"title":"Kieliluotsi uusilla vesill\u00e4 \u2013 Kieliluotsin lokikirja","description":"Kieliluotsin alkuvuosi on ollut mielenkiintoinen. Yhden henkil\u00f6n py\u00f6ritt\u00e4m\u00e4 toiminimi on muuttunut kes\u00e4kuussa 2017 osakeyhti\u00f6ksi, ja toiminta laajenee.","robots":{"index":"index","follow":"follow","max-snippet":"max-snippet:-1","max-image-preview":"max-image-preview:large","max-video-preview":"max-video-preview:-1"},"canonical":"https:\/\/www.kieliluotsi.fi\/lokikirja\/kieliluotsi-uusilla-vesilla\/","og_locale":"fi_FI","og_type":"article","og_title":"Kieliluotsi uusilla vesill\u00e4 \u2013 Kieliluotsin lokikirja","og_description":"Kieliluotsin alkuvuosi on ollut mielenkiintoinen. Yhden henkil\u00f6n py\u00f6ritt\u00e4m\u00e4 toiminimi on muuttunut kes\u00e4kuussa 2017 osakeyhti\u00f6ksi, ja toiminta laajenee.","og_url":"https:\/\/www.kieliluotsi.fi\/lokikirja\/kieliluotsi-uusilla-vesilla\/","og_site_name":"Kieliluotsin lokikirja","article_published_time":"2017-06-26T15:48:21+00:00","article_modified_time":"2018-01-20T14:34:30+00:00","og_image":[{"width":1346,"height":249,"url":"https:\/\/www.kieliluotsi.fi\/lokikirja\/media\/2017\/06\/Kieliluotsi_Oy.png","type":"image\/png"}],"author":"Jutta Posti","twitter_misc":{"Kirjoittanut":"Jutta Posti","Arvioitu lukuaika":"1 minuutti"},"schema":{"@context":"https:\/\/schema.org","@graph":[{"@type":"WebPage","@id":"https:\/\/www.kieliluotsi.fi\/lokikirja\/kieliluotsi-uusilla-vesilla\/","url":"https:\/\/www.kieliluotsi.fi\/lokikirja\/kieliluotsi-uusilla-vesilla\/","name":"Kieliluotsi uusilla vesill\u00e4 \u2013 Kieliluotsin lokikirja","isPartOf":{"@id":"https:\/\/www.kieliluotsi.fi\/lokikirja\/#website"},"datePublished":"2017-06-26T15:48:21+00:00","dateModified":"2018-01-20T14:34:30+00:00","author":{"@id":"https:\/\/www.kieliluotsi.fi\/lokikirja\/#\/schema\/person\/be983f8146cb3edad975db1e1f487dc3"},"description":"Kieliluotsin alkuvuosi on ollut mielenkiintoinen. Yhden henkil\u00f6n py\u00f6ritt\u00e4m\u00e4 toiminimi on muuttunut kes\u00e4kuussa 2017 osakeyhti\u00f6ksi, ja toiminta laajenee.","breadcrumb":{"@id":"https:\/\/www.kieliluotsi.fi\/lokikirja\/kieliluotsi-uusilla-vesilla\/#breadcrumb"},"inLanguage":"fi","potentialAction":[{"@type":"ReadAction","target":["https:\/\/www.kieliluotsi.fi\/lokikirja\/kieliluotsi-uusilla-vesilla\/"]}]},{"@type":"BreadcrumbList","@id":"https:\/\/www.kieliluotsi.fi\/lokikirja\/kieliluotsi-uusilla-vesilla\/#breadcrumb","itemListElement":[{"@type":"ListItem","position":1,"name":"Etusivu","item":"https:\/\/www.kieliluotsi.fi\/lokikirja\/"},{"@type":"ListItem","position":2,"name":"Kieliluotsi uusilla vesill\u00e4"}]},{"@type":"WebSite","@id":"https:\/\/www.kieliluotsi.fi\/lokikirja\/#website","url":"https:\/\/www.kieliluotsi.fi\/lokikirja\/","name":"Kieliluotsin lokikirja","description":"havaintoja kielest\u00e4 ja sen ilmi\u00f6ist\u00e4","potentialAction":[{"@type":"SearchAction","target":{"@type":"EntryPoint","urlTemplate":"https:\/\/www.kieliluotsi.fi\/lokikirja\/?s={search_term_string}"},"query-input":"required name=search_term_string"}],"inLanguage":"fi"},{"@type":"Person","@id":"https:\/\/www.kieliluotsi.fi\/lokikirja\/#\/schema\/person\/be983f8146cb3edad975db1e1f487dc3","name":"Jutta Posti","image":{"@type":"ImageObject","inLanguage":"fi","@id":"https:\/\/www.kieliluotsi.fi\/lokikirja\/#\/schema\/person\/image\/","url":"https:\/\/www.kieliluotsi.fi\/lokikirja\/media\/2017\/11\/Jutta-Posti_avatar_1511473595-96x96.jpg","contentUrl":"https:\/\/www.kieliluotsi.fi\/lokikirja\/media\/2017\/11\/Jutta-Posti_avatar_1511473595-96x96.jpg","caption":"Jutta Posti"},"description":"Jutta Posti (FM) on haminalainen humanisti ja kielifriikki. H\u00e4n on kielipalveluja tarjoavan Kieliluotsin perustaja ja kieliasiantuntija.","sameAs":["https:\/\/www.kieliluotsi.fi"],"url":"https:\/\/www.kieliluotsi.fi\/lokikirja\/author\/jutta_jarvansalo\/"}]}},"_links":{"self":[{"href":"https:\/\/www.kieliluotsi.fi\/lokikirja\/wp-json\/wp\/v2\/posts\/478"}],"collection":[{"href":"https:\/\/www.kieliluotsi.fi\/lokikirja\/wp-json\/wp\/v2\/posts"}],"about":[{"href":"https:\/\/www.kieliluotsi.fi\/lokikirja\/wp-json\/wp\/v2\/types\/post"}],"author":[{"embeddable":true,"href":"https:\/\/www.kieliluotsi.fi\/lokikirja\/wp-json\/wp\/v2\/users\/3"}],"replies":[{"embeddable":true,"href":"https:\/\/www.kieliluotsi.fi\/lokikirja\/wp-json\/wp\/v2\/comments?post=478"}],"version-history":[{"count":6,"href":"https:\/\/www.kieliluotsi.fi\/lokikirja\/wp-json\/wp\/v2\/posts\/478\/revisions"}],"predecessor-version":[{"id":898,"href":"https:\/\/www.kieliluotsi.fi\/lokikirja\/wp-json\/wp\/v2\/posts\/478\/revisions\/898"}],"wp:featuredmedia":[{"embeddable":true,"href":"https:\/\/www.kieliluotsi.fi\/lokikirja\/wp-json\/wp\/v2\/media\/479"}],"wp:attachment":[{"href":"https:\/\/www.kieliluotsi.fi\/lokikirja\/wp-json\/wp\/v2\/media?parent=478"}],"wp:term":[{"taxonomy":"category","embeddable":true,"href":"https:\/\/www.kieliluotsi.fi\/lokikirja\/wp-json\/wp\/v2\/categories?post=478"},{"taxonomy":"post_tag","embeddable":true,"href":"https:\/\/www.kieliluotsi.fi\/lokikirja\/wp-json\/wp\/v2\/tags?post=478"}],"curies":[{"name":"wp","href":"https:\/\/api.w.org\/{rel}","templated":true}]}}