{"id":488,"date":"2017-08-21T18:15:52","date_gmt":"2017-08-21T15:15:52","guid":{"rendered":"https:\/\/www.kieliluotsi.fi\/lokikirja\/?p=488"},"modified":"2020-04-25T21:38:28","modified_gmt":"2020-04-25T18:38:28","slug":"koirakielta-ja-vauvakielta","status":"publish","type":"post","link":"https:\/\/www.kieliluotsi.fi\/lokikirja\/koirakielta-ja-vauvakielta\/","title":{"rendered":"Koirakielt\u00e4 ja vauvakielt\u00e4"},"content":{"rendered":"<p>Selailin hiljattain Helsingin Sanomien Kuukausiliitett\u00e4 4\/2017, ja silmiini pisti mielenkiintoinen, <a href=\"http:\/\/www.hs.fi\/kuukausiliite\/art-2000005150683.html\" target=\"_blank\" rel=\"noopener noreferrer\">koirakielell\u00e4 kirjoitettu juttu<\/a>. Sit\u00e4 lukiessani tajusin, ett\u00e4 koirakielih\u00e4n on melkein samanlaista kuin vauvakieli.<\/p>\n<p><!--more--><\/p>\n<p>Itse en ole koskaan omistanut koiraa sen paremmin kuin vauvaakaan, joten en ole ikin\u00e4 oikein ymm\u00e4rt\u00e4nyt, miksi koirille ja vauvoille pit\u00e4\u00e4 l\u00e4ssytt\u00e4\u00e4. Kieli-ihmisen\u00e4 minua kuitenkin kiinnostaa tuo ilmi\u00f6.<\/p>\n<h2>Koirakieli<\/h2>\n<p><a href=\"https:\/\/www.kieliluotsi.fi\/lokikirja\/media\/2017\/08\/koira.jpg\"><img decoding=\"async\" loading=\"lazy\" class=\"aligncenter size-full wp-image-921\" src=\"https:\/\/www.kieliluotsi.fi\/lokikirja\/media\/2017\/08\/koira.jpg\" alt=\"Koira\" width=\"1500\" height=\"1132\" srcset=\"https:\/\/www.kieliluotsi.fi\/lokikirja\/media\/2017\/08\/koira.jpg 1500w, https:\/\/www.kieliluotsi.fi\/lokikirja\/media\/2017\/08\/koira-300x226.jpg 300w, https:\/\/www.kieliluotsi.fi\/lokikirja\/media\/2017\/08\/koira-768x580.jpg 768w, https:\/\/www.kieliluotsi.fi\/lokikirja\/media\/2017\/08\/koira-1024x773.jpg 1024w, https:\/\/www.kieliluotsi.fi\/lokikirja\/media\/2017\/08\/koira-624x471.jpg 624w\" sizes=\"(max-width: 1500px) 100vw, 1500px\" \/><\/a>HS:n Kuukausiliitteen koirakielijutun kirjoittaja Elli-Noora Virkkunen on listannut muutamia yleisi\u00e4 koirakielen kielioppis\u00e4\u00e4nt\u00f6j\u00e4. Koirakielest\u00e4 puuttuvat kokonaan etuvokaalit, jolloin y, \u00e4 ja \u00f6 korvataan u:lla, a:lla ja o:lla. Konsonanteista r ja s ovat pannassa. Monet konsonanttiyhdistelm\u00e4t yksinkertaistuvat, esimerkiksi ks:st\u00e4 tulee usein kk.<\/p>\n<p>Intonaatio on erilainen ihmiskieleen verrattuna, ja my\u00f6s joitakin sanastoon liittyvi\u00e4 eroja on mahdollista l\u00f6yt\u00e4\u00e4. Hyvi\u00e4 esimerkkej\u00e4 ovat sin\u00e4-pronominin korvaaminen toinen-sanalla sek\u00e4 eritt\u00e4in monimutkaistetut substantiivit (luu -&gt; luukki). Koirakielen kielioppis\u00e4\u00e4nn\u00f6ist\u00e4 puhuttaessa t\u00e4ytyy toki muistaa, ett\u00e4 koirakieli ei ole samanlaista kaikkien puhumana.<\/p>\n<h2>Vauvakieli<\/h2>\n<p><a href=\"https:\/\/www.kieliluotsi.fi\/lokikirja\/media\/2017\/08\/vauva.jpg\"><img decoding=\"async\" loading=\"lazy\" class=\"aligncenter size-full wp-image-963\" src=\"https:\/\/www.kieliluotsi.fi\/lokikirja\/media\/2017\/08\/vauva.jpg\" alt=\"Vauva\" width=\"1200\" height=\"683\" srcset=\"https:\/\/www.kieliluotsi.fi\/lokikirja\/media\/2017\/08\/vauva.jpg 1200w, https:\/\/www.kieliluotsi.fi\/lokikirja\/media\/2017\/08\/vauva-300x171.jpg 300w, https:\/\/www.kieliluotsi.fi\/lokikirja\/media\/2017\/08\/vauva-768x437.jpg 768w, https:\/\/www.kieliluotsi.fi\/lokikirja\/media\/2017\/08\/vauva-1024x583.jpg 1024w, https:\/\/www.kieliluotsi.fi\/lokikirja\/media\/2017\/08\/vauva-624x355.jpg 624w\" sizes=\"(max-width: 1200px) 100vw, 1200px\" \/><\/a>Vauvakieli saattaa kuulostaa \u00e4kkiselt\u00e4\u00e4n melko samanlaiselta kuin koirakieli. Siihen my\u00f6s p\u00e4tee sama fakta kuin muihinkin kieliin: se ei ole aivan samanlaista kaikkien puhumana. Jokaisella puhujalla on oma murteensa.<\/p>\n<p>Yleist\u00e4 vauvakielelle on kuitenkin se, ett\u00e4 siit\u00e4kin puuttuvat r ja s. Ne korvataan joko vokaalilla tai l:ll\u00e4 ja t:ll\u00e4, samoin kuin koirakieless\u00e4. Oman havaintoni mukaan vauvoille puhuttaessa etuvokaaleita k\u00e4ytet\u00e4\u00e4n kuitenkin siin\u00e4 miss\u00e4 takavokaaleitakin. Ehk\u00e4 vauvat ovat parempia erottamaan vokaaleita kuin koirat?<\/p>\n<p>Konsonanttiyhdistelmien yksinkertaistuminen p\u00e4tee my\u00f6s vauvakieless\u00e4, ei tosin v\u00e4ltt\u00e4m\u00e4tt\u00e4 aivan niin suuressa mittakaavassa kuin koirakieless\u00e4. Intonaatioero on my\u00f6s usein huomattava ihmiskieleen, erityisesti suomeen, verrattuna. My\u00f6s sanastoeroja l\u00f6ytyy, joskaan ei aivan niin suuressa m\u00e4\u00e4rin kuin koirakieless\u00e4.<\/p>\n<p>Havaintojeni perusteella vauvakieli on siis jotakin ihmiskielen ja koirakielen v\u00e4lilt\u00e4: ei niin asiallista kuin ihmiskieli mutta ei niin yliampuvaa kuin koirakieli. Olisi mielenkiintoista tiet\u00e4\u00e4, onko olemassa viel\u00e4 jokin erityinen kissa-, hevos-, pikkujyrsij\u00e4- tai akvaariokalakieli. Suvussani on ollut paljon kissoja, joten voisin v\u00e4itt\u00e4\u00e4, ett\u00e4 jonkinlainen kissakielikin on olemassa. Se sijoittuisi ehk\u00e4 johonkin vauvakielen ja koirakielen v\u00e4liin.<\/p>\n<p>Sen sijaan on vaikea kuvitella ket\u00e4\u00e4n lepertelem\u00e4ss\u00e4 akvaarion lasin l\u00e4pi kaloilleen. Ehk\u00e4 tuollainen l\u00e4ssytyskieli syntyy vain silloin, kun joku otus \u2013 olkoonpa se sitten koira, vauva, minipossu tai mik\u00e4 vain \u2013 on vain kerta kaikkiaan niin harvinaisen ihana ja suloinen, ettei sille voi puhua normaalisti!<\/p>\n<div id=\"attachment_490\" style=\"width: 1010px\" class=\"wp-caption aligncenter\"><a href=\"https:\/\/www.kieliluotsi.fi\/lokikirja\/media\/2017\/08\/koira_ja_vauva.jpg\"><img aria-describedby=\"caption-attachment-490\" decoding=\"async\" loading=\"lazy\" class=\"wp-image-490 size-full\" src=\"https:\/\/www.kieliluotsi.fi\/lokikirja\/media\/2017\/08\/koira_ja_vauva.jpg\" alt=\"Koira ja vauva\" width=\"1000\" height=\"750\" srcset=\"https:\/\/www.kieliluotsi.fi\/lokikirja\/media\/2017\/08\/koira_ja_vauva.jpg 1000w, https:\/\/www.kieliluotsi.fi\/lokikirja\/media\/2017\/08\/koira_ja_vauva-300x225.jpg 300w, https:\/\/www.kieliluotsi.fi\/lokikirja\/media\/2017\/08\/koira_ja_vauva-768x576.jpg 768w, https:\/\/www.kieliluotsi.fi\/lokikirja\/media\/2017\/08\/koira_ja_vauva-624x468.jpg 624w\" sizes=\"(max-width: 1000px) 100vw, 1000px\" \/><\/a><p id=\"caption-attachment-490\" class=\"wp-caption-text\">Pit\u00e4\u00e4k\u00f6 n\u00e4ille l\u00e4ssytt\u00e4\u00e4 vai puhua normaalisti?<\/p><\/div>\n","protected":false},"excerpt":{"rendered":"<p>Selailin hiljattain Helsingin Sanomien Kuukausiliitett\u00e4 4\/2017, ja silmiini pisti mielenkiintoinen, koirakielell\u00e4 kirjoitettu juttu. Sit\u00e4 lukiessani tajusin, ett\u00e4 koirakielih\u00e4n on melkein samanlaista kuin vauvakieli.<\/p>\n","protected":false},"author":3,"featured_media":490,"comment_status":"open","ping_status":"open","sticky":false,"template":"","format":"standard","meta":[],"categories":[1],"tags":[67,239,7,3,38,17,162],"yoast_head":"<!-- This site is optimized with the Yoast SEO plugin v20.13 - https:\/\/yoast.com\/wordpress\/plugins\/seo\/ -->\n<title>Koirakielt\u00e4 ja vauvakielt\u00e4 \u2013 Kieliluotsin lokikirja<\/title>\n<meta name=\"description\" content=\"En ole ikin\u00e4 oikein ymm\u00e4rt\u00e4nyt, miksi koirille ja vauvoille pit\u00e4\u00e4 l\u00e4ssytt\u00e4\u00e4. Kieli-ihmisen\u00e4 minua kuitenkin kiinnostaa tuo ilmi\u00f6.\" \/>\n<meta name=\"robots\" content=\"index, follow, max-snippet:-1, max-image-preview:large, max-video-preview:-1\" \/>\n<link rel=\"canonical\" href=\"https:\/\/www.kieliluotsi.fi\/lokikirja\/koirakielta-ja-vauvakielta\/\" \/>\n<meta property=\"og:locale\" content=\"fi_FI\" \/>\n<meta property=\"og:type\" content=\"article\" \/>\n<meta property=\"og:title\" content=\"Koirakielt\u00e4 ja vauvakielt\u00e4 \u2013 Kieliluotsin lokikirja\" \/>\n<meta property=\"og:description\" content=\"En ole ikin\u00e4 oikein ymm\u00e4rt\u00e4nyt, miksi koirille ja vauvoille pit\u00e4\u00e4 l\u00e4ssytt\u00e4\u00e4. Kieli-ihmisen\u00e4 minua kuitenkin kiinnostaa tuo ilmi\u00f6.\" \/>\n<meta property=\"og:url\" content=\"https:\/\/www.kieliluotsi.fi\/lokikirja\/koirakielta-ja-vauvakielta\/\" \/>\n<meta property=\"og:site_name\" content=\"Kieliluotsin lokikirja\" \/>\n<meta property=\"article:published_time\" content=\"2017-08-21T15:15:52+00:00\" \/>\n<meta property=\"article:modified_time\" content=\"2020-04-25T18:38:28+00:00\" \/>\n<meta property=\"og:image\" content=\"https:\/\/www.kieliluotsi.fi\/lokikirja\/media\/2017\/08\/koira_ja_vauva.jpg\" \/>\n\t<meta property=\"og:image:width\" content=\"1000\" \/>\n\t<meta property=\"og:image:height\" content=\"750\" \/>\n\t<meta property=\"og:image:type\" content=\"image\/jpeg\" \/>\n<meta name=\"author\" content=\"Jutta Posti\" \/>\n<meta name=\"twitter:label1\" content=\"Kirjoittanut\" \/>\n\t<meta name=\"twitter:data1\" content=\"Jutta Posti\" \/>\n\t<meta name=\"twitter:label2\" content=\"Arvioitu lukuaika\" \/>\n\t<meta name=\"twitter:data2\" content=\"2 minuuttia\" \/>\n<script type=\"application\/ld+json\" class=\"yoast-schema-graph\">{\"@context\":\"https:\/\/schema.org\",\"@graph\":[{\"@type\":\"WebPage\",\"@id\":\"https:\/\/www.kieliluotsi.fi\/lokikirja\/koirakielta-ja-vauvakielta\/\",\"url\":\"https:\/\/www.kieliluotsi.fi\/lokikirja\/koirakielta-ja-vauvakielta\/\",\"name\":\"Koirakielt\u00e4 ja vauvakielt\u00e4 \u2013 Kieliluotsin lokikirja\",\"isPartOf\":{\"@id\":\"https:\/\/www.kieliluotsi.fi\/lokikirja\/#website\"},\"datePublished\":\"2017-08-21T15:15:52+00:00\",\"dateModified\":\"2020-04-25T18:38:28+00:00\",\"author\":{\"@id\":\"https:\/\/www.kieliluotsi.fi\/lokikirja\/#\/schema\/person\/be983f8146cb3edad975db1e1f487dc3\"},\"description\":\"En ole ikin\u00e4 oikein ymm\u00e4rt\u00e4nyt, miksi koirille ja vauvoille pit\u00e4\u00e4 l\u00e4ssytt\u00e4\u00e4. Kieli-ihmisen\u00e4 minua kuitenkin kiinnostaa tuo ilmi\u00f6.\",\"breadcrumb\":{\"@id\":\"https:\/\/www.kieliluotsi.fi\/lokikirja\/koirakielta-ja-vauvakielta\/#breadcrumb\"},\"inLanguage\":\"fi\",\"potentialAction\":[{\"@type\":\"ReadAction\",\"target\":[\"https:\/\/www.kieliluotsi.fi\/lokikirja\/koirakielta-ja-vauvakielta\/\"]}]},{\"@type\":\"BreadcrumbList\",\"@id\":\"https:\/\/www.kieliluotsi.fi\/lokikirja\/koirakielta-ja-vauvakielta\/#breadcrumb\",\"itemListElement\":[{\"@type\":\"ListItem\",\"position\":1,\"name\":\"Etusivu\",\"item\":\"https:\/\/www.kieliluotsi.fi\/lokikirja\/\"},{\"@type\":\"ListItem\",\"position\":2,\"name\":\"Koirakielt\u00e4 ja vauvakielt\u00e4\"}]},{\"@type\":\"WebSite\",\"@id\":\"https:\/\/www.kieliluotsi.fi\/lokikirja\/#website\",\"url\":\"https:\/\/www.kieliluotsi.fi\/lokikirja\/\",\"name\":\"Kieliluotsin lokikirja\",\"description\":\"havaintoja kielest\u00e4 ja sen ilmi\u00f6ist\u00e4\",\"potentialAction\":[{\"@type\":\"SearchAction\",\"target\":{\"@type\":\"EntryPoint\",\"urlTemplate\":\"https:\/\/www.kieliluotsi.fi\/lokikirja\/?s={search_term_string}\"},\"query-input\":\"required name=search_term_string\"}],\"inLanguage\":\"fi\"},{\"@type\":\"Person\",\"@id\":\"https:\/\/www.kieliluotsi.fi\/lokikirja\/#\/schema\/person\/be983f8146cb3edad975db1e1f487dc3\",\"name\":\"Jutta Posti\",\"image\":{\"@type\":\"ImageObject\",\"inLanguage\":\"fi\",\"@id\":\"https:\/\/www.kieliluotsi.fi\/lokikirja\/#\/schema\/person\/image\/\",\"url\":\"https:\/\/www.kieliluotsi.fi\/lokikirja\/media\/2017\/11\/Jutta-Posti_avatar_1511473595-96x96.jpg\",\"contentUrl\":\"https:\/\/www.kieliluotsi.fi\/lokikirja\/media\/2017\/11\/Jutta-Posti_avatar_1511473595-96x96.jpg\",\"caption\":\"Jutta Posti\"},\"description\":\"Jutta Posti (FM) on haminalainen humanisti ja kielifriikki. H\u00e4n on kielipalveluja tarjoavan Kieliluotsin perustaja ja kieliasiantuntija.\",\"sameAs\":[\"https:\/\/www.kieliluotsi.fi\"],\"url\":\"https:\/\/www.kieliluotsi.fi\/lokikirja\/author\/jutta_jarvansalo\/\"}]}<\/script>\n<!-- \/ Yoast SEO plugin. -->","yoast_head_json":{"title":"Koirakielt\u00e4 ja vauvakielt\u00e4 \u2013 Kieliluotsin lokikirja","description":"En ole ikin\u00e4 oikein ymm\u00e4rt\u00e4nyt, miksi koirille ja vauvoille pit\u00e4\u00e4 l\u00e4ssytt\u00e4\u00e4. Kieli-ihmisen\u00e4 minua kuitenkin kiinnostaa tuo ilmi\u00f6.","robots":{"index":"index","follow":"follow","max-snippet":"max-snippet:-1","max-image-preview":"max-image-preview:large","max-video-preview":"max-video-preview:-1"},"canonical":"https:\/\/www.kieliluotsi.fi\/lokikirja\/koirakielta-ja-vauvakielta\/","og_locale":"fi_FI","og_type":"article","og_title":"Koirakielt\u00e4 ja vauvakielt\u00e4 \u2013 Kieliluotsin lokikirja","og_description":"En ole ikin\u00e4 oikein ymm\u00e4rt\u00e4nyt, miksi koirille ja vauvoille pit\u00e4\u00e4 l\u00e4ssytt\u00e4\u00e4. Kieli-ihmisen\u00e4 minua kuitenkin kiinnostaa tuo ilmi\u00f6.","og_url":"https:\/\/www.kieliluotsi.fi\/lokikirja\/koirakielta-ja-vauvakielta\/","og_site_name":"Kieliluotsin lokikirja","article_published_time":"2017-08-21T15:15:52+00:00","article_modified_time":"2020-04-25T18:38:28+00:00","og_image":[{"width":1000,"height":750,"url":"https:\/\/www.kieliluotsi.fi\/lokikirja\/media\/2017\/08\/koira_ja_vauva.jpg","type":"image\/jpeg"}],"author":"Jutta Posti","twitter_misc":{"Kirjoittanut":"Jutta Posti","Arvioitu lukuaika":"2 minuuttia"},"schema":{"@context":"https:\/\/schema.org","@graph":[{"@type":"WebPage","@id":"https:\/\/www.kieliluotsi.fi\/lokikirja\/koirakielta-ja-vauvakielta\/","url":"https:\/\/www.kieliluotsi.fi\/lokikirja\/koirakielta-ja-vauvakielta\/","name":"Koirakielt\u00e4 ja vauvakielt\u00e4 \u2013 Kieliluotsin lokikirja","isPartOf":{"@id":"https:\/\/www.kieliluotsi.fi\/lokikirja\/#website"},"datePublished":"2017-08-21T15:15:52+00:00","dateModified":"2020-04-25T18:38:28+00:00","author":{"@id":"https:\/\/www.kieliluotsi.fi\/lokikirja\/#\/schema\/person\/be983f8146cb3edad975db1e1f487dc3"},"description":"En ole ikin\u00e4 oikein ymm\u00e4rt\u00e4nyt, miksi koirille ja vauvoille pit\u00e4\u00e4 l\u00e4ssytt\u00e4\u00e4. Kieli-ihmisen\u00e4 minua kuitenkin kiinnostaa tuo ilmi\u00f6.","breadcrumb":{"@id":"https:\/\/www.kieliluotsi.fi\/lokikirja\/koirakielta-ja-vauvakielta\/#breadcrumb"},"inLanguage":"fi","potentialAction":[{"@type":"ReadAction","target":["https:\/\/www.kieliluotsi.fi\/lokikirja\/koirakielta-ja-vauvakielta\/"]}]},{"@type":"BreadcrumbList","@id":"https:\/\/www.kieliluotsi.fi\/lokikirja\/koirakielta-ja-vauvakielta\/#breadcrumb","itemListElement":[{"@type":"ListItem","position":1,"name":"Etusivu","item":"https:\/\/www.kieliluotsi.fi\/lokikirja\/"},{"@type":"ListItem","position":2,"name":"Koirakielt\u00e4 ja vauvakielt\u00e4"}]},{"@type":"WebSite","@id":"https:\/\/www.kieliluotsi.fi\/lokikirja\/#website","url":"https:\/\/www.kieliluotsi.fi\/lokikirja\/","name":"Kieliluotsin lokikirja","description":"havaintoja kielest\u00e4 ja sen ilmi\u00f6ist\u00e4","potentialAction":[{"@type":"SearchAction","target":{"@type":"EntryPoint","urlTemplate":"https:\/\/www.kieliluotsi.fi\/lokikirja\/?s={search_term_string}"},"query-input":"required name=search_term_string"}],"inLanguage":"fi"},{"@type":"Person","@id":"https:\/\/www.kieliluotsi.fi\/lokikirja\/#\/schema\/person\/be983f8146cb3edad975db1e1f487dc3","name":"Jutta Posti","image":{"@type":"ImageObject","inLanguage":"fi","@id":"https:\/\/www.kieliluotsi.fi\/lokikirja\/#\/schema\/person\/image\/","url":"https:\/\/www.kieliluotsi.fi\/lokikirja\/media\/2017\/11\/Jutta-Posti_avatar_1511473595-96x96.jpg","contentUrl":"https:\/\/www.kieliluotsi.fi\/lokikirja\/media\/2017\/11\/Jutta-Posti_avatar_1511473595-96x96.jpg","caption":"Jutta Posti"},"description":"Jutta Posti (FM) on haminalainen humanisti ja kielifriikki. H\u00e4n on kielipalveluja tarjoavan Kieliluotsin perustaja ja kieliasiantuntija.","sameAs":["https:\/\/www.kieliluotsi.fi"],"url":"https:\/\/www.kieliluotsi.fi\/lokikirja\/author\/jutta_jarvansalo\/"}]}},"_links":{"self":[{"href":"https:\/\/www.kieliluotsi.fi\/lokikirja\/wp-json\/wp\/v2\/posts\/488"}],"collection":[{"href":"https:\/\/www.kieliluotsi.fi\/lokikirja\/wp-json\/wp\/v2\/posts"}],"about":[{"href":"https:\/\/www.kieliluotsi.fi\/lokikirja\/wp-json\/wp\/v2\/types\/post"}],"author":[{"embeddable":true,"href":"https:\/\/www.kieliluotsi.fi\/lokikirja\/wp-json\/wp\/v2\/users\/3"}],"replies":[{"embeddable":true,"href":"https:\/\/www.kieliluotsi.fi\/lokikirja\/wp-json\/wp\/v2\/comments?post=488"}],"version-history":[{"count":10,"href":"https:\/\/www.kieliluotsi.fi\/lokikirja\/wp-json\/wp\/v2\/posts\/488\/revisions"}],"predecessor-version":[{"id":1359,"href":"https:\/\/www.kieliluotsi.fi\/lokikirja\/wp-json\/wp\/v2\/posts\/488\/revisions\/1359"}],"wp:featuredmedia":[{"embeddable":true,"href":"https:\/\/www.kieliluotsi.fi\/lokikirja\/wp-json\/wp\/v2\/media\/490"}],"wp:attachment":[{"href":"https:\/\/www.kieliluotsi.fi\/lokikirja\/wp-json\/wp\/v2\/media?parent=488"}],"wp:term":[{"taxonomy":"category","embeddable":true,"href":"https:\/\/www.kieliluotsi.fi\/lokikirja\/wp-json\/wp\/v2\/categories?post=488"},{"taxonomy":"post_tag","embeddable":true,"href":"https:\/\/www.kieliluotsi.fi\/lokikirja\/wp-json\/wp\/v2\/tags?post=488"}],"curies":[{"name":"wp","href":"https:\/\/api.w.org\/{rel}","templated":true}]}}