{"id":494,"date":"2017-09-19T18:01:18","date_gmt":"2017-09-19T15:01:18","guid":{"rendered":"https:\/\/www.kieliluotsi.fi\/lokikirja\/?p=494"},"modified":"2018-03-05T14:02:46","modified_gmt":"2018-03-05T12:02:46","slug":"mies-ja-lautanen","status":"publish","type":"post","link":"https:\/\/www.kieliluotsi.fi\/lokikirja\/mies-ja-lautanen\/","title":{"rendered":"Mies ja lautanen"},"content":{"rendered":"<p>Suomessa on viime p\u00e4ivin\u00e4 virinnyt ehk\u00e4 jopa yll\u00e4tt\u00e4v\u00e4n kiihke\u00e4 kieliaiheinen keskustelu, kun <a href=\"https:\/\/www.aamulehti.fi\/paakirjoitukset\/olemme-paattaneet-olla-kaikki-ihmisia-200395971\/\">Aamulehti<\/a> ilmoitti aloittavansa kielellisesti sukupuolineutraalin linjan muun muassa tittelien suhteen.<\/p>\n<p><!--more--><\/p>\n<p>Ilmoitus on poikinut kommentteja puolesta ja vastaan sek\u00e4 poliitikoilta, kieli-ihmisilt\u00e4 ett\u00e4 tavallisilta tallaajilta. Asiaan tunnutaan suhtautuvan eritt\u00e4in jyrk\u00e4sti, olipa kyseess\u00e4 sitten kumman linjan kannattaja tahansa.<\/p>\n<h2>Muutos joka tapauksessa<\/h2>\n<p>Minun mielest\u00e4ni on oikeastaan ihan sama, onko jonkun titteli lakimies vai juristi tai palomies vai pelastaja. Kiinnostavampaa on tarkkailla, mill\u00e4 tavalla kieli muuttuu. Se nimitt\u00e4in muuttuu joka tapauksessa.<\/p>\n<p>Jos sukupuolineutraalit tittelit otetaan laajempaankin k\u00e4ytt\u00f6\u00f6n, kielen sanasto muuttuu. Jos taas vanhat tittelit kuitenkin jostakin syyst\u00e4 jatkavat voittokulkuaan, kieli muuttuu kaikesta huolimatta. Ai ett\u00e4 miten niin muka? Ainakin semanttisesti.<\/p>\n<h2>Lautasmalli<\/h2>\n<p><a href=\"https:\/\/www.kieliluotsi.fi\/lokikirja\/media\/2017\/09\/paloauto.jpg\"><img decoding=\"async\" loading=\"lazy\" class=\"aligncenter size-full wp-image-923\" src=\"https:\/\/www.kieliluotsi.fi\/lokikirja\/media\/2017\/09\/paloauto.jpg\" alt=\"Paloauto\" width=\"1500\" height=\"968\" srcset=\"https:\/\/www.kieliluotsi.fi\/lokikirja\/media\/2017\/09\/paloauto.jpg 1500w, https:\/\/www.kieliluotsi.fi\/lokikirja\/media\/2017\/09\/paloauto-300x194.jpg 300w, https:\/\/www.kieliluotsi.fi\/lokikirja\/media\/2017\/09\/paloauto-768x496.jpg 768w, https:\/\/www.kieliluotsi.fi\/lokikirja\/media\/2017\/09\/paloauto-1024x661.jpg 1024w, https:\/\/www.kieliluotsi.fi\/lokikirja\/media\/2017\/09\/paloauto-624x403.jpg 624w\" sizes=\"(max-width: 1500px) 100vw, 1500px\" \/><\/a>Sukupuolineutraalista kielest\u00e4 k\u00e4yt\u00e4v\u00e4\u00e4 keskustelua seuratessani mieless\u00e4ni on py\u00f6rinyt <em>lautanen<\/em>-sanan historia. Kysymyksess\u00e4 on nimitt\u00e4in melko lailla siihen rinnastettavissa oleva ilmi\u00f6. Lautanenhan oli aikoinaan pieni, neliskulmainen laudankappale, jonka p\u00e4\u00e4lt\u00e4 sy\u00f6tiin ruokaa.<\/p>\n<p>Vaikka lautanen esineen\u00e4 on muuttunut aikojen kuluessa sek\u00e4 materiaaliltaan ett\u00e4 muodoltaan, puhumme edelleen lautasesta sen vanhalla nimell\u00e4. Emme ehk\u00e4 edes tajua, ett\u00e4 lautasen nimess\u00e4 on jotakin ristiriitaista, mutta jos tajuamme, nimi kertoo meille my\u00f6s esineen historiasta: ennen vanhaan lautaset tosiaan olivat lautaa.<\/p>\n<p>Sama p\u00e4tee titteleihin, jos niit\u00e4 ei muuteta sukupuolineutraaleiksi: Joskus 80 vuoden p\u00e4\u00e4st\u00e4 saatetaan yh\u00e4 puhua palomiehist\u00e4, vaikka ammatissa toimisi hyvin paljon my\u00f6s naisia tai vaikka robotteja. Silloin ei ehk\u00e4 edes tajuta, ett\u00e4 titteliss\u00e4 mainitaan mies. Mutta jos joku tajuaa sen, nimi kertoo h\u00e4nelle my\u00f6s historiasta: ennen vanhaan palomiehet tosiaan olivat kaikki miehi\u00e4.<\/p>\n<h2>Semantiikka kunniaan<\/h2>\n<p>Oikeastaan minua kiehtoo ajatus, ett\u00e4 tuo sukupuolineutraaliin kielenk\u00e4ytt\u00f6\u00f6n siirtyminen ei saavuttaisikaan suurta suosiota. Siin\u00e4 tapauksessa suomen kieli s\u00e4ilytt\u00e4isi samalla Suomen historiaa tehokkaammin ja n\u00e4kyv\u00e4mmin kuin silloin, jos sanastoa muutetaan kovin usein. Tietoa vanhoista tavoista ja k\u00e4yt\u00e4nn\u00f6ist\u00e4 siirtyisi j\u00e4lkipolville ik\u00e4\u00e4n kuin vahingossa.<\/p>\n<p>Kieli on el\u00e4v\u00e4\u00e4 ja muuttuvaista joka tapauksessa, my\u00f6s ihmisten huomaamatta. Siksi kielen omille muutoksille olisi hyv\u00e4 j\u00e4tt\u00e4\u00e4 tilaa.<\/p>\n<div id=\"attachment_496\" style=\"width: 1010px\" class=\"wp-caption aligncenter\"><a href=\"https:\/\/www.kieliluotsi.fi\/lokikirja\/media\/2017\/09\/postimies_autossa.jpg\"><img aria-describedby=\"caption-attachment-496\" decoding=\"async\" loading=\"lazy\" class=\"wp-image-496 size-full\" src=\"https:\/\/www.kieliluotsi.fi\/lokikirja\/media\/2017\/09\/postimies_autossa.jpg\" alt=\"Postimies autossa\" width=\"1000\" height=\"750\" srcset=\"https:\/\/www.kieliluotsi.fi\/lokikirja\/media\/2017\/09\/postimies_autossa.jpg 1000w, https:\/\/www.kieliluotsi.fi\/lokikirja\/media\/2017\/09\/postimies_autossa-300x225.jpg 300w, https:\/\/www.kieliluotsi.fi\/lokikirja\/media\/2017\/09\/postimies_autossa-768x576.jpg 768w, https:\/\/www.kieliluotsi.fi\/lokikirja\/media\/2017\/09\/postimies_autossa-624x468.jpg 624w\" sizes=\"(max-width: 1000px) 100vw, 1000px\" \/><\/a><p id=\"caption-attachment-496\" class=\"wp-caption-text\">K\u00e4yk\u00f6 teill\u00e4 postimies vai postinainen? Vai postinkantaja?<\/p><\/div>\n","protected":false},"excerpt":{"rendered":"<p>Suomessa on viime p\u00e4ivin\u00e4 virinnyt ehk\u00e4 jopa yll\u00e4tt\u00e4v\u00e4n kiihke\u00e4 kieliaiheinen keskustelu, kun Aamulehti ilmoitti aloittavansa kielellisesti sukupuolineutraalin linjan muun muassa tittelien suhteen.<\/p>\n","protected":false},"author":3,"featured_media":496,"comment_status":"open","ping_status":"open","sticky":false,"template":"","format":"standard","meta":[],"categories":[1],"tags":[9,162,240,54],"yoast_head":"<!-- This site is optimized with the Yoast SEO plugin v20.13 - https:\/\/yoast.com\/wordpress\/plugins\/seo\/ -->\n<title>Mies ja lautanen \u2013 Kieliluotsin lokikirja<\/title>\n<meta name=\"description\" content=\"Suomessa on virinnyt yll\u00e4tt\u00e4v\u00e4n kiihke\u00e4 kieliaiheinen keskustelu, kun Aamulehti ilmoitti aloittavansa kielellisesti sukupuolineutraalin linjan.\" \/>\n<meta name=\"robots\" content=\"index, follow, max-snippet:-1, max-image-preview:large, max-video-preview:-1\" \/>\n<link rel=\"canonical\" href=\"https:\/\/www.kieliluotsi.fi\/lokikirja\/mies-ja-lautanen\/\" \/>\n<meta property=\"og:locale\" content=\"fi_FI\" \/>\n<meta property=\"og:type\" content=\"article\" \/>\n<meta property=\"og:title\" content=\"Mies ja lautanen \u2013 Kieliluotsin lokikirja\" \/>\n<meta property=\"og:description\" content=\"Suomessa on virinnyt yll\u00e4tt\u00e4v\u00e4n kiihke\u00e4 kieliaiheinen keskustelu, kun Aamulehti ilmoitti aloittavansa kielellisesti sukupuolineutraalin linjan.\" \/>\n<meta property=\"og:url\" content=\"https:\/\/www.kieliluotsi.fi\/lokikirja\/mies-ja-lautanen\/\" \/>\n<meta property=\"og:site_name\" content=\"Kieliluotsin lokikirja\" \/>\n<meta property=\"article:published_time\" content=\"2017-09-19T15:01:18+00:00\" \/>\n<meta property=\"article:modified_time\" content=\"2018-03-05T12:02:46+00:00\" \/>\n<meta property=\"og:image\" content=\"https:\/\/www.kieliluotsi.fi\/lokikirja\/media\/2017\/09\/postimies_autossa.jpg\" \/>\n\t<meta property=\"og:image:width\" content=\"1000\" \/>\n\t<meta property=\"og:image:height\" content=\"750\" \/>\n\t<meta property=\"og:image:type\" content=\"image\/jpeg\" \/>\n<meta name=\"author\" content=\"Jutta Posti\" \/>\n<meta name=\"twitter:label1\" content=\"Kirjoittanut\" \/>\n\t<meta name=\"twitter:data1\" content=\"Jutta Posti\" \/>\n\t<meta name=\"twitter:label2\" content=\"Arvioitu lukuaika\" \/>\n\t<meta name=\"twitter:data2\" content=\"2 minuuttia\" \/>\n<script type=\"application\/ld+json\" class=\"yoast-schema-graph\">{\"@context\":\"https:\/\/schema.org\",\"@graph\":[{\"@type\":\"WebPage\",\"@id\":\"https:\/\/www.kieliluotsi.fi\/lokikirja\/mies-ja-lautanen\/\",\"url\":\"https:\/\/www.kieliluotsi.fi\/lokikirja\/mies-ja-lautanen\/\",\"name\":\"Mies ja lautanen \u2013 Kieliluotsin lokikirja\",\"isPartOf\":{\"@id\":\"https:\/\/www.kieliluotsi.fi\/lokikirja\/#website\"},\"datePublished\":\"2017-09-19T15:01:18+00:00\",\"dateModified\":\"2018-03-05T12:02:46+00:00\",\"author\":{\"@id\":\"https:\/\/www.kieliluotsi.fi\/lokikirja\/#\/schema\/person\/be983f8146cb3edad975db1e1f487dc3\"},\"description\":\"Suomessa on virinnyt yll\u00e4tt\u00e4v\u00e4n kiihke\u00e4 kieliaiheinen keskustelu, kun Aamulehti ilmoitti aloittavansa kielellisesti sukupuolineutraalin linjan.\",\"breadcrumb\":{\"@id\":\"https:\/\/www.kieliluotsi.fi\/lokikirja\/mies-ja-lautanen\/#breadcrumb\"},\"inLanguage\":\"fi\",\"potentialAction\":[{\"@type\":\"ReadAction\",\"target\":[\"https:\/\/www.kieliluotsi.fi\/lokikirja\/mies-ja-lautanen\/\"]}]},{\"@type\":\"BreadcrumbList\",\"@id\":\"https:\/\/www.kieliluotsi.fi\/lokikirja\/mies-ja-lautanen\/#breadcrumb\",\"itemListElement\":[{\"@type\":\"ListItem\",\"position\":1,\"name\":\"Etusivu\",\"item\":\"https:\/\/www.kieliluotsi.fi\/lokikirja\/\"},{\"@type\":\"ListItem\",\"position\":2,\"name\":\"Mies ja lautanen\"}]},{\"@type\":\"WebSite\",\"@id\":\"https:\/\/www.kieliluotsi.fi\/lokikirja\/#website\",\"url\":\"https:\/\/www.kieliluotsi.fi\/lokikirja\/\",\"name\":\"Kieliluotsin lokikirja\",\"description\":\"havaintoja kielest\u00e4 ja sen ilmi\u00f6ist\u00e4\",\"potentialAction\":[{\"@type\":\"SearchAction\",\"target\":{\"@type\":\"EntryPoint\",\"urlTemplate\":\"https:\/\/www.kieliluotsi.fi\/lokikirja\/?s={search_term_string}\"},\"query-input\":\"required name=search_term_string\"}],\"inLanguage\":\"fi\"},{\"@type\":\"Person\",\"@id\":\"https:\/\/www.kieliluotsi.fi\/lokikirja\/#\/schema\/person\/be983f8146cb3edad975db1e1f487dc3\",\"name\":\"Jutta Posti\",\"image\":{\"@type\":\"ImageObject\",\"inLanguage\":\"fi\",\"@id\":\"https:\/\/www.kieliluotsi.fi\/lokikirja\/#\/schema\/person\/image\/\",\"url\":\"https:\/\/www.kieliluotsi.fi\/lokikirja\/media\/2017\/11\/Jutta-Posti_avatar_1511473595-96x96.jpg\",\"contentUrl\":\"https:\/\/www.kieliluotsi.fi\/lokikirja\/media\/2017\/11\/Jutta-Posti_avatar_1511473595-96x96.jpg\",\"caption\":\"Jutta Posti\"},\"description\":\"Jutta Posti (FM) on haminalainen humanisti ja kielifriikki. H\u00e4n on kielipalveluja tarjoavan Kieliluotsin perustaja ja kieliasiantuntija.\",\"sameAs\":[\"https:\/\/www.kieliluotsi.fi\"],\"url\":\"https:\/\/www.kieliluotsi.fi\/lokikirja\/author\/jutta_jarvansalo\/\"}]}<\/script>\n<!-- \/ Yoast SEO plugin. -->","yoast_head_json":{"title":"Mies ja lautanen \u2013 Kieliluotsin lokikirja","description":"Suomessa on virinnyt yll\u00e4tt\u00e4v\u00e4n kiihke\u00e4 kieliaiheinen keskustelu, kun Aamulehti ilmoitti aloittavansa kielellisesti sukupuolineutraalin linjan.","robots":{"index":"index","follow":"follow","max-snippet":"max-snippet:-1","max-image-preview":"max-image-preview:large","max-video-preview":"max-video-preview:-1"},"canonical":"https:\/\/www.kieliluotsi.fi\/lokikirja\/mies-ja-lautanen\/","og_locale":"fi_FI","og_type":"article","og_title":"Mies ja lautanen \u2013 Kieliluotsin lokikirja","og_description":"Suomessa on virinnyt yll\u00e4tt\u00e4v\u00e4n kiihke\u00e4 kieliaiheinen keskustelu, kun Aamulehti ilmoitti aloittavansa kielellisesti sukupuolineutraalin linjan.","og_url":"https:\/\/www.kieliluotsi.fi\/lokikirja\/mies-ja-lautanen\/","og_site_name":"Kieliluotsin lokikirja","article_published_time":"2017-09-19T15:01:18+00:00","article_modified_time":"2018-03-05T12:02:46+00:00","og_image":[{"width":1000,"height":750,"url":"https:\/\/www.kieliluotsi.fi\/lokikirja\/media\/2017\/09\/postimies_autossa.jpg","type":"image\/jpeg"}],"author":"Jutta Posti","twitter_misc":{"Kirjoittanut":"Jutta Posti","Arvioitu lukuaika":"2 minuuttia"},"schema":{"@context":"https:\/\/schema.org","@graph":[{"@type":"WebPage","@id":"https:\/\/www.kieliluotsi.fi\/lokikirja\/mies-ja-lautanen\/","url":"https:\/\/www.kieliluotsi.fi\/lokikirja\/mies-ja-lautanen\/","name":"Mies ja lautanen \u2013 Kieliluotsin lokikirja","isPartOf":{"@id":"https:\/\/www.kieliluotsi.fi\/lokikirja\/#website"},"datePublished":"2017-09-19T15:01:18+00:00","dateModified":"2018-03-05T12:02:46+00:00","author":{"@id":"https:\/\/www.kieliluotsi.fi\/lokikirja\/#\/schema\/person\/be983f8146cb3edad975db1e1f487dc3"},"description":"Suomessa on virinnyt yll\u00e4tt\u00e4v\u00e4n kiihke\u00e4 kieliaiheinen keskustelu, kun Aamulehti ilmoitti aloittavansa kielellisesti sukupuolineutraalin linjan.","breadcrumb":{"@id":"https:\/\/www.kieliluotsi.fi\/lokikirja\/mies-ja-lautanen\/#breadcrumb"},"inLanguage":"fi","potentialAction":[{"@type":"ReadAction","target":["https:\/\/www.kieliluotsi.fi\/lokikirja\/mies-ja-lautanen\/"]}]},{"@type":"BreadcrumbList","@id":"https:\/\/www.kieliluotsi.fi\/lokikirja\/mies-ja-lautanen\/#breadcrumb","itemListElement":[{"@type":"ListItem","position":1,"name":"Etusivu","item":"https:\/\/www.kieliluotsi.fi\/lokikirja\/"},{"@type":"ListItem","position":2,"name":"Mies ja lautanen"}]},{"@type":"WebSite","@id":"https:\/\/www.kieliluotsi.fi\/lokikirja\/#website","url":"https:\/\/www.kieliluotsi.fi\/lokikirja\/","name":"Kieliluotsin lokikirja","description":"havaintoja kielest\u00e4 ja sen ilmi\u00f6ist\u00e4","potentialAction":[{"@type":"SearchAction","target":{"@type":"EntryPoint","urlTemplate":"https:\/\/www.kieliluotsi.fi\/lokikirja\/?s={search_term_string}"},"query-input":"required name=search_term_string"}],"inLanguage":"fi"},{"@type":"Person","@id":"https:\/\/www.kieliluotsi.fi\/lokikirja\/#\/schema\/person\/be983f8146cb3edad975db1e1f487dc3","name":"Jutta Posti","image":{"@type":"ImageObject","inLanguage":"fi","@id":"https:\/\/www.kieliluotsi.fi\/lokikirja\/#\/schema\/person\/image\/","url":"https:\/\/www.kieliluotsi.fi\/lokikirja\/media\/2017\/11\/Jutta-Posti_avatar_1511473595-96x96.jpg","contentUrl":"https:\/\/www.kieliluotsi.fi\/lokikirja\/media\/2017\/11\/Jutta-Posti_avatar_1511473595-96x96.jpg","caption":"Jutta Posti"},"description":"Jutta Posti (FM) on haminalainen humanisti ja kielifriikki. H\u00e4n on kielipalveluja tarjoavan Kieliluotsin perustaja ja kieliasiantuntija.","sameAs":["https:\/\/www.kieliluotsi.fi"],"url":"https:\/\/www.kieliluotsi.fi\/lokikirja\/author\/jutta_jarvansalo\/"}]}},"_links":{"self":[{"href":"https:\/\/www.kieliluotsi.fi\/lokikirja\/wp-json\/wp\/v2\/posts\/494"}],"collection":[{"href":"https:\/\/www.kieliluotsi.fi\/lokikirja\/wp-json\/wp\/v2\/posts"}],"about":[{"href":"https:\/\/www.kieliluotsi.fi\/lokikirja\/wp-json\/wp\/v2\/types\/post"}],"author":[{"embeddable":true,"href":"https:\/\/www.kieliluotsi.fi\/lokikirja\/wp-json\/wp\/v2\/users\/3"}],"replies":[{"embeddable":true,"href":"https:\/\/www.kieliluotsi.fi\/lokikirja\/wp-json\/wp\/v2\/comments?post=494"}],"version-history":[{"count":7,"href":"https:\/\/www.kieliluotsi.fi\/lokikirja\/wp-json\/wp\/v2\/posts\/494\/revisions"}],"predecessor-version":[{"id":1077,"href":"https:\/\/www.kieliluotsi.fi\/lokikirja\/wp-json\/wp\/v2\/posts\/494\/revisions\/1077"}],"wp:featuredmedia":[{"embeddable":true,"href":"https:\/\/www.kieliluotsi.fi\/lokikirja\/wp-json\/wp\/v2\/media\/496"}],"wp:attachment":[{"href":"https:\/\/www.kieliluotsi.fi\/lokikirja\/wp-json\/wp\/v2\/media?parent=494"}],"wp:term":[{"taxonomy":"category","embeddable":true,"href":"https:\/\/www.kieliluotsi.fi\/lokikirja\/wp-json\/wp\/v2\/categories?post=494"},{"taxonomy":"post_tag","embeddable":true,"href":"https:\/\/www.kieliluotsi.fi\/lokikirja\/wp-json\/wp\/v2\/tags?post=494"}],"curies":[{"name":"wp","href":"https:\/\/api.w.org\/{rel}","templated":true}]}}